{"id":27590,"date":"2026-09-05T21:11:36","date_gmt":"2026-09-05T19:11:36","guid":{"rendered":"https:\/\/strachocin.archidiecezja.wroc.pl\/?p=27590"},"modified":"2026-09-05T21:11:40","modified_gmt":"2026-09-05T19:11:40","slug":"ogloszenia-parafialne-23-niedziela-zwykla-6-wrzesnia-2026-r","status":"publish","type":"post","link":"https:\/\/strachocin.archidiecezja.wroc.pl\/?p=27590","title":{"rendered":"OG\u0141OSZENIA PARAFIALNE  &#8211; 23 Niedziela Zwyk\u0142a &#8211; 6 wrze\u015bnia 2026 r."},"content":{"rendered":"\n<ol>\n<li>Dzi\u015b:<\/li>\n<\/ol>\n\n\n\n<ul>\n<li>po Mszy \u015bw. o godz. 12.30 spotkanie rodzic\u00f3w dzieci komunijnych oraz wczesnokomunijnych,<\/li>\n\n\n\n<li>o godz. 14.00 rozpocznie si\u0119 Diecezjalna Pielgrzymka Ruchu \u015awiat\u0142o-Zycie,<\/li>\n\n\n\n<li>o godz. 16.00 Msza \u015bw. pod przewodnictwem ks. Bpa Macieja Ma\u0142ygi,<\/li>\n\n\n\n<li>o godz. 19.00 spotkanie kandydat\u00f3w do bierzmowania (grupa m\u0142odsza).<\/li>\n<\/ul>\n\n\n\n<ol>\n<li>Adoracja Naj\u015bwi\u0119tszego Sakramentu:<\/li>\n<\/ol>\n\n\n\n<ul>\n<li>w poniedzia\u0142ek, wtorek i \u015brod\u0119 od Mszy \u015bw. wieczornej do 21.30,<\/li>\n\n\n\n<li>w czwartek od 15.00 do 18.00.<br>We wtorek podczas adoracji dy\u017cur modlitwy wstawienniczej.<\/li>\n<\/ul>\n\n\n\n<ol>\n<li>Mamy z ma\u0142ymi dzie\u0107mi zapraszamy na spotkanie Kawa z Maryj\u0105 we wtorek o godz. 10.00.<\/li>\n\n\n\n<li>M\u0142odszych ministrant\u00f3w oraz kandydat\u00f3w na ministrant\u00f3w zapraszamy na spotkanie we wtorek po Mszy \u015bw. wieczornej. Zaproszenie kierujemy szczeg\u00f3lnie do uczni\u00f3w klas czwartych.<\/li>\n\n\n\n<li>Wsp\u00f3lnota Emaus zaprasza na modlitw\u0119 uwielbienia w czwartek o godz. 19.00.<\/li>\n\n\n\n<li>Dzieci i m\u0142odzie\u017c zapraszamy na Msz\u0119 \u015bw. i spotkania w pi\u0105tek o godz. 18.00<br>Spotkania odbywaj\u0105 si\u0119 w r\u00f3\u017cnych grudach wiekowych pocz\u0105wszy od 4. roku \u017cycia. Szczeg\u00f3\u0142owe informacje b\u0119d\u0105 podane w pi\u0105tek.<\/li>\n\n\n\n<li>R\u00f3\u017ce \u017bywego R\u00f3\u017ca\u0144ca zapraszamy na spotkanie w sobot\u0119 12 wrze\u015bnia po Mszy \u015bw. o 9.00.<\/li>\n\n\n\n<li>Uczni\u00f3w klas \u00f3smych oraz starszych, kt\u00f3rzy chc\u0105 rozpocz\u0105\u0107 przygotowanie do bierzmowania, zapraszamy na spotkanie w niedziel\u0119 13 wrze\u015bnia o godz. 19.00. Natomiast najstarsz\u0105 grup\u0119 zapraszamy w niedziel\u0119 20 wrze\u015bnia o godz. 19.00.<\/li>\n\n\n\n<li>Zaproszenie dla wszystkich ojc\u00f3w: Zraszamy na Warsztat dla Ojc\u00f3w pt. \u201eTato, jak budowa\u0107 relacje? Misja Empatia\u201d Warsztat odb\u0119dzie si\u0119 we wtorek 15 wrze\u015bnia o godz. 19.00 w kawiarence parafialnej. Wi\u0119cej informacji na plakacie.<\/li>\n\n\n\n<li>Trwaj\u0105 jeszcze zapisy na kurs pisania ikon dla pocz\u0105tkuj\u0105cych. Pierwsze spotkanie odb\u0119dzie si\u0119 18 wrze\u015bnia.<\/li>\n\n\n\n<li>Rodzic\u00f3w zapraszamy do udzia\u0142u w cyklu warsztat\u00f3w umiej\u0119tno\u015bci wychowawczych z Pani\u0105 Mari\u0105 Berli\u0144sk\u0105. Pierwsze spotkanie w pi\u0105tek 25 wrze\u015bnia.<\/li>\n\n\n\n<li>Zapraszamy na spotkanie w ramach Kursu Biblijnego w \u015brod\u0119 30 wrze\u015bnia o godz. 19.00. Us\u0142yszymy wyk\u0142ad ks. Mariusza Rosika pt. Starotestamentalne t\u0142o Eucharystii.<\/li>\n\n\n\n<li>M\u0119\u017cczyzn zapraszamy na Weekend Charaktetu 4-tego Muszkietera od 8 do 10 pa\u017adziernika. Szczeg\u00f3\u0142y na ulotkach oraz na stronie 4muszkieter.pl.<\/li>\n\n\n\n<li>W przysz\u0142\u0105 niedziel\u0119 obchodzi\u0107 b\u0119dziemy Odpust Parafialny. Uroczysta Msza \u015bw. pod przewodnictwem ks. bpa Jacka Kici\u0144skiego o godz. 12.30. Po Mszy \u015bw. zapraszamy na piknik. Bardzo prosimy o przyniesienie ciast na wsp\u00f3lne \u015bwi\u0119towanie.<\/li>\n<\/ol>\n","protected":false},"excerpt":{"rendered":"","protected":false},"author":2,"featured_media":25071,"comment_status":"closed","ping_status":"open","sticky":false,"template":"","format":"standard","meta":{"_uag_custom_page_level_css":"","ngg_post_thumbnail":0,"footnotes":""},"categories":[10],"tags":[],"jetpack_featured_media_url":"https:\/\/i0.wp.com\/strachocin.archidiecezja.wroc.pl\/wp-content\/uploads\/2023\/03\/ogloszenia-parafia.png?fit=615%2C664&ssl=1","uagb_featured_image_src":{"full":["https:\/\/i0.wp.com\/strachocin.archidiecezja.wroc.pl\/wp-content\/uploads\/2023\/03\/ogloszenia-parafia.png?fit=615%2C664&ssl=1",615,664,false],"thumbnail":["https:\/\/i0.wp.com\/strachocin.archidiecezja.wroc.pl\/wp-content\/uploads\/2023\/03\/ogloszenia-parafia.png?resize=150%2C150&ssl=1",150,150,true],"medium":["https:\/\/i0.wp.com\/strachocin.archidiecezja.wroc.pl\/wp-content\/uploads\/2023\/03\/ogloszenia-parafia.png?fit=278%2C300&ssl=1",278,300,true],"medium_large":["https:\/\/i0.wp.com\/strachocin.archidiecezja.wroc.pl\/wp-content\/uploads\/2023\/03\/ogloszenia-parafia.png?fit=615%2C664&ssl=1",615,664,true],"large":["https:\/\/i0.wp.com\/strachocin.archidiecezja.wroc.pl\/wp-content\/uploads\/2023\/03\/ogloszenia-parafia.png?fit=615%2C664&ssl=1",615,664,true],"1536x1536":["https:\/\/i0.wp.com\/strachocin.archidiecezja.wroc.pl\/wp-content\/uploads\/2023\/03\/ogloszenia-parafia.png?fit=615%2C664&ssl=1",615,664,true],"2048x2048":["https:\/\/i0.wp.com\/strachocin.archidiecezja.wroc.pl\/wp-content\/uploads\/2023\/03\/ogloszenia-parafia.png?fit=615%2C664&ssl=1",615,664,true],"hestia-blog":["https:\/\/i0.wp.com\/strachocin.archidiecezja.wroc.pl\/wp-content\/uploads\/2023\/03\/ogloszenia-parafia.png?resize=360%2C240&ssl=1",360,240,true]},"uagb_author_info":{"display_name":"Proboszcz","author_link":"https:\/\/strachocin.archidiecezja.wroc.pl\/?author=2"},"uagb_comment_info":0,"uagb_excerpt":null,"_links":{"self":[{"href":"https:\/\/strachocin.archidiecezja.wroc.pl\/index.php?rest_route=\/wp\/v2\/posts\/27590"}],"collection":[{"href":"https:\/\/strachocin.archidiecezja.wroc.pl\/index.php?rest_route=\/wp\/v2\/posts"}],"about":[{"href":"https:\/\/strachocin.archidiecezja.wroc.pl\/index.php?rest_route=\/wp\/v2\/types\/post"}],"author":[{"embeddable":true,"href":"https:\/\/strachocin.archidiecezja.wroc.pl\/index.php?rest_route=\/wp\/v2\/users\/2"}],"replies":[{"embeddable":true,"href":"https:\/\/strachocin.archidiecezja.wroc.pl\/index.php?rest_route=%2Fwp%2Fv2%2Fcomments&post=27590"}],"version-history":[{"count":1,"href":"https:\/\/strachocin.archidiecezja.wroc.pl\/index.php?rest_route=\/wp\/v2\/posts\/27590\/revisions"}],"predecessor-version":[{"id":27591,"href":"https:\/\/strachocin.archidiecezja.wroc.pl\/index.php?rest_route=\/wp\/v2\/posts\/27590\/revisions\/27591"}],"wp:featuredmedia":[{"embeddable":true,"href":"https:\/\/strachocin.archidiecezja.wroc.pl\/index.php?rest_route=\/wp\/v2\/media\/25071"}],"wp:attachment":[{"href":"https:\/\/strachocin.archidiecezja.wroc.pl\/index.php?rest_route=%2Fwp%2Fv2%2Fmedia&parent=27590"}],"wp:term":[{"taxonomy":"category","embeddable":true,"href":"https:\/\/strachocin.archidiecezja.wroc.pl\/index.php?rest_route=%2Fwp%2Fv2%2Fcategories&post=27590"},{"taxonomy":"post_tag","embeddable":true,"href":"https:\/\/strachocin.archidiecezja.wroc.pl\/index.php?rest_route=%2Fwp%2Fv2%2Ftags&post=27590"}],"curies":[{"name":"wp","href":"https:\/\/api.w.org\/{rel}","templated":true}]}}