{"id":27588,"date":"2026-09-05T21:10:15","date_gmt":"2026-09-05T19:10:15","guid":{"rendered":"https:\/\/strachocin.archidiecezja.wroc.pl\/?p=27588"},"modified":"2026-09-05T21:10:21","modified_gmt":"2026-09-05T19:10:21","slug":"intencje-mszalne-23-tydzien-zwykly-06-13-09-2026","status":"publish","type":"post","link":"https:\/\/strachocin.archidiecezja.wroc.pl\/?p=27588","title":{"rendered":"INTENCJE MSZALNE &#8211;  23 Tydzie\u0144 Zwyk\u0142y 06-13.09.2026"},"content":{"rendered":"\n<p><strong>Niedziela, 6 wrze\u015bnia. Dwudziesta trzecia niedziela zwyk\u0142a<\/strong><br>08:00 ++ Stanis\u0142awa (ona) i Marian So\u0107ko oraz ++ z rodziny<br>09:30 O Bo\u017ce b\u0142og. dla Jurka w 8 rocznic\u0119 urodzin<br>09:30 O Bo\u017ce b\u0142og. dla Wsp\u00f3lnoty \u017bywego R\u00f3\u017ca\u0144ca<br>11:00 + Bogus\u0142aw Siciarz &#8211; 23 rocznica \u015bmierci<br>11:00 O Bo\u017ce b\u0142og. dla Eweliny i Przemys\u0142awa w 24 rocznic\u0119 \u015blubu<br>12:30 O Bo\u017ce b\u0142og. dla dzieci wczesnokomunijnych<br>16:00 + Stanis\u0142aw &#8211; 6 Msza gregoria\u0144ska<br>18:00 + Kazimiera Korbas &#8211; 19 rocznica \u015bmierci oraz ++ z rodziny<br>20:00 O Bo\u017ce b\u0142og. dla Dominiki i Marcina w 5 rocznic\u0119 \u015blubu oraz dla ich dziecka<\/p>\n\n\n\n<p><strong>Poniedzia\u0142ek, 7 wrze\u015bnia<\/strong><br>09:00 ++ Zofia, Czes\u0142aw, Irena, Teresa, ich ++ rodze\u0144stwo i rodzice oraz o zdrowie dla Ryszarda<br>18:00 + Stanis\u0142aw &#8211; 7 Msza gregoria\u0144ska<br>18:00 O Bo\u017ce b\u0142og. dla Karoliny i Wojciecha Serwatka w 24 rocznic\u0119 \u015blubu<\/p>\n\n\n\n<p><strong>Wtorek, 8 wrze\u015bnia. \u015awi\u0119to Narodzenia NMP<\/strong><br>09:00 + Stanis\u0142aw &#8211; 28 rocznica \u015bmierci, ++ Janina, Stefan, Alfred, Czes\u0142awa (ona) oraz ++ z rodziny<br>18:00 + Stanis\u0142aw &#8211; 8 Msza gregoria\u0144ska<\/p>\n\n\n\n<p><strong>\u015aroda, 9 wrze\u015bnia<\/strong><br>09:00 O Bo\u017ce b\u0142og. opiek\u0119 Matki Bo\u017cej i \u015aw. J\u00f3zefa dla Anny i Janusza w 46 rocznic\u0119 \u015blubu oraz w intencji Panu Bogu wiadomej<br>18:00 Stanis\u0142aw &#8211; 9 Msza gregoria\u0144ska<\/p>\n\n\n\n<p><strong>Czwartek, 10 wrze\u015bnia<\/strong><br>09:00 O Bo\u017ce b\u0142og. i zdrowie dla Jacka<br>18:00 + Stanis\u0142aw &#8211; 10 Msza gregoria\u0144ska<br>18:00 + Zdzis\u0142aw &#8211; 12 rocznica \u015bmierci<\/p>\n\n\n\n<p><strong>Pi\u0105tek, 11 wrze\u015bnia<\/strong><br>09:00 \u2026\u2026\u2026\u2026\u2026\u2026<br>18:00 + Stanis\u0142aw &#8211; 11 Msza gregoria\u0144ska<\/p>\n\n\n\n<p><strong>Sobota, 12 wrze\u015bnia. Naj\u015bwi\u0119tszego Imienia Maryi<\/strong><br>09:00 O Bo\u017ce b\u0142og. dla Natalki w 1 rocznic\u0119 urodzin oraz dla Kacpra w 2 rocznic\u0119 urodzin i dla rodzic\u00f3w i chrzestnych<br>09:00 O Bo\u017ce b\u0142og. dla Joanny i Piotra z okazji urodzin<br>18:00 + Stanis\u0142aw &#8211; 12 Msza gregoria\u0144ska<br>18:00 + Janina Siciarz &#8211; Danielewska &#8211; 2 rocznica \u015bmierci, + Bogus\u0142aw Danielewski &#8211; 2 rocznica \u015bmierci<\/p>\n\n\n\n<p><strong>NIEDZIELA, 13 wrze\u015bnia. Dwudziesta czwarta niedziela zwyk\u0142a<\/strong><br>08:00 ++ rodzice Maria i W\u0142adys\u0142aw Zimniak, + siostra Danuta oraz o Bo\u017ce b\u0142og. w rodzinie<br>09:30 + Stanis\u0142aw &#8211; 13 Msza gregoria\u0144ska<br>09:30 + Dariusz B\u0142aszczyk<br>11:00 + Lucyna oraz ++ z rodziny<br>12:30 Za Parafian<br>12:30 O Bo\u017ce b\u0142og. dla Aleksandry z okazji urodzin<br>18:00 W intencji Ko\u015bcio\u0142a, Ojczyzny, Ojca \u015awi\u0119tego, Radia Maryja i Telewizji Trwam oraz wszystkich dzie\u0142 przy nich powsta\u0142ych<br>20:00 + Andrzej Senczyno &#8211; 7 rocznica \u015bmierci<\/p>\n","protected":false},"excerpt":{"rendered":"<p>Niedziela, 6 wrze\u015bnia. Dwudziesta trzecia niedziela zwyk\u0142a08:00 ++ Stanis\u0142awa (ona) i Marian So\u0107ko oraz ++ z rodziny09:30 O Bo\u017ce b\u0142og. dla Jurka w 8 rocznic\u0119 urodzin09:30 O Bo\u017ce b\u0142og. dla Wsp\u00f3lnoty \u017bywego R\u00f3\u017ca\u0144ca11:00 + Bogus\u0142aw Siciarz &#8211; 23 rocznica \u015bmierci11:00 O Bo\u017ce b\u0142og. dla Eweliny i Przemys\u0142awa w 24 rocznic\u0119 [&hellip;]<\/p>\n","protected":false},"author":2,"featured_media":25073,"comment_status":"closed","ping_status":"open","sticky":false,"template":"","format":"standard","meta":{"_uag_custom_page_level_css":"","ngg_post_thumbnail":0,"footnotes":""},"categories":[11],"tags":[],"jetpack_featured_media_url":"https:\/\/i0.wp.com\/strachocin.archidiecezja.wroc.pl\/wp-content\/uploads\/2023\/01\/intencje.png?fit=450%2C450&ssl=1","uagb_featured_image_src":{"full":["https:\/\/i0.wp.com\/strachocin.archidiecezja.wroc.pl\/wp-content\/uploads\/2023\/01\/intencje.png?fit=450%2C450&ssl=1",450,450,false],"thumbnail":["https:\/\/i0.wp.com\/strachocin.archidiecezja.wroc.pl\/wp-content\/uploads\/2023\/01\/intencje.png?resize=150%2C150&ssl=1",150,150,true],"medium":["https:\/\/i0.wp.com\/strachocin.archidiecezja.wroc.pl\/wp-content\/uploads\/2023\/01\/intencje.png?fit=300%2C300&ssl=1",300,300,true],"medium_large":["https:\/\/i0.wp.com\/strachocin.archidiecezja.wroc.pl\/wp-content\/uploads\/2023\/01\/intencje.png?fit=450%2C450&ssl=1",450,450,true],"large":["https:\/\/i0.wp.com\/strachocin.archidiecezja.wroc.pl\/wp-content\/uploads\/2023\/01\/intencje.png?fit=450%2C450&ssl=1",450,450,true],"1536x1536":["https:\/\/i0.wp.com\/strachocin.archidiecezja.wroc.pl\/wp-content\/uploads\/2023\/01\/intencje.png?fit=450%2C450&ssl=1",450,450,true],"2048x2048":["https:\/\/i0.wp.com\/strachocin.archidiecezja.wroc.pl\/wp-content\/uploads\/2023\/01\/intencje.png?fit=450%2C450&ssl=1",450,450,true],"hestia-blog":["https:\/\/i0.wp.com\/strachocin.archidiecezja.wroc.pl\/wp-content\/uploads\/2023\/01\/intencje.png?resize=360%2C240&ssl=1",360,240,true]},"uagb_author_info":{"display_name":"Proboszcz","author_link":"https:\/\/strachocin.archidiecezja.wroc.pl\/?author=2"},"uagb_comment_info":0,"uagb_excerpt":"Niedziela, 6 wrze\u015bnia. Dwudziesta trzecia niedziela zwyk\u0142a08:00 ++ Stanis\u0142awa (ona) i Marian So\u0107ko oraz ++ z rodziny09:30 O Bo\u017ce b\u0142og. dla Jurka w 8 rocznic\u0119 urodzin09:30 O Bo\u017ce b\u0142og. dla Wsp\u00f3lnoty \u017bywego R\u00f3\u017ca\u0144ca11:00 + Bogus\u0142aw Siciarz &#8211; 23 rocznica \u015bmierci11:00 O Bo\u017ce b\u0142og. dla Eweliny i Przemys\u0142awa w 24 rocznic\u0119 [&hellip;]","_links":{"self":[{"href":"https:\/\/strachocin.archidiecezja.wroc.pl\/index.php?rest_route=\/wp\/v2\/posts\/27588"}],"collection":[{"href":"https:\/\/strachocin.archidiecezja.wroc.pl\/index.php?rest_route=\/wp\/v2\/posts"}],"about":[{"href":"https:\/\/strachocin.archidiecezja.wroc.pl\/index.php?rest_route=\/wp\/v2\/types\/post"}],"author":[{"embeddable":true,"href":"https:\/\/strachocin.archidiecezja.wroc.pl\/index.php?rest_route=\/wp\/v2\/users\/2"}],"replies":[{"embeddable":true,"href":"https:\/\/strachocin.archidiecezja.wroc.pl\/index.php?rest_route=%2Fwp%2Fv2%2Fcomments&post=27588"}],"version-history":[{"count":1,"href":"https:\/\/strachocin.archidiecezja.wroc.pl\/index.php?rest_route=\/wp\/v2\/posts\/27588\/revisions"}],"predecessor-version":[{"id":27589,"href":"https:\/\/strachocin.archidiecezja.wroc.pl\/index.php?rest_route=\/wp\/v2\/posts\/27588\/revisions\/27589"}],"wp:featuredmedia":[{"embeddable":true,"href":"https:\/\/strachocin.archidiecezja.wroc.pl\/index.php?rest_route=\/wp\/v2\/media\/25073"}],"wp:attachment":[{"href":"https:\/\/strachocin.archidiecezja.wroc.pl\/index.php?rest_route=%2Fwp%2Fv2%2Fmedia&parent=27588"}],"wp:term":[{"taxonomy":"category","embeddable":true,"href":"https:\/\/strachocin.archidiecezja.wroc.pl\/index.php?rest_route=%2Fwp%2Fv2%2Fcategories&post=27588"},{"taxonomy":"post_tag","embeddable":true,"href":"https:\/\/strachocin.archidiecezja.wroc.pl\/index.php?rest_route=%2Fwp%2Fv2%2Ftags&post=27588"}],"curies":[{"name":"wp","href":"https:\/\/api.w.org\/{rel}","templated":true}]}}