{"id":27579,"date":"2026-08-29T21:13:31","date_gmt":"2026-08-29T19:13:31","guid":{"rendered":"https:\/\/strachocin.archidiecezja.wroc.pl\/?p=27579"},"modified":"2026-08-29T21:13:35","modified_gmt":"2026-08-29T19:13:35","slug":"ogloszenia-parafialne-22-niedziela-zwykla-30-sierpnia-2026-r","status":"publish","type":"post","link":"https:\/\/strachocin.archidiecezja.wroc.pl\/?p=27579","title":{"rendered":"OG\u0141OSZENIA PARAFIALNE  &#8211; 22 Niedziela Zwyk\u0142a &#8211; 30 sierpnia 2026 r."},"content":{"rendered":"\n<ol>\n<li>Adoracja Naj\u015bwi\u0119tszego Sakramentu:<\/li>\n<\/ol>\n\n\n\n<ul>\n<li>w poniedzia\u0142ek, wtorek i \u015brod\u0119 od Mszy \u015bw. wieczornej do 21.30,<\/li>\n\n\n\n<li>w czwartek od 15.00 do 18.00.<br>We wtorek podczas adoracji dy\u017cur modlitwy wstawienniczej.<\/li>\n<\/ul>\n\n\n\n<ol>\n<li>Wsp\u00f3lnota Emaus zaprasza na modlitw\u0119 uwielbienia w czwartek o godz. 19.00.<\/li>\n\n\n\n<li>Wszystkich ministrant\u00f3w, szafarzy oraz kandydat\u00f3w na ministrant\u00f3w zapraszamy na Msz\u0119 \u015bw. w czwartek o godz. 18.00.<\/li>\n\n\n\n<li>W pi\u0105tek przed po\u0142udniem Komunia \u015bw. u chorych.<br>Spowied\u017a w pi\u0105tek od godz. 17.00. Zach\u0119camy wszystkich uczni\u00f3w do skorzystania z sakramentu pokuty na rozpocz\u0119cie roku szkolnego. Przypominamy, \u017ce w pozosta\u0142e dni spowied\u017a jest p\u00f3\u0142 godz. przed ka\u017cd\u0105 Msz\u0105 \u015bw.<br>W pi\u0105tek po Mszy \u015bw. o godz. 18.00 adoracja Naj\u015bwi\u0119tszego Sakramentu oraz wsp\u00f3lne uwielbienie.<\/li>\n\n\n\n<li>W sobot\u0119 po Mszy \u015bw. o godz. 9.00 Nabo\u017ce\u0144stwo Pierwszych Sob\u00f3t Miesi\u0105ca.<\/li>\n\n\n\n<li>Senior\u00f3w zapraszany na spotkanie w sobot\u0119 o godz. 10.00 Zobaczymy film p. Andrzeja Masa pt. Hiszpania \u2013 chrze\u015bcija\u0144stwo a islam.<\/li>\n\n\n\n<li>Rodzic\u00f3w dzieci komunijnych oraz zainteresowanych wczesn\u0105 komuni\u0105 \u015bw. zapraszamy na spotkania w przysz\u0142\u0105 niedziel\u0119 po Mszy \u015bw. o godz. 12.30.<\/li>\n\n\n\n<li>Kandydat\u00f3w do bierzmowania, grup\u0119 m\u0142odsza, zapraszamy na spotkanie w przysz\u0142\u0105 niedziel\u0119 o godz. 19.00. Uczni\u00f3w klas \u00f3smych oraz wszystkich kt\u00f3rzy chc\u0105 rozpocz\u0105\u0107 przygotowanie do bierzmowania, zapraszamy na spotkanie w niedziel\u0119 13 wrze\u015bnia o godz. 19.00. Natomiast najstarsz\u0105 grup\u0119 zapraszamy w niedziel\u0119 20 wrze\u015bnia o godz. 19.00.<\/li>\n\n\n\n<li>W przysz\u0142\u0105 niedziel\u0119 w naszej parafii odb\u0119dzie si\u0119 Diecezjalna Pielgrzymka Ruchu \u015awiat\u0142o-\u017bycie. Uroczysta Msza \u015bw. po przewodnictwem ks. bpa Macieja Ma\u0142ygi o 16.00.<\/li>\n\n\n\n<li>R\u00f3\u017ce \u017bywego R\u00f3\u017ca\u0144ca zapraszamy na spotkanie w 12 wrze\u015bnia po Mszy \u015bw. o 9.00.<\/li>\n\n\n\n<li>S\u0105 jeszcze wolne miejsca na pielgrzymk\u0119 do Wilna w dniach od 7 do 11 pa\u017adziernika.<\/li>\n\n\n\n<li>Zapraszamy rodzic\u00f3w do udzia\u0142u w cyklu warsztat\u00f3w umiej\u0119tno\u015bci wychowawczych z Pani\u0105 Mari\u0105 Berli\u0144sk\u0105. Pierwsze spotkanie w pi\u0105tek 25 wrze\u015bnia.<\/li>\n\n\n\n<li>W pi\u0105tek 18 wrze\u015bnia rozpocznie si\u0119 kurs pisania ikon dla pocz\u0105tkuj\u0105cych.<\/li>\n\n\n\n<li>Trwaj\u0105 zapisy do drugiej edycji projektu Rozta\u0144czona Parafia, Zaj\u0119cia odbywa\u0107 si\u0119 b\u0119d\u0105 w \u015brody od godz. 19.00 do 20.00.<\/li>\n\n\n\n<li>Parafia organizuje Kurs Przedma\u0142\u017ce\u0144ski. Pierwsze spotkanie w 18 wrze\u015bnia o 17.00.<\/li>\n\n\n\n<li>Zapraszamy na kolejne spotkanie w ramach Kursu Biblijnego w \u015brod\u0119 30 wrze\u015bnia o 19.00. Us\u0142yszymy wyk\u0142ad ks. Mariusza Rosika pt. Starotestamentalne t\u0142o Eucharystii.<\/li>\n\n\n\n<li>Odpust parafialny obchodzi\u0107 b\u0119dziemy w niedziel\u0119 13 wrze\u015bnia. Uroczysta Msza \u015bw. pod przewodnictwem ks. bpa Jacka Kici\u0144skiego o godz. 12.30.<\/li>\n<\/ol>\n","protected":false},"excerpt":{"rendered":"","protected":false},"author":2,"featured_media":25071,"comment_status":"closed","ping_status":"open","sticky":false,"template":"","format":"standard","meta":{"_uag_custom_page_level_css":"","ngg_post_thumbnail":0,"footnotes":""},"categories":[10],"tags":[],"jetpack_featured_media_url":"https:\/\/i0.wp.com\/strachocin.archidiecezja.wroc.pl\/wp-content\/uploads\/2023\/03\/ogloszenia-parafia.png?fit=615%2C664&ssl=1","uagb_featured_image_src":{"full":["https:\/\/i0.wp.com\/strachocin.archidiecezja.wroc.pl\/wp-content\/uploads\/2023\/03\/ogloszenia-parafia.png?fit=615%2C664&ssl=1",615,664,false],"thumbnail":["https:\/\/i0.wp.com\/strachocin.archidiecezja.wroc.pl\/wp-content\/uploads\/2023\/03\/ogloszenia-parafia.png?resize=150%2C150&ssl=1",150,150,true],"medium":["https:\/\/i0.wp.com\/strachocin.archidiecezja.wroc.pl\/wp-content\/uploads\/2023\/03\/ogloszenia-parafia.png?fit=278%2C300&ssl=1",278,300,true],"medium_large":["https:\/\/i0.wp.com\/strachocin.archidiecezja.wroc.pl\/wp-content\/uploads\/2023\/03\/ogloszenia-parafia.png?fit=615%2C664&ssl=1",615,664,true],"large":["https:\/\/i0.wp.com\/strachocin.archidiecezja.wroc.pl\/wp-content\/uploads\/2023\/03\/ogloszenia-parafia.png?fit=615%2C664&ssl=1",615,664,true],"1536x1536":["https:\/\/i0.wp.com\/strachocin.archidiecezja.wroc.pl\/wp-content\/uploads\/2023\/03\/ogloszenia-parafia.png?fit=615%2C664&ssl=1",615,664,true],"2048x2048":["https:\/\/i0.wp.com\/strachocin.archidiecezja.wroc.pl\/wp-content\/uploads\/2023\/03\/ogloszenia-parafia.png?fit=615%2C664&ssl=1",615,664,true],"hestia-blog":["https:\/\/i0.wp.com\/strachocin.archidiecezja.wroc.pl\/wp-content\/uploads\/2023\/03\/ogloszenia-parafia.png?resize=360%2C240&ssl=1",360,240,true]},"uagb_author_info":{"display_name":"Proboszcz","author_link":"https:\/\/strachocin.archidiecezja.wroc.pl\/?author=2"},"uagb_comment_info":0,"uagb_excerpt":null,"_links":{"self":[{"href":"https:\/\/strachocin.archidiecezja.wroc.pl\/index.php?rest_route=\/wp\/v2\/posts\/27579"}],"collection":[{"href":"https:\/\/strachocin.archidiecezja.wroc.pl\/index.php?rest_route=\/wp\/v2\/posts"}],"about":[{"href":"https:\/\/strachocin.archidiecezja.wroc.pl\/index.php?rest_route=\/wp\/v2\/types\/post"}],"author":[{"embeddable":true,"href":"https:\/\/strachocin.archidiecezja.wroc.pl\/index.php?rest_route=\/wp\/v2\/users\/2"}],"replies":[{"embeddable":true,"href":"https:\/\/strachocin.archidiecezja.wroc.pl\/index.php?rest_route=%2Fwp%2Fv2%2Fcomments&post=27579"}],"version-history":[{"count":1,"href":"https:\/\/strachocin.archidiecezja.wroc.pl\/index.php?rest_route=\/wp\/v2\/posts\/27579\/revisions"}],"predecessor-version":[{"id":27581,"href":"https:\/\/strachocin.archidiecezja.wroc.pl\/index.php?rest_route=\/wp\/v2\/posts\/27579\/revisions\/27581"}],"wp:featuredmedia":[{"embeddable":true,"href":"https:\/\/strachocin.archidiecezja.wroc.pl\/index.php?rest_route=\/wp\/v2\/media\/25071"}],"wp:attachment":[{"href":"https:\/\/strachocin.archidiecezja.wroc.pl\/index.php?rest_route=%2Fwp%2Fv2%2Fmedia&parent=27579"}],"wp:term":[{"taxonomy":"category","embeddable":true,"href":"https:\/\/strachocin.archidiecezja.wroc.pl\/index.php?rest_route=%2Fwp%2Fv2%2Fcategories&post=27579"},{"taxonomy":"post_tag","embeddable":true,"href":"https:\/\/strachocin.archidiecezja.wroc.pl\/index.php?rest_route=%2Fwp%2Fv2%2Ftags&post=27579"}],"curies":[{"name":"wp","href":"https:\/\/api.w.org\/{rel}","templated":true}]}}