{"id":27577,"date":"2026-08-29T21:02:24","date_gmt":"2026-08-29T19:02:24","guid":{"rendered":"https:\/\/strachocin.archidiecezja.wroc.pl\/?p=27577"},"modified":"2026-08-29T21:02:28","modified_gmt":"2026-08-29T19:02:28","slug":"intencje-mszalne-22-tydzien-zwykly-30-08-06-09-2026","status":"publish","type":"post","link":"https:\/\/strachocin.archidiecezja.wroc.pl\/?p=27577","title":{"rendered":"INTENCJE MSZALNE &#8211;  22 Tydzie\u0144 Zwyk\u0142y 30.08-06.09.2026"},"content":{"rendered":"\n<p><strong>Niedziela, 30 sierpnia. Dwudziesta druga niedziela zwyk\u0142a<\/strong><br>08:00 + J\u00f3zefa (ona) &#8211; 30 Msza gregoria\u0144ska<br>08:00 ++ Micha\u0142 i Marianna Ruda oraz ++ z rodziny<br>09:30 + Katarzyna \u015awierc &#8211; miesi\u0105c po pogrzebie<br>09:30 ++ Gra\u017cyna, Pawe\u0142, Monika oraz ++ z rodziny Knichnickich<br>11:00 O Bo\u017ce b\u0142og. dla Szymona w 24 rocznic\u0119 urodzin<br>11:00 O Bo\u017ce b\u0142og. dla Micha\u0142a w 10 rocznic\u0119 urodzin<br>12:30 O Bo\u017ce b\u0142og. dla Aleksandry i Eliasza w 10 rocznic\u0119 \u015blubu oraz dla ich dzieci: Teresy, Heleny i Tadeusza<br>18:00 Dzi\u0119kczynna w 29 rocznic\u0119 \u015blubu Jolanty i Krzysztofa<br>20:00 O zdrowie dla Janiny oraz o Bo\u017ce b\u0142og. dla Jerzego w 80 rocznic\u0119 urodzin<\/p>\n\n\n\n<p><strong>Poniedzia\u0142ek, 31 sierpnia<\/strong><br>09:00 + Mieczys\u0142aw<br>18:00 + Jerzy Styncel &#8211; 3 rocznica \u015bmierci<\/p>\n\n\n\n<p><strong>Wtorek, 1 wrze\u015bnia<\/strong><br>09:00 + Stanis\u0142aw &#8211; 1 Msza gregoria\u0144ska<br>18:00 O Bo\u017ce b\u0142og. dla Gosi i Gracjana w 3 rocznic\u0119 \u015blubu<br>18:00 W intencji rodziny<\/p>\n\n\n\n<p><strong>\u015aroda, 2 wrze\u015bnia<\/strong><br>09:00 O uzdrowienie dla Rafa\u0142a oraz o wiar\u0119 dla rodziny<br>18:00 Stanis\u0142aw &#8211; 2 Msza gregoria\u0144ska<br>18:00 O Bo\u017ce b\u0142og. dla Marioli i B\u0142a\u017ceja w 15 rocznic\u0119 \u015blubu i dla ich dzieci<\/p>\n\n\n\n<p><strong>Czwartek, 3 wrze\u015bnia. \u015aw. Grzegorza Wielkiego, papie\u017ca i DK<\/strong><br>09:00 + Stanis\u0142aw &#8211; 3 Msza gregoria\u0144ska<br>18:00 O Bo\u017ce b\u0142og. dla Magdaleny w 50 rocznic\u0119 urodzin<br>18:00 W intencji Liturgicznej S\u0142u\u017cby O\u0142tarza i rodzin Ministrant\u00f3w<\/p>\n\n\n\n<p><strong>Pi\u0105tek, 4 wrze\u015bnia<\/strong><br>09:00 + Stanis\u0142aw &#8211; 4 Msza gregoria\u0144ska<br>18:00 O Bo\u017ce b\u0142og. dla Kompanii Jonatana oraz ca\u0142ej Parafii<\/p>\n\n\n\n<p><strong>Sobota, 5 wrze\u015bnia<\/strong><br>09:00 + Stanis\u0142aw &#8211; 5 Msza gregoria\u0144ska<br>09:00 O Bo\u017ce b\u0142og. dla Anieli R\u00f3\u017cy z okazji Chrztu oraz dla Benedykta w 4 rocznic\u0119 urodzin i dla Wincentego w 2 rocznic\u0119 urodzin<br>18:00 O Bo\u017ce b\u0142og. dla dzieci: Joanna, Olga, Adam, Lena i Marcin<br>18:00 O Bo\u017ce b\u0142og. i zdrowie dla Rozalii<\/p>\n\n\n\n<p><strong>NIEDZIELA, 6 wrze\u015bnia. Dwudziesta trzecia niedziela zwyk\u0142a<\/strong><br>08:00 + Stanis\u0142aw &#8211; 6 Msza gregoria\u0144ska<br>08:00 ++ Stanis\u0142awa (ona) i Marian So\u0107ko oraz ++ z rodziny<br>09:30 O Bo\u017ce b\u0142og. dla Jurka w 8 rocznic\u0119 urodzin<br>09:30 O Bo\u017ce b\u0142og. dla Wsp\u00f3lnoty \u017bywego R\u00f3\u017ca\u0144ca<br>11:00 + Bogus\u0142aw Siciarz &#8211; 3 rocznica \u015bmierci<br>11:00 O Bo\u017ce b\u0142og. dla Eweliny i Przemys\u0142awa w 24 rocznic\u0119 \u015blubu<br>12:30 O Bo\u017ce b\u0142og. dla dzieci wczesnokomunijnych<br>12:30 O Bo\u017ce b\u0142og. dla Karoliny i Wojciecha Serwatka w 24 rocznic\u0119 \u015blubu<br>18:00 + Kazimiera Korbas &#8211; 19 rocznica \u015bmierci oraz ++ z rodziny<br>20:00 O Bo\u017ce b\u0142og. dla Dominiki i Marcina w 5 rocznic\u0119 \u015blubu oraz dla ich dziecka<\/p>\n","protected":false},"excerpt":{"rendered":"<p>Niedziela, 30 sierpnia. Dwudziesta druga niedziela zwyk\u0142a08:00 + J\u00f3zefa (ona) &#8211; 30 Msza gregoria\u0144ska08:00 ++ Micha\u0142 i Marianna Ruda oraz ++ z rodziny09:30 + Katarzyna \u015awierc &#8211; miesi\u0105c po pogrzebie09:30 ++ Gra\u017cyna, Pawe\u0142, Monika oraz ++ z rodziny Knichnickich11:00 O Bo\u017ce b\u0142og. dla Szymona w 24 rocznic\u0119 urodzin11:00 O Bo\u017ce [&hellip;]<\/p>\n","protected":false},"author":2,"featured_media":25073,"comment_status":"closed","ping_status":"open","sticky":false,"template":"","format":"standard","meta":{"_uag_custom_page_level_css":"","ngg_post_thumbnail":0,"footnotes":""},"categories":[11],"tags":[],"jetpack_featured_media_url":"https:\/\/i0.wp.com\/strachocin.archidiecezja.wroc.pl\/wp-content\/uploads\/2023\/01\/intencje.png?fit=450%2C450&ssl=1","uagb_featured_image_src":{"full":["https:\/\/i0.wp.com\/strachocin.archidiecezja.wroc.pl\/wp-content\/uploads\/2023\/01\/intencje.png?fit=450%2C450&ssl=1",450,450,false],"thumbnail":["https:\/\/i0.wp.com\/strachocin.archidiecezja.wroc.pl\/wp-content\/uploads\/2023\/01\/intencje.png?resize=150%2C150&ssl=1",150,150,true],"medium":["https:\/\/i0.wp.com\/strachocin.archidiecezja.wroc.pl\/wp-content\/uploads\/2023\/01\/intencje.png?fit=300%2C300&ssl=1",300,300,true],"medium_large":["https:\/\/i0.wp.com\/strachocin.archidiecezja.wroc.pl\/wp-content\/uploads\/2023\/01\/intencje.png?fit=450%2C450&ssl=1",450,450,true],"large":["https:\/\/i0.wp.com\/strachocin.archidiecezja.wroc.pl\/wp-content\/uploads\/2023\/01\/intencje.png?fit=450%2C450&ssl=1",450,450,true],"1536x1536":["https:\/\/i0.wp.com\/strachocin.archidiecezja.wroc.pl\/wp-content\/uploads\/2023\/01\/intencje.png?fit=450%2C450&ssl=1",450,450,true],"2048x2048":["https:\/\/i0.wp.com\/strachocin.archidiecezja.wroc.pl\/wp-content\/uploads\/2023\/01\/intencje.png?fit=450%2C450&ssl=1",450,450,true],"hestia-blog":["https:\/\/i0.wp.com\/strachocin.archidiecezja.wroc.pl\/wp-content\/uploads\/2023\/01\/intencje.png?resize=360%2C240&ssl=1",360,240,true]},"uagb_author_info":{"display_name":"Proboszcz","author_link":"https:\/\/strachocin.archidiecezja.wroc.pl\/?author=2"},"uagb_comment_info":0,"uagb_excerpt":"Niedziela, 30 sierpnia. Dwudziesta druga niedziela zwyk\u0142a08:00 + J\u00f3zefa (ona) &#8211; 30 Msza gregoria\u0144ska08:00 ++ Micha\u0142 i Marianna Ruda oraz ++ z rodziny09:30 + Katarzyna \u015awierc &#8211; miesi\u0105c po pogrzebie09:30 ++ Gra\u017cyna, Pawe\u0142, Monika oraz ++ z rodziny Knichnickich11:00 O Bo\u017ce b\u0142og. dla Szymona w 24 rocznic\u0119 urodzin11:00 O Bo\u017ce [&hellip;]","_links":{"self":[{"href":"https:\/\/strachocin.archidiecezja.wroc.pl\/index.php?rest_route=\/wp\/v2\/posts\/27577"}],"collection":[{"href":"https:\/\/strachocin.archidiecezja.wroc.pl\/index.php?rest_route=\/wp\/v2\/posts"}],"about":[{"href":"https:\/\/strachocin.archidiecezja.wroc.pl\/index.php?rest_route=\/wp\/v2\/types\/post"}],"author":[{"embeddable":true,"href":"https:\/\/strachocin.archidiecezja.wroc.pl\/index.php?rest_route=\/wp\/v2\/users\/2"}],"replies":[{"embeddable":true,"href":"https:\/\/strachocin.archidiecezja.wroc.pl\/index.php?rest_route=%2Fwp%2Fv2%2Fcomments&post=27577"}],"version-history":[{"count":1,"href":"https:\/\/strachocin.archidiecezja.wroc.pl\/index.php?rest_route=\/wp\/v2\/posts\/27577\/revisions"}],"predecessor-version":[{"id":27578,"href":"https:\/\/strachocin.archidiecezja.wroc.pl\/index.php?rest_route=\/wp\/v2\/posts\/27577\/revisions\/27578"}],"wp:featuredmedia":[{"embeddable":true,"href":"https:\/\/strachocin.archidiecezja.wroc.pl\/index.php?rest_route=\/wp\/v2\/media\/25073"}],"wp:attachment":[{"href":"https:\/\/strachocin.archidiecezja.wroc.pl\/index.php?rest_route=%2Fwp%2Fv2%2Fmedia&parent=27577"}],"wp:term":[{"taxonomy":"category","embeddable":true,"href":"https:\/\/strachocin.archidiecezja.wroc.pl\/index.php?rest_route=%2Fwp%2Fv2%2Fcategories&post=27577"},{"taxonomy":"post_tag","embeddable":true,"href":"https:\/\/strachocin.archidiecezja.wroc.pl\/index.php?rest_route=%2Fwp%2Fv2%2Ftags&post=27577"}],"curies":[{"name":"wp","href":"https:\/\/api.w.org\/{rel}","templated":true}]}}