{"id":27417,"date":"2026-05-01T13:05:33","date_gmt":"2026-05-01T11:05:33","guid":{"rendered":"https:\/\/strachocin.archidiecezja.wroc.pl\/?p=27417"},"modified":"2026-05-01T13:05:40","modified_gmt":"2026-05-01T11:05:40","slug":"ogloszenia-parafialne-5-niedziela-wielkanocna-3-maja-2026-r","status":"publish","type":"post","link":"https:\/\/strachocin.archidiecezja.wroc.pl\/?p=27417","title":{"rendered":"OG\u0141OSZENIA PARAFIALNE &#8211; 5 Niedziela WIELKANOCNA &#8211; 3 maja 2026 r."},"content":{"rendered":"\n<ol>\n<li>Dzi\u015b:<\/li>\n<\/ol>\n\n\n\n<ul>\n<li>przed Msz\u0105 \u015bw. o godz. 9.30 zmiana Tajemnic R\u00f3\u017ca\u0144cowych;<\/li>\n\n\n\n<li>po Mszy \u015bw. o godz. 12.30 adoracja Naj\u015bwi\u0119tszego Sakramentu,<\/li>\n\n\n\n<li>o godz. 17.30 nabo\u017ce\u0144stwo majowe<\/li>\n\n\n\n<li>o godz. 19.00 spotkanie kandydat\u00f3w do bierzmowania (grupa m\u0142odsza).<\/li>\n<\/ul>\n\n\n\n<ol>\n<li>Adoracja Naj\u015bwi\u0119tszego Sakramentu:<\/li>\n<\/ol>\n\n\n\n<ul>\n<li>w poniedzia\u0142ek, wtorek i \u015brod\u0119 od Mszy \u015bw. wieczornej do 21.30,<\/li>\n\n\n\n<li>w czwartek od 15.00 do 18.00.<br>We wtorek podczas adoracji dy\u017cur modlitwy wstawienniczej.<\/li>\n<\/ul>\n\n\n\n<ol>\n<li>Nabo\u017ce\u0144stwo majowe odprawiamy:<br>w poniedzia\u0142ek, wtorek i \u015brod\u0105 po Mszach \u015bw. o godz. 18.00<br>w czwartek, pi\u0119tek i sobot\u0119 po Mszach \u015bw. o godz. 9.00.<br>w niedziele o godz. 17.30.<\/li>\n\n\n\n<li>Wsp\u00f3lnota Emaus zaprasza na uwielbienie w czwartek o godz. 19.00.<\/li>\n\n\n\n<li>Dzieci i m\u0142odzie\u017c zapraszamy na Msz\u0119 \u015bw. i spotkania w pi\u0105tek o godz. 18.00.<\/li>\n\n\n\n<li>Senior\u00f3w zapraszamy na spotkanie w sobot\u0119 o godz. 10.00.<\/li>\n\n\n\n<li>Zapraszamy na Dzie\u0144 Skupienia \u201ePod Sercem Maryi\u201d, kt\u00f3ry odb\u0119dzie si\u0119 w sobot\u0119 9 maja 2026 roku w godzinach od 12.00 do 21.00.<br>R\u00f3wnolegle do Dnia Skupienia odb\u0119d\u0105 si\u0119 dwudniowe Warsztaty muzyczne 8-9 maja 2026 r., kt\u00f3re poprowadzi pan Kuba Tomalak. Szczeg\u00f3\u0142owe informacje na stronie internetowej parafii.<\/li>\n\n\n\n<li>Kandydat\u00f3w do bierzmowania, grup\u0119 starsz\u0105, zapraszamy na spotkanie w przysz\u0142\u0105 niedziel\u0119 o godz. 19.00.<\/li>\n<\/ol>\n\n\n\n<p>10.W przysz\u0142\u0105 niedziel\u0119 o godz. 11.00 grupa dzieci przyst\u0105pi do I Komunii \u015bw.<br>Pr\u00f3by przed uroczysto\u015bci\u0105 w poniedzia\u0142ek i \u015brod\u0119 o godz. 17.00. Spowied\u017a w sobot\u0119 od godz. 9.30 do 11.00.<br>Uroczysto\u015bci I Komunii \u015bw. b\u0119d\u0105 r\u00f3wnie\u017c 17 oraz 24 maja. Natomiast Rocznica I Komunii \u015bw. b\u0119dzie 31 maja.<\/p>\n\n\n\n<ol start=\"11\">\n<li>Spotkanie Biblijne \u2013 Us\u0142ysze\u0107 S\u0142owo b\u0119dzie 13 maja o godz. 19.15. Zapraszamy r\u00f3wnie\u017c na kolejne spotkanie Kursu Biblijnego 20 maja o godz. 19.00. Us\u0142yszymy wyk\u0142ad ks. S\u0142awomira Stasiaka o Ksi\u0119dze Proroka Daniela.<\/li>\n\n\n\n<li>Poradnia Rodzinna zaprasza na cykl warsztat\u00f3w dla kobiet z elementami ruchu, pt. &#8222;Rozwin\u0105\u0107 skrzyd\u0142a&#8221;, kt\u00f3re rozpoczn\u0105 si\u0119 od wtorku 19 maja o godz. 19.00.<br>Informacje na plakacie, zapisy drog\u0105 e-mail lub sms.<\/li>\n<\/ol>\n","protected":false},"excerpt":{"rendered":"<p>10.W przysz\u0142\u0105 niedziel\u0119 o godz. 11.00 grupa dzieci przyst\u0105pi do I Komunii \u015bw.Pr\u00f3by przed uroczysto\u015bci\u0105 w poniedzia\u0142ek i \u015brod\u0119 o godz. 17.00. Spowied\u017a w sobot\u0119 od godz. 9.30 do 11.00.Uroczysto\u015bci I Komunii \u015bw. b\u0119d\u0105 r\u00f3wnie\u017c 17 oraz 24 maja. Natomiast Rocznica I Komunii \u015bw. b\u0119dzie 31 maja.<\/p>\n","protected":false},"author":2,"featured_media":25071,"comment_status":"closed","ping_status":"open","sticky":false,"template":"","format":"standard","meta":{"_uag_custom_page_level_css":"","ngg_post_thumbnail":0,"footnotes":""},"categories":[10],"tags":[],"jetpack_featured_media_url":"https:\/\/i0.wp.com\/strachocin.archidiecezja.wroc.pl\/wp-content\/uploads\/2023\/03\/ogloszenia-parafia.png?fit=615%2C664&ssl=1","uagb_featured_image_src":{"full":["https:\/\/i0.wp.com\/strachocin.archidiecezja.wroc.pl\/wp-content\/uploads\/2023\/03\/ogloszenia-parafia.png?fit=615%2C664&ssl=1",615,664,false],"thumbnail":["https:\/\/i0.wp.com\/strachocin.archidiecezja.wroc.pl\/wp-content\/uploads\/2023\/03\/ogloszenia-parafia.png?resize=150%2C150&ssl=1",150,150,true],"medium":["https:\/\/i0.wp.com\/strachocin.archidiecezja.wroc.pl\/wp-content\/uploads\/2023\/03\/ogloszenia-parafia.png?fit=278%2C300&ssl=1",278,300,true],"medium_large":["https:\/\/i0.wp.com\/strachocin.archidiecezja.wroc.pl\/wp-content\/uploads\/2023\/03\/ogloszenia-parafia.png?fit=615%2C664&ssl=1",615,664,true],"large":["https:\/\/i0.wp.com\/strachocin.archidiecezja.wroc.pl\/wp-content\/uploads\/2023\/03\/ogloszenia-parafia.png?fit=615%2C664&ssl=1",615,664,true],"1536x1536":["https:\/\/i0.wp.com\/strachocin.archidiecezja.wroc.pl\/wp-content\/uploads\/2023\/03\/ogloszenia-parafia.png?fit=615%2C664&ssl=1",615,664,true],"2048x2048":["https:\/\/i0.wp.com\/strachocin.archidiecezja.wroc.pl\/wp-content\/uploads\/2023\/03\/ogloszenia-parafia.png?fit=615%2C664&ssl=1",615,664,true],"hestia-blog":["https:\/\/i0.wp.com\/strachocin.archidiecezja.wroc.pl\/wp-content\/uploads\/2023\/03\/ogloszenia-parafia.png?resize=360%2C240&ssl=1",360,240,true]},"uagb_author_info":{"display_name":"Proboszcz","author_link":"https:\/\/strachocin.archidiecezja.wroc.pl\/?author=2"},"uagb_comment_info":0,"uagb_excerpt":"10.W przysz\u0142\u0105 niedziel\u0119 o godz. 11.00 grupa dzieci przyst\u0105pi do I Komunii \u015bw.Pr\u00f3by przed uroczysto\u015bci\u0105 w poniedzia\u0142ek i \u015brod\u0119 o godz. 17.00. Spowied\u017a w sobot\u0119 od godz. 9.30 do 11.00.Uroczysto\u015bci I Komunii \u015bw. b\u0119d\u0105 r\u00f3wnie\u017c 17 oraz 24 maja. Natomiast Rocznica I Komunii \u015bw. b\u0119dzie 31 maja.","_links":{"self":[{"href":"https:\/\/strachocin.archidiecezja.wroc.pl\/index.php?rest_route=\/wp\/v2\/posts\/27417"}],"collection":[{"href":"https:\/\/strachocin.archidiecezja.wroc.pl\/index.php?rest_route=\/wp\/v2\/posts"}],"about":[{"href":"https:\/\/strachocin.archidiecezja.wroc.pl\/index.php?rest_route=\/wp\/v2\/types\/post"}],"author":[{"embeddable":true,"href":"https:\/\/strachocin.archidiecezja.wroc.pl\/index.php?rest_route=\/wp\/v2\/users\/2"}],"replies":[{"embeddable":true,"href":"https:\/\/strachocin.archidiecezja.wroc.pl\/index.php?rest_route=%2Fwp%2Fv2%2Fcomments&post=27417"}],"version-history":[{"count":1,"href":"https:\/\/strachocin.archidiecezja.wroc.pl\/index.php?rest_route=\/wp\/v2\/posts\/27417\/revisions"}],"predecessor-version":[{"id":27418,"href":"https:\/\/strachocin.archidiecezja.wroc.pl\/index.php?rest_route=\/wp\/v2\/posts\/27417\/revisions\/27418"}],"wp:featuredmedia":[{"embeddable":true,"href":"https:\/\/strachocin.archidiecezja.wroc.pl\/index.php?rest_route=\/wp\/v2\/media\/25071"}],"wp:attachment":[{"href":"https:\/\/strachocin.archidiecezja.wroc.pl\/index.php?rest_route=%2Fwp%2Fv2%2Fmedia&parent=27417"}],"wp:term":[{"taxonomy":"category","embeddable":true,"href":"https:\/\/strachocin.archidiecezja.wroc.pl\/index.php?rest_route=%2Fwp%2Fv2%2Fcategories&post=27417"},{"taxonomy":"post_tag","embeddable":true,"href":"https:\/\/strachocin.archidiecezja.wroc.pl\/index.php?rest_route=%2Fwp%2Fv2%2Ftags&post=27417"}],"curies":[{"name":"wp","href":"https:\/\/api.w.org\/{rel}","templated":true}]}}