{"id":27415,"date":"2026-04-30T23:44:49","date_gmt":"2026-04-30T21:44:49","guid":{"rendered":"https:\/\/strachocin.archidiecezja.wroc.pl\/?p=27415"},"modified":"2026-04-30T23:44:53","modified_gmt":"2026-04-30T21:44:53","slug":"intencje-mszalne-5-tydzien-wielkanocny-3-10-05-2026","status":"publish","type":"post","link":"https:\/\/strachocin.archidiecezja.wroc.pl\/?p=27415","title":{"rendered":"INTENCJE MSZALNE &#8211;  5 Tydzie\u0144 Wielkanocny 3-10.05.2026"},"content":{"rendered":"\n<p><strong>Niedziela, 3 maja. Pi\u0105ta niedziela wielkanocna<\/strong><br>08:00 ++ Rodzice Maria i Stanis\u0142aw Siero\u0144<br>09:30 O Bo\u017ce b\u0142og. dla Wsp\u00f3lnoty \u017bywego R\u00f3\u017ca\u0144ca<br>11:00 + Wojciech Bie\u0142ecki &#8211; 3 rocznica \u015bmierci oraz ++ z rodziny Bie\u0142eckich<br>12:30 + J\u00f3zef &#8211; 3 Msza gregoria\u0144ska<br>18:00 + Zdzis\u0142aw Ka\u017amierski &#8211; od siostry Danuty z rodzin\u0105<br>20:00 O Bo\u017ce b\u0142og. dla Tymoteusza w 19 rocznic\u0119 urodzin<\/p>\n\n\n\n<p><strong>Poniedzia\u0142ek, 4 maja. \u015aw. Floriana<\/strong><br>09:00 + J\u00f3zef &#8211; 4 Msza gregoria\u0144ska<br>18:00 O Bo\u017ce b\u0142og. dla Krzysztofa z okazji urodzin<\/p>\n\n\n\n<p><strong>Wtorek, 5 maja<\/strong><br>09:00 O zdrowie i Bo\u017ce b\u0142og. dla Zdzis\u0142awa z okazji urodzin<br>18:00 + J\u00f3zef &#8211; 5 Msza gregoria\u0144ska<br>18:00 + Maria &#8211; 38 rocznica \u015bmierci, ++ Mieczys\u0142aw, Eugeniusz oraz ++ z rodzin: S\u0142om\u00f3w, D\u0119bowskich i Najwer\u00f3w<\/p>\n\n\n\n<p><strong>\u015aroda, 6 maja. \u015awi\u0119to \u015awi\u0119tych Aposto\u0142\u00f3w Filipa i Jakuba<\/strong><br>09:00 + J\u00f3zef &#8211; 6 Msza gregoria\u0144ska<br>18:00 + Zofia Duma\u0144ska &#8211; 30 rocznica \u015bmierci, ++ Jan, Mieczys\u0142aw<\/p>\n\n\n\n<p><strong>Czwartek, 7 maja. NMP, Matki \u0141aski Bo\u017cej<\/strong><br>09:00 + Stanis\u0142awa (ona)<br>18:00 + J\u00f3zef &#8211; 7 Msza gregoria\u0144ska<br>18:00 + Bernard<\/p>\n\n\n\n<p><strong>Pi\u0105tek, 8 maja. Uroczysto\u015b\u0107 \u015aw. Stanis\u0142awa, biskupa i m\u0119czennika, g\u0142\u00f3wnego patrona Polski<\/strong><br>09:00 O Bo\u017ce b\u0142og. i pomy\u015blne zdanie egzamin\u00f3w dla Macieja<br>09:00 + J\u00f3zef &#8211; 8 Msza gregoria\u0144ska<br>18:00 ++ Henryk, Jerzy, Stanis\u0142awa (ona), Stanis\u0142aw<\/p>\n\n\n\n<p><strong>Sobota, 9 maja<\/strong><br>09:00 + J\u00f3zef &#8211; 9 Msza gregoria\u0144ska<br>18:00 O Bo\u017ce b\u0142og. dla Natalii w 27 rocznic\u0119 urodzin<\/p>\n\n\n\n<p><strong>NIEDZIELA, 10 maja. Sz\u00f3sta niedziela wielkanocna<\/strong><br>08:00 + Jadwiga &#8211; 7 rocznica \u015bmierci, + Zygmunt<br>08:00 Dzi\u0119kczynna za pomy\u015blne zako\u0144czenie leczenia gro\u017anej choroby syna<br>09:30 + Weronika Franiszyn oraz ++ z rodzin Franiszyn i Zaczek<br>09:30 O Bo\u017ce b\u0142og. dla Justyny w 25 rocznic\u0119 urodzin oraz za + Zofi\u0119 i ++ z rodziny<br>11:00 Pierwsza Komunia \u015awi\u0119ta<br>12:30 ++ Helena i Jerzy \u0141owiccy, ++ Klara i Franciszek Menzel oraz za ++ z rodziny i w intencji Panu Bogu wiadomej<br>12:30 + J\u00f3zef Bogdan &#8211; 4 rocznica \u015bmierci oraz o Bo\u017ce b\u0142og. dla rodziny<br>18:00 + J\u00f3zef &#8211; 10 Msza gregoria\u0144ska<br>20:00 + Henryk Ra\u017aniak &#8211; miesi\u0105c po pogrzebie<\/p>\n","protected":false},"excerpt":{"rendered":"<p>Niedziela, 3 maja. Pi\u0105ta niedziela wielkanocna08:00 ++ Rodzice Maria i Stanis\u0142aw Siero\u014409:30 O Bo\u017ce b\u0142og. dla Wsp\u00f3lnoty \u017bywego R\u00f3\u017ca\u0144ca11:00 + Wojciech Bie\u0142ecki &#8211; 3 rocznica \u015bmierci oraz ++ z rodziny Bie\u0142eckich12:30 + J\u00f3zef &#8211; 3 Msza gregoria\u0144ska18:00 + Zdzis\u0142aw Ka\u017amierski &#8211; od siostry Danuty z rodzin\u010520:00 O Bo\u017ce b\u0142og. dla [&hellip;]<\/p>\n","protected":false},"author":2,"featured_media":25073,"comment_status":"closed","ping_status":"open","sticky":false,"template":"","format":"standard","meta":{"_uag_custom_page_level_css":"","ngg_post_thumbnail":0,"footnotes":""},"categories":[11],"tags":[],"jetpack_featured_media_url":"https:\/\/i0.wp.com\/strachocin.archidiecezja.wroc.pl\/wp-content\/uploads\/2023\/01\/intencje.png?fit=450%2C450&ssl=1","uagb_featured_image_src":{"full":["https:\/\/i0.wp.com\/strachocin.archidiecezja.wroc.pl\/wp-content\/uploads\/2023\/01\/intencje.png?fit=450%2C450&ssl=1",450,450,false],"thumbnail":["https:\/\/i0.wp.com\/strachocin.archidiecezja.wroc.pl\/wp-content\/uploads\/2023\/01\/intencje.png?resize=150%2C150&ssl=1",150,150,true],"medium":["https:\/\/i0.wp.com\/strachocin.archidiecezja.wroc.pl\/wp-content\/uploads\/2023\/01\/intencje.png?fit=300%2C300&ssl=1",300,300,true],"medium_large":["https:\/\/i0.wp.com\/strachocin.archidiecezja.wroc.pl\/wp-content\/uploads\/2023\/01\/intencje.png?fit=450%2C450&ssl=1",450,450,true],"large":["https:\/\/i0.wp.com\/strachocin.archidiecezja.wroc.pl\/wp-content\/uploads\/2023\/01\/intencje.png?fit=450%2C450&ssl=1",450,450,true],"1536x1536":["https:\/\/i0.wp.com\/strachocin.archidiecezja.wroc.pl\/wp-content\/uploads\/2023\/01\/intencje.png?fit=450%2C450&ssl=1",450,450,true],"2048x2048":["https:\/\/i0.wp.com\/strachocin.archidiecezja.wroc.pl\/wp-content\/uploads\/2023\/01\/intencje.png?fit=450%2C450&ssl=1",450,450,true],"hestia-blog":["https:\/\/i0.wp.com\/strachocin.archidiecezja.wroc.pl\/wp-content\/uploads\/2023\/01\/intencje.png?resize=360%2C240&ssl=1",360,240,true]},"uagb_author_info":{"display_name":"Proboszcz","author_link":"https:\/\/strachocin.archidiecezja.wroc.pl\/?author=2"},"uagb_comment_info":0,"uagb_excerpt":"Niedziela, 3 maja. Pi\u0105ta niedziela wielkanocna08:00 ++ Rodzice Maria i Stanis\u0142aw Siero\u014409:30 O Bo\u017ce b\u0142og. dla Wsp\u00f3lnoty \u017bywego R\u00f3\u017ca\u0144ca11:00 + Wojciech Bie\u0142ecki &#8211; 3 rocznica \u015bmierci oraz ++ z rodziny Bie\u0142eckich12:30 + J\u00f3zef &#8211; 3 Msza gregoria\u0144ska18:00 + Zdzis\u0142aw Ka\u017amierski &#8211; od siostry Danuty z rodzin\u010520:00 O Bo\u017ce b\u0142og. dla [&hellip;]","_links":{"self":[{"href":"https:\/\/strachocin.archidiecezja.wroc.pl\/index.php?rest_route=\/wp\/v2\/posts\/27415"}],"collection":[{"href":"https:\/\/strachocin.archidiecezja.wroc.pl\/index.php?rest_route=\/wp\/v2\/posts"}],"about":[{"href":"https:\/\/strachocin.archidiecezja.wroc.pl\/index.php?rest_route=\/wp\/v2\/types\/post"}],"author":[{"embeddable":true,"href":"https:\/\/strachocin.archidiecezja.wroc.pl\/index.php?rest_route=\/wp\/v2\/users\/2"}],"replies":[{"embeddable":true,"href":"https:\/\/strachocin.archidiecezja.wroc.pl\/index.php?rest_route=%2Fwp%2Fv2%2Fcomments&post=27415"}],"version-history":[{"count":1,"href":"https:\/\/strachocin.archidiecezja.wroc.pl\/index.php?rest_route=\/wp\/v2\/posts\/27415\/revisions"}],"predecessor-version":[{"id":27416,"href":"https:\/\/strachocin.archidiecezja.wroc.pl\/index.php?rest_route=\/wp\/v2\/posts\/27415\/revisions\/27416"}],"wp:featuredmedia":[{"embeddable":true,"href":"https:\/\/strachocin.archidiecezja.wroc.pl\/index.php?rest_route=\/wp\/v2\/media\/25073"}],"wp:attachment":[{"href":"https:\/\/strachocin.archidiecezja.wroc.pl\/index.php?rest_route=%2Fwp%2Fv2%2Fmedia&parent=27415"}],"wp:term":[{"taxonomy":"category","embeddable":true,"href":"https:\/\/strachocin.archidiecezja.wroc.pl\/index.php?rest_route=%2Fwp%2Fv2%2Fcategories&post=27415"},{"taxonomy":"post_tag","embeddable":true,"href":"https:\/\/strachocin.archidiecezja.wroc.pl\/index.php?rest_route=%2Fwp%2Fv2%2Ftags&post=27415"}],"curies":[{"name":"wp","href":"https:\/\/api.w.org\/{rel}","templated":true}]}}