{"id":27327,"date":"2026-03-14T23:21:26","date_gmt":"2026-03-14T22:21:26","guid":{"rendered":"https:\/\/strachocin.archidiecezja.wroc.pl\/?p=27327"},"modified":"2026-03-14T23:21:29","modified_gmt":"2026-03-14T22:21:29","slug":"ogloszenia-parafialne-4-niedziela-wielkiego-postu-15-marca-2026-r","status":"publish","type":"post","link":"https:\/\/strachocin.archidiecezja.wroc.pl\/?p=27327","title":{"rendered":"OG\u0141OSZENIA PARAFIALNE &#8211; 4 Niedziela Wielkiego Postu &#8211; 15 marca 2026 r."},"content":{"rendered":"\n<ol>\n<li>Dzi\u015b:<\/li>\n<\/ol>\n\n\n\n<ul>\n<li>po Mszy \u015bw. o godz. 12.30 spotkanie dzieci wczesnokomunijnych i ich rodzic\u00f3w,<\/li>\n\n\n\n<li>o godz. 17.00 Gorzkie \u017bale,<\/li>\n\n\n\n<li>o godz. 19.00 spotkanie kandydat\u00f3w do bierzmowania (grupa m\u0142odsza).<\/li>\n<\/ul>\n\n\n\n<ol>\n<li><strong>Porz\u0105dek rekolekcji:<\/strong><\/li>\n<\/ol>\n\n\n\n<ul>\n<li><strong>Msze \u015bw. z naukami od poniedzia\u0142ku do \u015brody o godz. 9.00, 18.00 i 19.30,<\/strong><\/li>\n\n\n\n<li><strong>Spowied\u017a od godz. 8.30 do 10.00 oraz od 17.30 do 20.30<\/strong>.<\/li>\n<\/ul>\n\n\n\n<ol>\n<li>Adoracja Naj\u015bwi\u0119tszego Sakramentu:<\/li>\n<\/ol>\n\n\n\n<ul>\n<li>w poniedzia\u0142ek, wtorek i \u015brod\u0119 od Mszy \u015bw. wieczornej do godz. 21.30<\/li>\n\n\n\n<li>w czwartek od godz. 15.00 do 18.00.<\/li>\n<\/ul>\n\n\n\n<ol>\n<li>W czwartek o godz. 19.00 spotkanie modlitewne wsp\u00f3lnoty Emaus.<\/li>\n\n\n\n<li>Droga Krzy\u017cowa w pi\u0105tek o godz. 17.00.<\/li>\n\n\n\n<li>M\u0142odzie\u017c i dzieci zapraszamy na Msz\u0119 \u015bw. i spotkania w pi\u0105tek o 18.00.<\/li>\n\n\n\n<li>W ramach inicjatywy 24 godziny M\u0119ki Pa\u0144skiej b\u0119dzie adoracja Naj\u015bwi\u0119tszego Sakramentu od Mszy \u015bw. wieczornej w pi\u0105tek do godz. 17.00 w sobot\u0119.<\/li>\n\n\n\n<li>Ojc\u00f3w zapraszamy na wieczorne spotkanie przy ognisku. B\u0119dzie to czas szczerych rozm\u00f3w o ojcostwie i o tym, jak znale\u017a\u0107 r\u00f3wnowag\u0119 mi\u0119dzy prac\u0105 a \u017cyciem rodzinnym. Spotkanie odb\u0119dzie si\u0119 w sobot\u0119 21 marca o godz. 19.00 na placu za domem parafialnym. Informacja na plakatach i stronie internetowej.<\/li>\n\n\n\n<li>Uczni\u00f3w klas IV i ich rodzic\u00f3w zapraszamy na spotkanie w przysz\u0142\u0105 niedziel\u0119 po Mszy \u015bw. o godz. 12.30.<\/li>\n\n\n\n<li>Kandydat\u00f3w do bierzmowania, grup\u0119 starsz\u0105, zapraszamy na spotkanie w przysz\u0142\u0105 niedziel\u0119 o godz. 19.00.<\/li>\n\n\n\n<li>Zapraszamy na warsztaty muzyczne przygotowuj\u0105ce do \u015bpiewu podczas Triduum Paschalnego w naszej parafii. Warsztaty odb\u0119d\u0105 si\u0119 w dniach 27-29.03,. Zapisy przez formularz na stronie internetowej lub u organisty.<\/li>\n\n\n\n<li>Zach\u0119camy do udzia\u0142u w Ekstremalnej Drodze Krzy\u017cowej w pi\u0105tek 27 marca, kt\u00f3ra rozpocznie si\u0119 Msz\u0105 \u015bw. o godz. 18.30 w ko\u015bciele w Dobrzykowicach. Informacje na ulotkach i plakatach.<\/li>\n\n\n\n<li>Podobnie jak w poprzednich latach zapraszamy na Seder w sobot\u0119 28 marca Zasi\u0105dziemy wsp\u00f3lnie do sto\u0142u i zobaczymy jak Jezus z uczniami celebrowa\u0142 swoj\u0105 ostatni\u0105 Wieczerz\u0119 Paschaln\u0105. Zapisy i szczeg\u00f3\u0142y na plakatach<\/li>\n\n\n\n<li>W \u0142\u0105czniku mo\u017cna kupi\u0107 \u015bwiece Paschaliki Caritas.<\/li>\n<\/ol>\n","protected":false},"excerpt":{"rendered":"","protected":false},"author":2,"featured_media":25071,"comment_status":"closed","ping_status":"open","sticky":false,"template":"","format":"standard","meta":{"_uag_custom_page_level_css":"","ngg_post_thumbnail":0,"footnotes":""},"categories":[10],"tags":[],"jetpack_featured_media_url":"https:\/\/i0.wp.com\/strachocin.archidiecezja.wroc.pl\/wp-content\/uploads\/2023\/03\/ogloszenia-parafia.png?fit=615%2C664&ssl=1","uagb_featured_image_src":{"full":["https:\/\/i0.wp.com\/strachocin.archidiecezja.wroc.pl\/wp-content\/uploads\/2023\/03\/ogloszenia-parafia.png?fit=615%2C664&ssl=1",615,664,false],"thumbnail":["https:\/\/i0.wp.com\/strachocin.archidiecezja.wroc.pl\/wp-content\/uploads\/2023\/03\/ogloszenia-parafia.png?resize=150%2C150&ssl=1",150,150,true],"medium":["https:\/\/i0.wp.com\/strachocin.archidiecezja.wroc.pl\/wp-content\/uploads\/2023\/03\/ogloszenia-parafia.png?fit=278%2C300&ssl=1",278,300,true],"medium_large":["https:\/\/i0.wp.com\/strachocin.archidiecezja.wroc.pl\/wp-content\/uploads\/2023\/03\/ogloszenia-parafia.png?fit=615%2C664&ssl=1",615,664,true],"large":["https:\/\/i0.wp.com\/strachocin.archidiecezja.wroc.pl\/wp-content\/uploads\/2023\/03\/ogloszenia-parafia.png?fit=615%2C664&ssl=1",615,664,true],"1536x1536":["https:\/\/i0.wp.com\/strachocin.archidiecezja.wroc.pl\/wp-content\/uploads\/2023\/03\/ogloszenia-parafia.png?fit=615%2C664&ssl=1",615,664,true],"2048x2048":["https:\/\/i0.wp.com\/strachocin.archidiecezja.wroc.pl\/wp-content\/uploads\/2023\/03\/ogloszenia-parafia.png?fit=615%2C664&ssl=1",615,664,true],"hestia-blog":["https:\/\/i0.wp.com\/strachocin.archidiecezja.wroc.pl\/wp-content\/uploads\/2023\/03\/ogloszenia-parafia.png?resize=360%2C240&ssl=1",360,240,true]},"uagb_author_info":{"display_name":"Proboszcz","author_link":"https:\/\/strachocin.archidiecezja.wroc.pl\/?author=2"},"uagb_comment_info":0,"uagb_excerpt":null,"_links":{"self":[{"href":"https:\/\/strachocin.archidiecezja.wroc.pl\/index.php?rest_route=\/wp\/v2\/posts\/27327"}],"collection":[{"href":"https:\/\/strachocin.archidiecezja.wroc.pl\/index.php?rest_route=\/wp\/v2\/posts"}],"about":[{"href":"https:\/\/strachocin.archidiecezja.wroc.pl\/index.php?rest_route=\/wp\/v2\/types\/post"}],"author":[{"embeddable":true,"href":"https:\/\/strachocin.archidiecezja.wroc.pl\/index.php?rest_route=\/wp\/v2\/users\/2"}],"replies":[{"embeddable":true,"href":"https:\/\/strachocin.archidiecezja.wroc.pl\/index.php?rest_route=%2Fwp%2Fv2%2Fcomments&post=27327"}],"version-history":[{"count":1,"href":"https:\/\/strachocin.archidiecezja.wroc.pl\/index.php?rest_route=\/wp\/v2\/posts\/27327\/revisions"}],"predecessor-version":[{"id":27328,"href":"https:\/\/strachocin.archidiecezja.wroc.pl\/index.php?rest_route=\/wp\/v2\/posts\/27327\/revisions\/27328"}],"wp:featuredmedia":[{"embeddable":true,"href":"https:\/\/strachocin.archidiecezja.wroc.pl\/index.php?rest_route=\/wp\/v2\/media\/25071"}],"wp:attachment":[{"href":"https:\/\/strachocin.archidiecezja.wroc.pl\/index.php?rest_route=%2Fwp%2Fv2%2Fmedia&parent=27327"}],"wp:term":[{"taxonomy":"category","embeddable":true,"href":"https:\/\/strachocin.archidiecezja.wroc.pl\/index.php?rest_route=%2Fwp%2Fv2%2Fcategories&post=27327"},{"taxonomy":"post_tag","embeddable":true,"href":"https:\/\/strachocin.archidiecezja.wroc.pl\/index.php?rest_route=%2Fwp%2Fv2%2Ftags&post=27327"}],"curies":[{"name":"wp","href":"https:\/\/api.w.org\/{rel}","templated":true}]}}