{"id":27318,"date":"2026-03-07T21:32:55","date_gmt":"2026-03-07T20:32:55","guid":{"rendered":"https:\/\/strachocin.archidiecezja.wroc.pl\/?p=27318"},"modified":"2026-03-07T21:33:00","modified_gmt":"2026-03-07T20:33:00","slug":"ekstremalna-droga-krzyzowa-dobrzykowice-27-03-2026","status":"publish","type":"post","link":"https:\/\/strachocin.archidiecezja.wroc.pl\/?p=27318","title":{"rendered":"EKSTREMALNA DROGA KRZY\u017bOWA &#8211; Dobrzykowice 27.03.2026"},"content":{"rendered":"\n<p>Serdecznie zapraszamy<\/p>\n\n\n\n<figure class=\"wp-block-gallery has-nested-images columns-default is-cropped wp-block-gallery-1 is-layout-flex wp-block-gallery-is-layout-flex\">\n<figure class=\"wp-block-image size-large\"><img loading=\"lazy\" decoding=\"async\" width=\"733\" height=\"1024\" data-id=\"27319\" src=\"https:\/\/i0.wp.com\/strachocin.archidiecezja.wroc.pl\/wp-content\/uploads\/2026\/03\/edk-2026.jpg?resize=733%2C1024&#038;ssl=1\" alt=\"\" class=\"wp-image-27319\" srcset=\"https:\/\/i0.wp.com\/strachocin.archidiecezja.wroc.pl\/wp-content\/uploads\/2026\/03\/edk-2026.jpg?resize=733%2C1024&amp;ssl=1 733w, https:\/\/i0.wp.com\/strachocin.archidiecezja.wroc.pl\/wp-content\/uploads\/2026\/03\/edk-2026.jpg?resize=215%2C300&amp;ssl=1 215w, https:\/\/i0.wp.com\/strachocin.archidiecezja.wroc.pl\/wp-content\/uploads\/2026\/03\/edk-2026.jpg?resize=768%2C1073&amp;ssl=1 768w, https:\/\/i0.wp.com\/strachocin.archidiecezja.wroc.pl\/wp-content\/uploads\/2026\/03\/edk-2026.jpg?resize=1099%2C1536&amp;ssl=1 1099w, https:\/\/i0.wp.com\/strachocin.archidiecezja.wroc.pl\/wp-content\/uploads\/2026\/03\/edk-2026.jpg?w=1181&amp;ssl=1 1181w\" sizes=\"(max-width: 733px) 100vw, 733px\" data-recalc-dims=\"1\" \/><\/figure>\n<\/figure>\n\n\n\n<p>W dniu 27 marca 2026 r. po raz kolejny organizujemy Ekstremaln\u0105 Drog\u0119 Krzy\u017cow\u0105 z Dobrzykowic<br>(parafia Gajk\u00f3w), kt\u00f3rej celem jest spotkanie z Bogiem. Tegoroczna Ekstremalna Droga Krzy\u017cowa<br>koncentruje si\u0119 wok\u00f3\u0142 g\u0142\u00f3wnego has\u0142a: \u201d EDK &#8211; podr\u00f3\u017c w g\u0142\u0105b siebie\u201d.<br>Ekstremalna Droga Krzy\u017cowa daje szans\u0119 i mo\u017cliwo\u015b\u0107 poszukiwania nowej si\u0142y poprzez zaufanie Bogu i<br>oddanie si\u0119 Jego mi\u0142o\u015bci.<br>Bardzo prosimy o og\u0142oszenie zawarto\u015bci za\u0142\u0105cznika i udost\u0119pnienie tre\u015bci do wgl\u0105du parafianom.<\/p>\n\n\n\n<p>Przygotowali\u015bmy 5 tras, kt\u00f3re licz\u0105 ok. 40 km:<\/p>\n\n\n\n<ol>\n<li>Trasa dekanalna \u2013 \u015awi\u0119tej Rodziny (z Dobrzykowic do Chrz\u0105stawy Wielkiej)<\/li>\n\n\n\n<li>Trasa Zielona \u2013 \u015bw. Jadwigi \u015al\u0105skiej (z Dobrzykowic do Trzebnicy)<\/li>\n\n\n\n<li>Trasa \u017b\u00f3\u0142ta papieska &#8211; \u015bw. Jana Paw\u0142a II (z Dobrzykowic do Siechnic przez Ratowice)<\/li>\n\n\n\n<li>Trasa Pomara\u0144czowa &#8211; \u015bw. Piotra (z Dobrzykowic do Siechnic przez Kamieniec<br>Wroc\u0142awski)<\/li>\n\n\n\n<li>Trasa Fioletowa &#8211; \u015bw. Carlo Acutisa (okr\u0119\u017cna z Dobrzykowic do Dobrzykowic<br>W gablocie przy wyj\u015bciu z ko\u015bcio\u0142a powieszone s\u0105 plakaty, a na stoliku ulotki. Prosimy o zapoznanie si\u0119<br>ze szczeg\u00f3\u0142ami i wzi\u0119cie udzia\u0142u w tym wydarzeniu.<\/li>\n<\/ol>\n\n\n\n<p>Organizatorzy EDK 2026<br>Dobrzykowice<\/p>\n","protected":false},"excerpt":{"rendered":"<p>Serdecznie zapraszamy W dniu 27 marca 2026 r. po raz kolejny organizujemy Ekstremaln\u0105 Drog\u0119 Krzy\u017cow\u0105 z Dobrzykowic(parafia Gajk\u00f3w), kt\u00f3rej celem jest spotkanie z Bogiem. Tegoroczna Ekstremalna Droga Krzy\u017cowakoncentruje si\u0119 wok\u00f3\u0142 g\u0142\u00f3wnego has\u0142a: \u201d EDK &#8211; podr\u00f3\u017c w g\u0142\u0105b siebie\u201d.Ekstremalna Droga Krzy\u017cowa daje szans\u0119 i mo\u017cliwo\u015b\u0107 poszukiwania nowej si\u0142y poprzez zaufanie [&hellip;]<\/p>\n","protected":false},"author":2,"featured_media":27319,"comment_status":"closed","ping_status":"open","sticky":false,"template":"","format":"standard","meta":{"_uag_custom_page_level_css":"","ngg_post_thumbnail":0,"footnotes":""},"categories":[12],"tags":[],"jetpack_featured_media_url":"https:\/\/i0.wp.com\/strachocin.archidiecezja.wroc.pl\/wp-content\/uploads\/2026\/03\/edk-2026.jpg?fit=1181%2C1650&ssl=1","uagb_featured_image_src":{"full":["https:\/\/i0.wp.com\/strachocin.archidiecezja.wroc.pl\/wp-content\/uploads\/2026\/03\/edk-2026.jpg?fit=1181%2C1650&ssl=1",1181,1650,false],"thumbnail":["https:\/\/i0.wp.com\/strachocin.archidiecezja.wroc.pl\/wp-content\/uploads\/2026\/03\/edk-2026.jpg?resize=150%2C150&ssl=1",150,150,true],"medium":["https:\/\/i0.wp.com\/strachocin.archidiecezja.wroc.pl\/wp-content\/uploads\/2026\/03\/edk-2026.jpg?fit=215%2C300&ssl=1",215,300,true],"medium_large":["https:\/\/i0.wp.com\/strachocin.archidiecezja.wroc.pl\/wp-content\/uploads\/2026\/03\/edk-2026.jpg?fit=750%2C1048&ssl=1",750,1048,true],"large":["https:\/\/i0.wp.com\/strachocin.archidiecezja.wroc.pl\/wp-content\/uploads\/2026\/03\/edk-2026.jpg?fit=733%2C1024&ssl=1",733,1024,true],"1536x1536":["https:\/\/i0.wp.com\/strachocin.archidiecezja.wroc.pl\/wp-content\/uploads\/2026\/03\/edk-2026.jpg?fit=1099%2C1536&ssl=1",1099,1536,true],"2048x2048":["https:\/\/i0.wp.com\/strachocin.archidiecezja.wroc.pl\/wp-content\/uploads\/2026\/03\/edk-2026.jpg?fit=1181%2C1650&ssl=1",1181,1650,true],"hestia-blog":["https:\/\/i0.wp.com\/strachocin.archidiecezja.wroc.pl\/wp-content\/uploads\/2026\/03\/edk-2026.jpg?resize=360%2C240&ssl=1",360,240,true]},"uagb_author_info":{"display_name":"Proboszcz","author_link":"https:\/\/strachocin.archidiecezja.wroc.pl\/?author=2"},"uagb_comment_info":0,"uagb_excerpt":"Serdecznie zapraszamy W dniu 27 marca 2026 r. po raz kolejny organizujemy Ekstremaln\u0105 Drog\u0119 Krzy\u017cow\u0105 z Dobrzykowic(parafia Gajk\u00f3w), kt\u00f3rej celem jest spotkanie z Bogiem. Tegoroczna Ekstremalna Droga Krzy\u017cowakoncentruje si\u0119 wok\u00f3\u0142 g\u0142\u00f3wnego has\u0142a: \u201d EDK &#8211; podr\u00f3\u017c w g\u0142\u0105b siebie\u201d.Ekstremalna Droga Krzy\u017cowa daje szans\u0119 i mo\u017cliwo\u015b\u0107 poszukiwania nowej si\u0142y poprzez zaufanie [&hellip;]","_links":{"self":[{"href":"https:\/\/strachocin.archidiecezja.wroc.pl\/index.php?rest_route=\/wp\/v2\/posts\/27318"}],"collection":[{"href":"https:\/\/strachocin.archidiecezja.wroc.pl\/index.php?rest_route=\/wp\/v2\/posts"}],"about":[{"href":"https:\/\/strachocin.archidiecezja.wroc.pl\/index.php?rest_route=\/wp\/v2\/types\/post"}],"author":[{"embeddable":true,"href":"https:\/\/strachocin.archidiecezja.wroc.pl\/index.php?rest_route=\/wp\/v2\/users\/2"}],"replies":[{"embeddable":true,"href":"https:\/\/strachocin.archidiecezja.wroc.pl\/index.php?rest_route=%2Fwp%2Fv2%2Fcomments&post=27318"}],"version-history":[{"count":1,"href":"https:\/\/strachocin.archidiecezja.wroc.pl\/index.php?rest_route=\/wp\/v2\/posts\/27318\/revisions"}],"predecessor-version":[{"id":27320,"href":"https:\/\/strachocin.archidiecezja.wroc.pl\/index.php?rest_route=\/wp\/v2\/posts\/27318\/revisions\/27320"}],"wp:featuredmedia":[{"embeddable":true,"href":"https:\/\/strachocin.archidiecezja.wroc.pl\/index.php?rest_route=\/wp\/v2\/media\/27319"}],"wp:attachment":[{"href":"https:\/\/strachocin.archidiecezja.wroc.pl\/index.php?rest_route=%2Fwp%2Fv2%2Fmedia&parent=27318"}],"wp:term":[{"taxonomy":"category","embeddable":true,"href":"https:\/\/strachocin.archidiecezja.wroc.pl\/index.php?rest_route=%2Fwp%2Fv2%2Fcategories&post=27318"},{"taxonomy":"post_tag","embeddable":true,"href":"https:\/\/strachocin.archidiecezja.wroc.pl\/index.php?rest_route=%2Fwp%2Fv2%2Ftags&post=27318"}],"curies":[{"name":"wp","href":"https:\/\/api.w.org\/{rel}","templated":true}]}}