{"id":27094,"date":"2025-11-30T00:02:41","date_gmt":"2025-11-29T23:02:41","guid":{"rendered":"https:\/\/strachocin.archidiecezja.wroc.pl\/?p=27094"},"modified":"2025-11-30T00:02:48","modified_gmt":"2025-11-29T23:02:48","slug":"ogloszenia-parafialne-1-niedziela-adwentu-30-listopada-2025r","status":"publish","type":"post","link":"https:\/\/strachocin.archidiecezja.wroc.pl\/?p=27094","title":{"rendered":"OG\u0141OSZENIA PARAFIALNE &#8211;  1 Niedziela Adwentu &#8211; 30 listopada 2025r."},"content":{"rendered":"\n<p>1. Dzi\u015b o godz. 19.00 spotkania kandydat\u00f3w do bierzmowania (grupa starsza).<\/p>\n\n\n\n<p>2. Roraty odprawiamy od poniedzia\u0142ku do soboty o godz. 6.00.<\/p>\n\n\n\n<p>3. Adoracja Naj\u015bwi\u0119tszego Sakramentu:<\/p>\n\n\n\n<p>&#8211; w poniedzia\u0142ek, wtorek i \u015brod\u0119 od Mszy \u015bw. wieczornej do godz. 21.30,<\/p>\n\n\n\n<p>&#8211; w czwartek&nbsp;&nbsp;&nbsp;&nbsp;&nbsp;&nbsp;&nbsp;&nbsp;&nbsp;&nbsp;&nbsp;&nbsp;&nbsp;&nbsp;&nbsp;&nbsp;&nbsp;&nbsp;&nbsp;&nbsp;&nbsp;&nbsp;&nbsp;&nbsp;&nbsp;&nbsp;&nbsp;&nbsp;&nbsp;&nbsp;&nbsp;&nbsp;&nbsp;&nbsp;&nbsp;&nbsp;&nbsp;&nbsp; &nbsp;&nbsp;&nbsp;&nbsp;&nbsp;&nbsp;&nbsp; od godz. 15.00 do 18.00.<\/p>\n\n\n\n<p>We wtorek podczas adoracji dy\u017cur modlitwy wstawienniczej.<\/p>\n\n\n\n<p>4. Kolejne spotkanie Studium Biblijnego odb\u0119dzie si\u0119 w \u015brod\u0119 19.15.<\/p>\n\n\n\n<p>5. W czwartek o godz. 19.00 spotkanie modlitewne wsp\u00f3lnoty Emaus.<\/p>\n\n\n\n<p>6. W pi\u0105tek przed po\u0142udniem Komunia \u015bw. u chorych.<\/p>\n\n\n\n<p>Spowied\u017a od godz. 17.00.<\/p>\n\n\n\n<p>Dzieci, m\u0142odzie\u017c i doros\u0142ych zapraszamy na Msz\u0119 \u015bw. adoracj\u0119 Naj\u015bwi\u0119tszego Sakramentu oraz wsp\u00f3lne uwielbienie w pi\u0105tek o godz. 19.00.<\/p>\n\n\n\n<p><strong>W spos\u00f3b szczeg\u00f3lny zapraszamy dzieci, gdy\u017c po modlitwie b\u0119dzie spotkanie ze \u015awi\u0119tym Miko\u0142ajem.<\/strong><\/p>\n\n\n\n<p>7. W sobot\u0119 po Mszy \u015bw. o godz. 9.00 Nabo\u017ce\u0144stwo Pierwszych Sob\u00f3t Miesi\u0105ca.<\/p>\n\n\n\n<p>8. Senior\u00f3w zapraszamy na spotkanie w sobot\u0119 o 10.00. Tytu\u0142 spotkania: Czy moje serce to jest muzyk. Naszym go\u015bciem b\u0119dzie dr Ryszard \u015aciborski, kardiolog.<\/p>\n\n\n\n<p>9. W przysz\u0142\u0105 niedziel\u0119:<\/p>\n\n\n\n<p>&#8211; po Mszy \u015bw. o godz. 9.30 zmiana Tajemnic R\u00f3\u017ca\u0144cowych,<\/p>\n\n\n\n<p>&#8211; po Mszy \u015bw. o godz. 12.30 Rejonowy Dzie\u0144 Wsp\u00f3lnoty Ruchu \u015awiat\u0142o-\u017bycie,<\/p>\n\n\n\n<p>&#8211; o godz. 19.00 spotkania kandydat\u00f3w do bierzmowania (obie grupy),<\/p>\n\n\n\n<p>&#8211; taca b\u0119dzie przeznaczona na dalsze prace remontowe w dawnej kaplicy.<\/p>\n\n\n\n<p>10. Rekolekcje adwentowe w naszej parafii b\u0119d\u0105 od 14 do 17 grudnia. Nauki b\u0119dzie g\u0142osi\u0142 o. Mieczys\u0142aw \u0141usiak SJ.<\/p>\n\n\n\n<p>11. Najbli\u017csze spotkanie dla wszystkich dzieci komunijnych, uczni\u00f3w klas IV oraz ich rodzic\u00f3w b\u0119dzie, w niedziel\u0119 14 grudnia po Mszy \u015bw. &nbsp;12.30.<\/p>\n\n\n\n<p>12. Poradnia Rodzinna zaprasza na warsztaty z elementami ruchu pt.: &#8222;Empatia &#8211; szansa czy zagro\u017cenie?&#8221;, kt\u00f3re odb\u0119d\u0105 si\u0119 w sobot\u0119 13 grudnia, o godz. 10.00. Obowi\u0105zuj\u0105 zapisy, zg\u0142oszenia&nbsp;telefonicznie lub mailowo. Szczeg\u00f3\u0142y na plakacie.<\/p>\n\n\n\n<p>13. Poradnia Rodzinna zapraszam na warsztaty na temat psychomotoryki integracji sensorycznej w sobot\u0119 13 grudnia od 10.00 od 15.00.<\/p>\n\n\n\n<p>14. W \u0142\u0105czniku s\u0105 do nabycia op\u0142atki wigilijne, \u015bwiece Caritas oraz ksi\u0105\u017cka dla dzieci \u201eW brzozowym zagajniku\u201d.<\/p>\n","protected":false},"excerpt":{"rendered":"<p>1. Dzi\u015b o godz. 19.00 spotkania kandydat\u00f3w do bierzmowania (grupa starsza). 2. Roraty odprawiamy od poniedzia\u0142ku do soboty o godz. 6.00. 3. Adoracja Naj\u015bwi\u0119tszego Sakramentu: &#8211; w poniedzia\u0142ek, wtorek i \u015brod\u0119 od Mszy \u015bw. wieczornej do godz. 21.30, &#8211; w czwartek&nbsp;&nbsp;&nbsp;&nbsp;&nbsp;&nbsp;&nbsp;&nbsp;&nbsp;&nbsp;&nbsp;&nbsp;&nbsp;&nbsp;&nbsp;&nbsp;&nbsp;&nbsp;&nbsp;&nbsp;&nbsp;&nbsp;&nbsp;&nbsp;&nbsp;&nbsp;&nbsp;&nbsp;&nbsp;&nbsp;&nbsp;&nbsp;&nbsp;&nbsp;&nbsp;&nbsp;&nbsp;&nbsp; &nbsp;&nbsp;&nbsp;&nbsp;&nbsp;&nbsp;&nbsp; od godz. 15.00 do 18.00. We wtorek podczas [&hellip;]<\/p>\n","protected":false},"author":2,"featured_media":25071,"comment_status":"closed","ping_status":"open","sticky":false,"template":"","format":"standard","meta":{"_uag_custom_page_level_css":"","ngg_post_thumbnail":0,"footnotes":""},"categories":[10],"tags":[],"jetpack_featured_media_url":"https:\/\/i0.wp.com\/strachocin.archidiecezja.wroc.pl\/wp-content\/uploads\/2023\/03\/ogloszenia-parafia.png?fit=615%2C664&ssl=1","uagb_featured_image_src":{"full":["https:\/\/i0.wp.com\/strachocin.archidiecezja.wroc.pl\/wp-content\/uploads\/2023\/03\/ogloszenia-parafia.png?fit=615%2C664&ssl=1",615,664,false],"thumbnail":["https:\/\/i0.wp.com\/strachocin.archidiecezja.wroc.pl\/wp-content\/uploads\/2023\/03\/ogloszenia-parafia.png?resize=150%2C150&ssl=1",150,150,true],"medium":["https:\/\/i0.wp.com\/strachocin.archidiecezja.wroc.pl\/wp-content\/uploads\/2023\/03\/ogloszenia-parafia.png?fit=278%2C300&ssl=1",278,300,true],"medium_large":["https:\/\/i0.wp.com\/strachocin.archidiecezja.wroc.pl\/wp-content\/uploads\/2023\/03\/ogloszenia-parafia.png?fit=615%2C664&ssl=1",615,664,true],"large":["https:\/\/i0.wp.com\/strachocin.archidiecezja.wroc.pl\/wp-content\/uploads\/2023\/03\/ogloszenia-parafia.png?fit=615%2C664&ssl=1",615,664,true],"1536x1536":["https:\/\/i0.wp.com\/strachocin.archidiecezja.wroc.pl\/wp-content\/uploads\/2023\/03\/ogloszenia-parafia.png?fit=615%2C664&ssl=1",615,664,true],"2048x2048":["https:\/\/i0.wp.com\/strachocin.archidiecezja.wroc.pl\/wp-content\/uploads\/2023\/03\/ogloszenia-parafia.png?fit=615%2C664&ssl=1",615,664,true],"hestia-blog":["https:\/\/i0.wp.com\/strachocin.archidiecezja.wroc.pl\/wp-content\/uploads\/2023\/03\/ogloszenia-parafia.png?resize=360%2C240&ssl=1",360,240,true]},"uagb_author_info":{"display_name":"Proboszcz","author_link":"https:\/\/strachocin.archidiecezja.wroc.pl\/?author=2"},"uagb_comment_info":0,"uagb_excerpt":"1. Dzi\u015b o godz. 19.00 spotkania kandydat\u00f3w do bierzmowania (grupa starsza). 2. Roraty odprawiamy od poniedzia\u0142ku do soboty o godz. 6.00. 3. Adoracja Naj\u015bwi\u0119tszego Sakramentu: &#8211; w poniedzia\u0142ek, wtorek i \u015brod\u0119 od Mszy \u015bw. wieczornej do godz. 21.30, &#8211; w czwartek&nbsp;&nbsp;&nbsp;&nbsp;&nbsp;&nbsp;&nbsp;&nbsp;&nbsp;&nbsp;&nbsp;&nbsp;&nbsp;&nbsp;&nbsp;&nbsp;&nbsp;&nbsp;&nbsp;&nbsp;&nbsp;&nbsp;&nbsp;&nbsp;&nbsp;&nbsp;&nbsp;&nbsp;&nbsp;&nbsp;&nbsp;&nbsp;&nbsp;&nbsp;&nbsp;&nbsp;&nbsp;&nbsp; &nbsp;&nbsp;&nbsp;&nbsp;&nbsp;&nbsp;&nbsp; od godz. 15.00 do 18.00. We wtorek podczas [&hellip;]","_links":{"self":[{"href":"https:\/\/strachocin.archidiecezja.wroc.pl\/index.php?rest_route=\/wp\/v2\/posts\/27094"}],"collection":[{"href":"https:\/\/strachocin.archidiecezja.wroc.pl\/index.php?rest_route=\/wp\/v2\/posts"}],"about":[{"href":"https:\/\/strachocin.archidiecezja.wroc.pl\/index.php?rest_route=\/wp\/v2\/types\/post"}],"author":[{"embeddable":true,"href":"https:\/\/strachocin.archidiecezja.wroc.pl\/index.php?rest_route=\/wp\/v2\/users\/2"}],"replies":[{"embeddable":true,"href":"https:\/\/strachocin.archidiecezja.wroc.pl\/index.php?rest_route=%2Fwp%2Fv2%2Fcomments&post=27094"}],"version-history":[{"count":1,"href":"https:\/\/strachocin.archidiecezja.wroc.pl\/index.php?rest_route=\/wp\/v2\/posts\/27094\/revisions"}],"predecessor-version":[{"id":27095,"href":"https:\/\/strachocin.archidiecezja.wroc.pl\/index.php?rest_route=\/wp\/v2\/posts\/27094\/revisions\/27095"}],"wp:featuredmedia":[{"embeddable":true,"href":"https:\/\/strachocin.archidiecezja.wroc.pl\/index.php?rest_route=\/wp\/v2\/media\/25071"}],"wp:attachment":[{"href":"https:\/\/strachocin.archidiecezja.wroc.pl\/index.php?rest_route=%2Fwp%2Fv2%2Fmedia&parent=27094"}],"wp:term":[{"taxonomy":"category","embeddable":true,"href":"https:\/\/strachocin.archidiecezja.wroc.pl\/index.php?rest_route=%2Fwp%2Fv2%2Fcategories&post=27094"},{"taxonomy":"post_tag","embeddable":true,"href":"https:\/\/strachocin.archidiecezja.wroc.pl\/index.php?rest_route=%2Fwp%2Fv2%2Ftags&post=27094"}],"curies":[{"name":"wp","href":"https:\/\/api.w.org\/{rel}","templated":true}]}}