{"id":27074,"date":"2025-11-22T22:46:36","date_gmt":"2025-11-22T21:46:36","guid":{"rendered":"https:\/\/strachocin.archidiecezja.wroc.pl\/?p=27074"},"modified":"2025-11-22T22:46:42","modified_gmt":"2025-11-22T21:46:42","slug":"ogloszenia-parafialne-niedziela-chrystusa-krola-23-listopada-2025r","status":"publish","type":"post","link":"https:\/\/strachocin.archidiecezja.wroc.pl\/?p=27074","title":{"rendered":"OG\u0141OSZENIA PARAFIALNE &#8211;  Niedziela Chrystusa Kr\u00f3la &#8211; 23 listopada 2025r."},"content":{"rendered":"\n<p>1. Dzi\u015b:<\/p>\n\n\n\n<p>&#8211; po Msz \u015bw. o godz. 12.30 spotkanie uczni\u00f3w klas IV i ich rodzic\u00f3w,<\/p>\n\n\n\n<p>&#8211; o godz. 19.00 spotkania kandydat\u00f3w do bierzmowania (obie grupy).<\/p>\n\n\n\n<p>2. Adoracja Naj\u015bwi\u0119tszego Sakramentu:<\/p>\n\n\n\n<p>&#8211; w poniedzia\u0142ek, wtorek i \u015brod\u0119 od Mszy \u015bw. wieczornej do godz. 21.30,<\/p>\n\n\n\n<p>&#8211; w czwartek&nbsp;&nbsp;&nbsp;&nbsp;&nbsp;&nbsp;&nbsp;&nbsp;&nbsp;&nbsp;&nbsp;&nbsp;&nbsp;&nbsp;&nbsp;&nbsp;&nbsp;&nbsp;&nbsp;&nbsp;&nbsp;&nbsp;&nbsp;&nbsp;&nbsp;&nbsp;&nbsp;&nbsp;&nbsp;&nbsp;&nbsp;&nbsp;&nbsp;&nbsp;&nbsp;&nbsp;&nbsp;&nbsp; &nbsp;&nbsp;&nbsp;&nbsp;&nbsp;&nbsp;&nbsp; od godz. 15.00 do 18.00.<\/p>\n\n\n\n<p>We wtorek podczas adoracji dy\u017cur modlitwy wstawienniczej.<\/p>\n\n\n\n<p>3. W czwartek o godz. 19.00 spotkanie modlitewne wsp\u00f3lnoty Emaus.<\/p>\n\n\n\n<p>4. Dzieci i m\u0142odzie\u017c zapraszamy na Msz\u0119 \u015bw. i spotkania w pi\u0105tek o godz. 18.00.<\/p>\n\n\n\n<p>5. W sobot\u0119 29 grudnia, z racji rozpocz\u0119cia Adwentu, o godz. 19.00 b\u0119d\u0105 uroczyste Nieszpory oraz adoracja Naj\u015bwi\u0119tszego Sakramentu do godz. 22.00. Podczas adoracji b\u0119dzie r\u00f3wnie\u017c spowied\u017a. Natomiast o godz. 16.00 rozpocznie si\u0119 spotkanie formacyjne dla s\u0142u\u017cby liturgicznej. Zapraszamy s\u0142u\u017cb\u0119 liturgiczn\u0105 uraz wszystkich, kt\u00f3rzy chcieliby s\u0142u\u017cy\u0107 jako ministranci.<\/p>\n\n\n\n<p>6. Roraty odprawia\u0107 b\u0119dziemy podczas Adwentu od poniedzia\u0142ku do soboty o 6.00. Rekolekcje adwentowe w naszej parafii b\u0119d\u0105 od 14 do 17 grudnia. Nauki b\u0119dzie g\u0142osi\u0142 o. Mieczys\u0142aw \u0141usiak SJ.<\/p>\n\n\n\n<p>7. Kolejne spotkanie studium biblijnego odb\u0119dzie si\u0119 w pierwsz\u0105 \u015brod\u0119 miesi\u0105ca, 3 grudnia o godz. 19.15.<\/p>\n\n\n\n<p>8. Duszpasterstwo Rodzin zaprasza rodzic\u00f3w, kt\u00f3rzy stracili dziecko na rekolekcje w dniach od 12 do 14 grudnia w Bardzie \u015al\u0105skim. Informacje o zapisach na stornie internetowej parafii.<\/p>\n","protected":false},"excerpt":{"rendered":"<p>1. Dzi\u015b: &#8211; po Msz \u015bw. o godz. 12.30 spotkanie uczni\u00f3w klas IV i ich rodzic\u00f3w, &#8211; o godz. 19.00 spotkania kandydat\u00f3w do bierzmowania (obie grupy). 2. Adoracja Naj\u015bwi\u0119tszego Sakramentu: &#8211; w poniedzia\u0142ek, wtorek i \u015brod\u0119 od Mszy \u015bw. wieczornej do godz. 21.30, &#8211; w czwartek&nbsp;&nbsp;&nbsp;&nbsp;&nbsp;&nbsp;&nbsp;&nbsp;&nbsp;&nbsp;&nbsp;&nbsp;&nbsp;&nbsp;&nbsp;&nbsp;&nbsp;&nbsp;&nbsp;&nbsp;&nbsp;&nbsp;&nbsp;&nbsp;&nbsp;&nbsp;&nbsp;&nbsp;&nbsp;&nbsp;&nbsp;&nbsp;&nbsp;&nbsp;&nbsp;&nbsp;&nbsp;&nbsp; &nbsp;&nbsp;&nbsp;&nbsp;&nbsp;&nbsp;&nbsp; od godz. 15.00 [&hellip;]<\/p>\n","protected":false},"author":2,"featured_media":25071,"comment_status":"closed","ping_status":"open","sticky":false,"template":"","format":"standard","meta":{"_uag_custom_page_level_css":"","ngg_post_thumbnail":0,"footnotes":""},"categories":[10],"tags":[],"jetpack_featured_media_url":"https:\/\/i0.wp.com\/strachocin.archidiecezja.wroc.pl\/wp-content\/uploads\/2023\/03\/ogloszenia-parafia.png?fit=615%2C664&ssl=1","uagb_featured_image_src":{"full":["https:\/\/i0.wp.com\/strachocin.archidiecezja.wroc.pl\/wp-content\/uploads\/2023\/03\/ogloszenia-parafia.png?fit=615%2C664&ssl=1",615,664,false],"thumbnail":["https:\/\/i0.wp.com\/strachocin.archidiecezja.wroc.pl\/wp-content\/uploads\/2023\/03\/ogloszenia-parafia.png?resize=150%2C150&ssl=1",150,150,true],"medium":["https:\/\/i0.wp.com\/strachocin.archidiecezja.wroc.pl\/wp-content\/uploads\/2023\/03\/ogloszenia-parafia.png?fit=278%2C300&ssl=1",278,300,true],"medium_large":["https:\/\/i0.wp.com\/strachocin.archidiecezja.wroc.pl\/wp-content\/uploads\/2023\/03\/ogloszenia-parafia.png?fit=615%2C664&ssl=1",615,664,true],"large":["https:\/\/i0.wp.com\/strachocin.archidiecezja.wroc.pl\/wp-content\/uploads\/2023\/03\/ogloszenia-parafia.png?fit=615%2C664&ssl=1",615,664,true],"1536x1536":["https:\/\/i0.wp.com\/strachocin.archidiecezja.wroc.pl\/wp-content\/uploads\/2023\/03\/ogloszenia-parafia.png?fit=615%2C664&ssl=1",615,664,true],"2048x2048":["https:\/\/i0.wp.com\/strachocin.archidiecezja.wroc.pl\/wp-content\/uploads\/2023\/03\/ogloszenia-parafia.png?fit=615%2C664&ssl=1",615,664,true],"hestia-blog":["https:\/\/i0.wp.com\/strachocin.archidiecezja.wroc.pl\/wp-content\/uploads\/2023\/03\/ogloszenia-parafia.png?resize=360%2C240&ssl=1",360,240,true]},"uagb_author_info":{"display_name":"Proboszcz","author_link":"https:\/\/strachocin.archidiecezja.wroc.pl\/?author=2"},"uagb_comment_info":0,"uagb_excerpt":"1. Dzi\u015b: &#8211; po Msz \u015bw. o godz. 12.30 spotkanie uczni\u00f3w klas IV i ich rodzic\u00f3w, &#8211; o godz. 19.00 spotkania kandydat\u00f3w do bierzmowania (obie grupy). 2. Adoracja Naj\u015bwi\u0119tszego Sakramentu: &#8211; w poniedzia\u0142ek, wtorek i \u015brod\u0119 od Mszy \u015bw. wieczornej do godz. 21.30, &#8211; w czwartek&nbsp;&nbsp;&nbsp;&nbsp;&nbsp;&nbsp;&nbsp;&nbsp;&nbsp;&nbsp;&nbsp;&nbsp;&nbsp;&nbsp;&nbsp;&nbsp;&nbsp;&nbsp;&nbsp;&nbsp;&nbsp;&nbsp;&nbsp;&nbsp;&nbsp;&nbsp;&nbsp;&nbsp;&nbsp;&nbsp;&nbsp;&nbsp;&nbsp;&nbsp;&nbsp;&nbsp;&nbsp;&nbsp; &nbsp;&nbsp;&nbsp;&nbsp;&nbsp;&nbsp;&nbsp; od godz. 15.00 [&hellip;]","_links":{"self":[{"href":"https:\/\/strachocin.archidiecezja.wroc.pl\/index.php?rest_route=\/wp\/v2\/posts\/27074"}],"collection":[{"href":"https:\/\/strachocin.archidiecezja.wroc.pl\/index.php?rest_route=\/wp\/v2\/posts"}],"about":[{"href":"https:\/\/strachocin.archidiecezja.wroc.pl\/index.php?rest_route=\/wp\/v2\/types\/post"}],"author":[{"embeddable":true,"href":"https:\/\/strachocin.archidiecezja.wroc.pl\/index.php?rest_route=\/wp\/v2\/users\/2"}],"replies":[{"embeddable":true,"href":"https:\/\/strachocin.archidiecezja.wroc.pl\/index.php?rest_route=%2Fwp%2Fv2%2Fcomments&post=27074"}],"version-history":[{"count":1,"href":"https:\/\/strachocin.archidiecezja.wroc.pl\/index.php?rest_route=\/wp\/v2\/posts\/27074\/revisions"}],"predecessor-version":[{"id":27075,"href":"https:\/\/strachocin.archidiecezja.wroc.pl\/index.php?rest_route=\/wp\/v2\/posts\/27074\/revisions\/27075"}],"wp:featuredmedia":[{"embeddable":true,"href":"https:\/\/strachocin.archidiecezja.wroc.pl\/index.php?rest_route=\/wp\/v2\/media\/25071"}],"wp:attachment":[{"href":"https:\/\/strachocin.archidiecezja.wroc.pl\/index.php?rest_route=%2Fwp%2Fv2%2Fmedia&parent=27074"}],"wp:term":[{"taxonomy":"category","embeddable":true,"href":"https:\/\/strachocin.archidiecezja.wroc.pl\/index.php?rest_route=%2Fwp%2Fv2%2Fcategories&post=27074"},{"taxonomy":"post_tag","embeddable":true,"href":"https:\/\/strachocin.archidiecezja.wroc.pl\/index.php?rest_route=%2Fwp%2Fv2%2Ftags&post=27074"}],"curies":[{"name":"wp","href":"https:\/\/api.w.org\/{rel}","templated":true}]}}