{"id":27063,"date":"2025-11-15T22:42:05","date_gmt":"2025-11-15T21:42:05","guid":{"rendered":"https:\/\/strachocin.archidiecezja.wroc.pl\/?p=27063"},"modified":"2025-11-15T22:42:17","modified_gmt":"2025-11-15T21:42:17","slug":"rekolekcje-dla-rodzicow-po-stracie-dziecka-bardo-slaskie-12-14-grudnia-2025","status":"publish","type":"post","link":"https:\/\/strachocin.archidiecezja.wroc.pl\/?p=27063","title":{"rendered":"REKOLEKCJE DLA RODZIC\u00d3W PO STRACIE DZIECKA &#8211; Bardo \u015al\u0105skie 12-14 grudnia 2025"},"content":{"rendered":"\n<figure class=\"wp-block-gallery has-nested-images columns-default is-cropped wp-block-gallery-1 is-layout-flex wp-block-gallery-is-layout-flex\">\n<figure class=\"wp-block-image size-large\"><img loading=\"lazy\" decoding=\"async\" width=\"724\" height=\"1024\" data-id=\"27064\" src=\"https:\/\/i0.wp.com\/strachocin.archidiecezja.wroc.pl\/wp-content\/uploads\/2025\/11\/bardo.jpg?resize=724%2C1024&#038;ssl=1\" alt=\"\" class=\"wp-image-27064\" srcset=\"https:\/\/i0.wp.com\/strachocin.archidiecezja.wroc.pl\/wp-content\/uploads\/2025\/11\/bardo.jpg?resize=724%2C1024&amp;ssl=1 724w, https:\/\/i0.wp.com\/strachocin.archidiecezja.wroc.pl\/wp-content\/uploads\/2025\/11\/bardo.jpg?resize=212%2C300&amp;ssl=1 212w, https:\/\/i0.wp.com\/strachocin.archidiecezja.wroc.pl\/wp-content\/uploads\/2025\/11\/bardo.jpg?resize=768%2C1086&amp;ssl=1 768w, https:\/\/i0.wp.com\/strachocin.archidiecezja.wroc.pl\/wp-content\/uploads\/2025\/11\/bardo.jpg?resize=1086%2C1536&amp;ssl=1 1086w, https:\/\/i0.wp.com\/strachocin.archidiecezja.wroc.pl\/wp-content\/uploads\/2025\/11\/bardo.jpg?w=1414&amp;ssl=1 1414w\" sizes=\"(max-width: 724px) 100vw, 724px\" data-recalc-dims=\"1\" \/><\/figure>\n<\/figure>\n\n\n\n<p>\u201eJa jestem z wami\u201d &#8211; rekolekcje dla rodzic\u00f3w po stracie dziecka odb\u0119d\u0105 si\u0119 w dniach 12-14 grudnia<br>2025 roku w Domu Rekolekcyjnym Si\u00f3str Bo\u017cego Serca Jezusa przy ul. Krakowskiej 27 w Bardzie<br>\u015al\u0105skim.<br>Rekolekcje te adresowane s\u0105 do rodzic\u00f3w, kt\u00f3rzy stracili dziecko lub kilkoro dzieci w r\u00f3\u017cnych<br>okoliczno\u015bciach: w wyniku poronienia, martwego urodzenia, wypadku, choroby, samob\u00f3jstwa, czy<br>morderstwa. &#8222;Takie do\u015bwiadczenie zupe\u0142nie zmienia \u017cycie rodzic\u00f3w i domaga si\u0119 szczeg\u00f3lnej<br>delikatno\u015bci i szacunku&#8221;- przekonuj\u0105 organizatorzy rekolekcji. Zauwa\u017caj\u0105c jednocze\u015bnie, \u017ce rodzice ci<br>cz\u0119sto s\u0105 pozostawieni sami sobie z t\u0105 tragedi\u0105. A niekt\u00f3rzy z nich w tym cierpieniu trac\u0105 sens \u017cycia,<br>wiar\u0119 i relacje, a pytanie \u201edlaczego?\u201d dr\u0119czy ich codziennie.<br>Te rekolekcje organizowane s\u0105 dla nich po to, by mogli wsp\u00f3lnie z innymi rodzicami po stracie,<br>prze\u017cy\u0107 \u017ca\u0142ob\u0119, porozmawia\u0107, podzieli\u0107 si\u0119 swoim b\u00f3lem. To czas na modlitw\u0119, umocnienie wiary,<br>rozmowy z psychologiem i kap\u0142anami.<br>Pocz\u0105tek rekolekcji w pi\u0105tek (12 grudnia) o 17.30, a zako\u0144czenie w niedziel\u0119 o 14.00. W programie<br>msza \u015bw., konferencje, spotkania z psychologiem oraz kap\u0142anem, rozmowy z innymi rodzicami po<br>stracie dziecka. Na rekolekcje mog\u0105 przyjecha\u0107 ma\u0142\u017conkowie oraz osoby indywidualne. Mog\u0105 si\u0119 na<br>nie zg\u0142asza\u0107 rodzice z ca\u0142ej Polski, b\u0119d\u0105cy na r\u00f3\u017cnym etapie \u017ca\u0142oby.<br>Rekolekcje organizowane s\u0105 przez Duszpasterstwo Rodzin Diecezji Wroc\u0142awskiej. W ekipie<br>rekolekcyjnej s\u0105: Ks. Biskup, ksi\u0119\u017ca, psycholog i rodzice po stracie dziecka.<br>Zapisy ju\u017c ruszy\u0142y. Mo\u017cna si\u0119 zg\u0142asza\u0107 pod numerem telefonu 508&nbsp;098 589 lub mailowo na adres:<br>rekolekcje.postracie@gmail.com .<br>Fb: Dla rodzic\u00f3w po stracie dziecka<\/p>\n","protected":false},"excerpt":{"rendered":"<p>\u201eJa jestem z wami\u201d &#8211; rekolekcje dla rodzic\u00f3w po stracie dziecka odb\u0119d\u0105 si\u0119 w dniach 12-14 grudnia2025 roku w Domu Rekolekcyjnym Si\u00f3str Bo\u017cego Serca Jezusa przy ul. Krakowskiej 27 w Bardzie\u015al\u0105skim.Rekolekcje te adresowane s\u0105 do rodzic\u00f3w, kt\u00f3rzy stracili dziecko lub kilkoro dzieci w r\u00f3\u017cnychokoliczno\u015bciach: w wyniku poronienia, martwego urodzenia, wypadku, [&hellip;]<\/p>\n","protected":false},"author":2,"featured_media":27064,"comment_status":"closed","ping_status":"open","sticky":false,"template":"","format":"standard","meta":{"_uag_custom_page_level_css":"","ngg_post_thumbnail":0,"footnotes":""},"categories":[12],"tags":[],"jetpack_featured_media_url":"https:\/\/i0.wp.com\/strachocin.archidiecezja.wroc.pl\/wp-content\/uploads\/2025\/11\/bardo.jpg?fit=1414%2C2000&ssl=1","uagb_featured_image_src":{"full":["https:\/\/i0.wp.com\/strachocin.archidiecezja.wroc.pl\/wp-content\/uploads\/2025\/11\/bardo.jpg?fit=1414%2C2000&ssl=1",1414,2000,false],"thumbnail":["https:\/\/i0.wp.com\/strachocin.archidiecezja.wroc.pl\/wp-content\/uploads\/2025\/11\/bardo.jpg?resize=150%2C150&ssl=1",150,150,true],"medium":["https:\/\/i0.wp.com\/strachocin.archidiecezja.wroc.pl\/wp-content\/uploads\/2025\/11\/bardo.jpg?fit=212%2C300&ssl=1",212,300,true],"medium_large":["https:\/\/i0.wp.com\/strachocin.archidiecezja.wroc.pl\/wp-content\/uploads\/2025\/11\/bardo.jpg?fit=750%2C1061&ssl=1",750,1061,true],"large":["https:\/\/i0.wp.com\/strachocin.archidiecezja.wroc.pl\/wp-content\/uploads\/2025\/11\/bardo.jpg?fit=724%2C1024&ssl=1",724,1024,true],"1536x1536":["https:\/\/i0.wp.com\/strachocin.archidiecezja.wroc.pl\/wp-content\/uploads\/2025\/11\/bardo.jpg?fit=1086%2C1536&ssl=1",1086,1536,true],"2048x2048":["https:\/\/i0.wp.com\/strachocin.archidiecezja.wroc.pl\/wp-content\/uploads\/2025\/11\/bardo.jpg?fit=1414%2C2000&ssl=1",1414,2000,true],"hestia-blog":["https:\/\/i0.wp.com\/strachocin.archidiecezja.wroc.pl\/wp-content\/uploads\/2025\/11\/bardo.jpg?resize=360%2C240&ssl=1",360,240,true]},"uagb_author_info":{"display_name":"Proboszcz","author_link":"https:\/\/strachocin.archidiecezja.wroc.pl\/?author=2"},"uagb_comment_info":0,"uagb_excerpt":"\u201eJa jestem z wami\u201d &#8211; rekolekcje dla rodzic\u00f3w po stracie dziecka odb\u0119d\u0105 si\u0119 w dniach 12-14 grudnia2025 roku w Domu Rekolekcyjnym Si\u00f3str Bo\u017cego Serca Jezusa przy ul. Krakowskiej 27 w Bardzie\u015al\u0105skim.Rekolekcje te adresowane s\u0105 do rodzic\u00f3w, kt\u00f3rzy stracili dziecko lub kilkoro dzieci w r\u00f3\u017cnychokoliczno\u015bciach: w wyniku poronienia, martwego urodzenia, wypadku, [&hellip;]","_links":{"self":[{"href":"https:\/\/strachocin.archidiecezja.wroc.pl\/index.php?rest_route=\/wp\/v2\/posts\/27063"}],"collection":[{"href":"https:\/\/strachocin.archidiecezja.wroc.pl\/index.php?rest_route=\/wp\/v2\/posts"}],"about":[{"href":"https:\/\/strachocin.archidiecezja.wroc.pl\/index.php?rest_route=\/wp\/v2\/types\/post"}],"author":[{"embeddable":true,"href":"https:\/\/strachocin.archidiecezja.wroc.pl\/index.php?rest_route=\/wp\/v2\/users\/2"}],"replies":[{"embeddable":true,"href":"https:\/\/strachocin.archidiecezja.wroc.pl\/index.php?rest_route=%2Fwp%2Fv2%2Fcomments&post=27063"}],"version-history":[{"count":1,"href":"https:\/\/strachocin.archidiecezja.wroc.pl\/index.php?rest_route=\/wp\/v2\/posts\/27063\/revisions"}],"predecessor-version":[{"id":27065,"href":"https:\/\/strachocin.archidiecezja.wroc.pl\/index.php?rest_route=\/wp\/v2\/posts\/27063\/revisions\/27065"}],"wp:featuredmedia":[{"embeddable":true,"href":"https:\/\/strachocin.archidiecezja.wroc.pl\/index.php?rest_route=\/wp\/v2\/media\/27064"}],"wp:attachment":[{"href":"https:\/\/strachocin.archidiecezja.wroc.pl\/index.php?rest_route=%2Fwp%2Fv2%2Fmedia&parent=27063"}],"wp:term":[{"taxonomy":"category","embeddable":true,"href":"https:\/\/strachocin.archidiecezja.wroc.pl\/index.php?rest_route=%2Fwp%2Fv2%2Fcategories&post=27063"},{"taxonomy":"post_tag","embeddable":true,"href":"https:\/\/strachocin.archidiecezja.wroc.pl\/index.php?rest_route=%2Fwp%2Fv2%2Ftags&post=27063"}],"curies":[{"name":"wp","href":"https:\/\/api.w.org\/{rel}","templated":true}]}}