{"id":27053,"date":"2025-11-15T22:29:03","date_gmt":"2025-11-15T21:29:03","guid":{"rendered":"https:\/\/strachocin.archidiecezja.wroc.pl\/?p=27053"},"modified":"2025-11-15T22:29:19","modified_gmt":"2025-11-15T21:29:19","slug":"ogloszenia-parafialne-33-niedziela-zwykla-15-listopada-2025r","status":"publish","type":"post","link":"https:\/\/strachocin.archidiecezja.wroc.pl\/?p=27053","title":{"rendered":"OG\u0141OSZENIA PARAFIALNE &#8211;  33 Niedziela Zwyk\u0142a &#8211; 15 listopada 2025r."},"content":{"rendered":"\n<p>1. Dzi\u015b:<\/p>\n\n\n\n<p>&#8211; po Mszy \u015bw. o godz. 11.00 spotkanie Kompanii Rodzin,<\/p>\n\n\n\n<p>&#8211; po Msz \u015bw. o godz. 12.30 spotkanie dzieci wczesnokomunijnych,<\/p>\n\n\n\n<p>&#8211; o godz. 19.00 spotkania kandydat\u00f3w do bierzmowania (grupa starsza).<\/p>\n\n\n\n<p>2. Adoracja Naj\u015bwi\u0119tszego Sakramentu:<\/p>\n\n\n\n<p>&#8211; w poniedzia\u0142ek, wtorek i \u015brod\u0119 od Mszy \u015bw. wieczornej do godz. 21.30,<\/p>\n\n\n\n<p>&#8211; w czwartek&nbsp;&nbsp;&nbsp;&nbsp;&nbsp;&nbsp;&nbsp;&nbsp;&nbsp;&nbsp;&nbsp;&nbsp;&nbsp;&nbsp;&nbsp;&nbsp;&nbsp;&nbsp;&nbsp;&nbsp;&nbsp;&nbsp;&nbsp;&nbsp;&nbsp;&nbsp;&nbsp;&nbsp;&nbsp;&nbsp;&nbsp;&nbsp;&nbsp;&nbsp;&nbsp;&nbsp;&nbsp;&nbsp; &nbsp;&nbsp;&nbsp;&nbsp;&nbsp;&nbsp;&nbsp; od godz. 15.00 do 18.00.<\/p>\n\n\n\n<p>We wtorek podczas adoracji dy\u017cur modlitwy wstawienniczej.<\/p>\n\n\n\n<p>3. W poniedzia\u0142ek o godz. 16.00 warsztaty plastyczne.<\/p>\n\n\n\n<p>4. &nbsp;W \u015brod\u0119 19 listopada o godz. 19.00 kolejne spotkanie Kursu Biblijnego. Us\u0142yszymy wyk\u0142ad ks. S\u0142awomira Stasiaka pt. Proroctwa Mesja\u0144skie w Ksi\u0119dze Izajasza.<\/p>\n\n\n\n<p>5. W czwartek o godz. 19.00 spotkanie modlitewne wsp\u00f3lnoty Emaus.<\/p>\n\n\n\n<p>6. Dzieci i m\u0142odzie\u017c zapraszamy na Msz\u0119 \u015bw. i spotkania w pi\u0105tek o godz. 18.00.<\/p>\n\n\n\n<p>7. Senior\u00f3w zapraszamy na spotkanie w sobot\u0119 o godz. 10.00. Zobaczymy film \u00a0p. Andrzeja Masa \u201eRzymskie Bazyliki Roku Jubileuszowego\u201d.<\/p>\n\n\n\n<p>8. Uczni\u00f3w klas IV zapraszamy na spotkanie w przysz\u0142\u0105 niedziel\u0119 po Mszy \u015bw. o godz. 12.30.<\/p>\n\n\n\n<p>9. W przysz\u0142\u0105 niedziel\u0119 o godz. 19.00 spotkania wszystkich kandydat\u00f3w do bierzmowania (obie grupy).<\/p>\n\n\n\n<p>10. W sobot\u0119 29 grudnia, z racji rozpocz\u0119cia Adwentu, o godz. 19.00 b\u0119d\u0105 uroczyste Nieszpory oraz adoracja Naj\u015bwi\u0119tszego Sakramentu do godz. 22.00.<\/p>\n\n\n\n<p>11. Duszpasterstwo Rodzin zaprasza rodzic\u00f3w, kt\u00f3rzy stracili dziecko na rekolekcje w dniach od 12 do 14 grudnia w Bardzie \u015al\u0105skim. Informacje o zapisach na stornie internetowej parafii.<\/p>\n","protected":false},"excerpt":{"rendered":"<p>1. Dzi\u015b: &#8211; po Mszy \u015bw. o godz. 11.00 spotkanie Kompanii Rodzin, &#8211; po Msz \u015bw. o godz. 12.30 spotkanie dzieci wczesnokomunijnych, &#8211; o godz. 19.00 spotkania kandydat\u00f3w do bierzmowania (grupa starsza). 2. Adoracja Naj\u015bwi\u0119tszego Sakramentu: &#8211; w poniedzia\u0142ek, wtorek i \u015brod\u0119 od Mszy \u015bw. wieczornej do godz. 21.30, &#8211; [&hellip;]<\/p>\n","protected":false},"author":2,"featured_media":25071,"comment_status":"closed","ping_status":"open","sticky":false,"template":"","format":"standard","meta":{"_uag_custom_page_level_css":"","ngg_post_thumbnail":0,"footnotes":""},"categories":[10],"tags":[],"jetpack_featured_media_url":"https:\/\/i0.wp.com\/strachocin.archidiecezja.wroc.pl\/wp-content\/uploads\/2023\/03\/ogloszenia-parafia.png?fit=615%2C664&ssl=1","uagb_featured_image_src":{"full":["https:\/\/i0.wp.com\/strachocin.archidiecezja.wroc.pl\/wp-content\/uploads\/2023\/03\/ogloszenia-parafia.png?fit=615%2C664&ssl=1",615,664,false],"thumbnail":["https:\/\/i0.wp.com\/strachocin.archidiecezja.wroc.pl\/wp-content\/uploads\/2023\/03\/ogloszenia-parafia.png?resize=150%2C150&ssl=1",150,150,true],"medium":["https:\/\/i0.wp.com\/strachocin.archidiecezja.wroc.pl\/wp-content\/uploads\/2023\/03\/ogloszenia-parafia.png?fit=278%2C300&ssl=1",278,300,true],"medium_large":["https:\/\/i0.wp.com\/strachocin.archidiecezja.wroc.pl\/wp-content\/uploads\/2023\/03\/ogloszenia-parafia.png?fit=615%2C664&ssl=1",615,664,true],"large":["https:\/\/i0.wp.com\/strachocin.archidiecezja.wroc.pl\/wp-content\/uploads\/2023\/03\/ogloszenia-parafia.png?fit=615%2C664&ssl=1",615,664,true],"1536x1536":["https:\/\/i0.wp.com\/strachocin.archidiecezja.wroc.pl\/wp-content\/uploads\/2023\/03\/ogloszenia-parafia.png?fit=615%2C664&ssl=1",615,664,true],"2048x2048":["https:\/\/i0.wp.com\/strachocin.archidiecezja.wroc.pl\/wp-content\/uploads\/2023\/03\/ogloszenia-parafia.png?fit=615%2C664&ssl=1",615,664,true],"hestia-blog":["https:\/\/i0.wp.com\/strachocin.archidiecezja.wroc.pl\/wp-content\/uploads\/2023\/03\/ogloszenia-parafia.png?resize=360%2C240&ssl=1",360,240,true]},"uagb_author_info":{"display_name":"Proboszcz","author_link":"https:\/\/strachocin.archidiecezja.wroc.pl\/?author=2"},"uagb_comment_info":0,"uagb_excerpt":"1. Dzi\u015b: &#8211; po Mszy \u015bw. o godz. 11.00 spotkanie Kompanii Rodzin, &#8211; po Msz \u015bw. o godz. 12.30 spotkanie dzieci wczesnokomunijnych, &#8211; o godz. 19.00 spotkania kandydat\u00f3w do bierzmowania (grupa starsza). 2. Adoracja Naj\u015bwi\u0119tszego Sakramentu: &#8211; w poniedzia\u0142ek, wtorek i \u015brod\u0119 od Mszy \u015bw. wieczornej do godz. 21.30, &#8211; [&hellip;]","_links":{"self":[{"href":"https:\/\/strachocin.archidiecezja.wroc.pl\/index.php?rest_route=\/wp\/v2\/posts\/27053"}],"collection":[{"href":"https:\/\/strachocin.archidiecezja.wroc.pl\/index.php?rest_route=\/wp\/v2\/posts"}],"about":[{"href":"https:\/\/strachocin.archidiecezja.wroc.pl\/index.php?rest_route=\/wp\/v2\/types\/post"}],"author":[{"embeddable":true,"href":"https:\/\/strachocin.archidiecezja.wroc.pl\/index.php?rest_route=\/wp\/v2\/users\/2"}],"replies":[{"embeddable":true,"href":"https:\/\/strachocin.archidiecezja.wroc.pl\/index.php?rest_route=%2Fwp%2Fv2%2Fcomments&post=27053"}],"version-history":[{"count":1,"href":"https:\/\/strachocin.archidiecezja.wroc.pl\/index.php?rest_route=\/wp\/v2\/posts\/27053\/revisions"}],"predecessor-version":[{"id":27054,"href":"https:\/\/strachocin.archidiecezja.wroc.pl\/index.php?rest_route=\/wp\/v2\/posts\/27053\/revisions\/27054"}],"wp:featuredmedia":[{"embeddable":true,"href":"https:\/\/strachocin.archidiecezja.wroc.pl\/index.php?rest_route=\/wp\/v2\/media\/25071"}],"wp:attachment":[{"href":"https:\/\/strachocin.archidiecezja.wroc.pl\/index.php?rest_route=%2Fwp%2Fv2%2Fmedia&parent=27053"}],"wp:term":[{"taxonomy":"category","embeddable":true,"href":"https:\/\/strachocin.archidiecezja.wroc.pl\/index.php?rest_route=%2Fwp%2Fv2%2Fcategories&post=27053"},{"taxonomy":"post_tag","embeddable":true,"href":"https:\/\/strachocin.archidiecezja.wroc.pl\/index.php?rest_route=%2Fwp%2Fv2%2Ftags&post=27053"}],"curies":[{"name":"wp","href":"https:\/\/api.w.org\/{rel}","templated":true}]}}