{"id":27050,"date":"2025-11-07T16:23:34","date_gmt":"2025-11-07T15:23:34","guid":{"rendered":"https:\/\/strachocin.archidiecezja.wroc.pl\/?p=27050"},"modified":"2025-11-07T16:23:53","modified_gmt":"2025-11-07T15:23:53","slug":"ogloszenia-parafialne-32-niedziela-zwykla-9-listopada-2025r","status":"publish","type":"post","link":"https:\/\/strachocin.archidiecezja.wroc.pl\/?p=27050","title":{"rendered":"OG\u0141OSZENIA PARAFIALNE &#8211;  32 Niedziela Zwyk\u0142a &#8211; 9 listopada 2025r."},"content":{"rendered":"\n<p>Dzi\u015b:<\/p>\n\n\n\n<p>&#8211; po Msz \u015bw. o godz. 12.30 spotkanie dzieci komunijnych i ich rodzic\u00f3w,<\/p>\n\n\n\n<p>&#8211; o godz. 19.00 spotkania kandydat\u00f3w do bierzmowania (grupa m\u0142odsza).<\/p>\n\n\n\n<p>2. Adoracja Naj\u015bwi\u0119tszego Sakramentu:<\/p>\n\n\n\n<p>&#8211; w poniedzia\u0142ek, wtorek i \u015brod\u0119 od Mszy \u015bw. wieczornej do godz. 21.30<\/p>\n\n\n\n<p>&#8211; w czwartek&nbsp;&nbsp;&nbsp;&nbsp;&nbsp;&nbsp;&nbsp;&nbsp;&nbsp;&nbsp;&nbsp;&nbsp;&nbsp;&nbsp;&nbsp;&nbsp;&nbsp;&nbsp;&nbsp;&nbsp;&nbsp;&nbsp;&nbsp;&nbsp;&nbsp;&nbsp;&nbsp;&nbsp;&nbsp;&nbsp;&nbsp;&nbsp;&nbsp;&nbsp;&nbsp;&nbsp;&nbsp;&nbsp; &nbsp;&nbsp;&nbsp;&nbsp;&nbsp;&nbsp;&nbsp; od godz. 15.00 do 18.00<\/p>\n\n\n\n<p>3. Za zmar\u0142ych modli\u0107 si\u0119 b\u0119dziemy podczas nabo\u017ce\u0144stw wspominkowych i Mszy \u015bw.:<\/p>\n\n\n\n<p>&#8211; we wtorek i \u015brod\u0119 &nbsp;&nbsp;&nbsp;&nbsp;&nbsp; o godz. 18.00<\/p>\n\n\n\n<p>&#8211; w czwartek, pi\u0105tek i sobot\u0119 o godz. 9.00<\/p>\n\n\n\n<p>4. W poniedzia\u0142ek o godz. 16.00 warsztaty plastyczne.<\/p>\n\n\n\n<p>5. Zapraszamy na Msz\u0119 \u015bw. i koncert pie\u015bni patriotycznych, w poniedzia\u0142ek 10 listopada o godz. 18.00.<\/p>\n\n\n\n<p>6. Wszystkich zainteresowanych liturgi\u0105 oraz wszystkich, kt\u00f3rzy chc\u0105 g\u0142\u0119biej uczestniczy\u0107 w Mszy \u015bw. zapraszamy na pierwszy wyk\u0142ad o Mszy \u015bw. pt. Czym jest liturgia.<\/p>\n\n\n\n<p>7. W \u015brod\u0119 o godz. 19.00 pierwszo spotkanie Kursu Alpha dla M\u0142odych.<\/p>\n\n\n\n<p>8. Poradnia Rodzinna zaprasza na wyk\u0142ad z elementami warsztatu pt. &#8222;Sens &#8211; jak zmotywowa\u0107 siebie i innych, gdy opadaj\u0105 skrzyd\u0142a?&#8230;&#8221; kt\u00f3ry poprowadzi pedagog i terapeuta Pani Ma\u0142gorzata Kramarz w \u015brod\u0119 12 listopada o godz. 19.00.<\/p>\n\n\n\n<p>9. W czwartek o godz. 19.00 spotkanie modlitewne wsp\u00f3lnoty Emaus.<\/p>\n\n\n\n<p>10. Dzieci i m\u0142odzie\u017c zapraszamy na Msz\u0119 \u015bw. i spotkanie w pi\u0105tek o godz. 18.00. &nbsp;<\/p>\n\n\n\n<p>11. Dzieci wczesnokomunijne zapraszamy na spotkanie w przysz\u0142\u0105 niedziel\u0119 po Mszy \u015bw. o godz. 12.30.<\/p>\n\n\n\n<p>12. Grup\u0119 starsz\u0105 kandydat\u00f3w do bierzmowania zapraszamy na spotkanie w przysz\u0142\u0105 niedziel\u0119 o godz. 19.00.<\/p>\n\n\n\n<p>13. Kolejne spotkanie Kursu biblijnego odb\u0119dzie si\u0119 19 listopada o godz. 19.00. Us\u0142yszymy wyk\u0142ad ks. S\u0142\u0105womira Stasiaka pt. Proroctwa Mesja\u0144skie w Ksi\u0119dze Izajasza. 14. Zapraszamy na rekolekcje o modlitwie \u015bpiewem z warsztatami muzycznymi w dniach 21-23.11.2025. Udzia\u0142 w rekolekcjach bezp\u0142atny, obowi\u0105zuj\u0105 zapisy przez formularz. Informacje o zapisach na plakatach oraz na stronie internetowej parafii<\/p>\n","protected":false},"excerpt":{"rendered":"<p>Dzi\u015b: &#8211; po Msz \u015bw. o godz. 12.30 spotkanie dzieci komunijnych i ich rodzic\u00f3w, &#8211; o godz. 19.00 spotkania kandydat\u00f3w do bierzmowania (grupa m\u0142odsza). 2. Adoracja Naj\u015bwi\u0119tszego Sakramentu: &#8211; w poniedzia\u0142ek, wtorek i \u015brod\u0119 od Mszy \u015bw. wieczornej do godz. 21.30 &#8211; w czwartek&nbsp;&nbsp;&nbsp;&nbsp;&nbsp;&nbsp;&nbsp;&nbsp;&nbsp;&nbsp;&nbsp;&nbsp;&nbsp;&nbsp;&nbsp;&nbsp;&nbsp;&nbsp;&nbsp;&nbsp;&nbsp;&nbsp;&nbsp;&nbsp;&nbsp;&nbsp;&nbsp;&nbsp;&nbsp;&nbsp;&nbsp;&nbsp;&nbsp;&nbsp;&nbsp;&nbsp;&nbsp;&nbsp; &nbsp;&nbsp;&nbsp;&nbsp;&nbsp;&nbsp;&nbsp; od godz. 15.00 do 18.00 [&hellip;]<\/p>\n","protected":false},"author":2,"featured_media":25071,"comment_status":"closed","ping_status":"open","sticky":false,"template":"","format":"standard","meta":{"_uag_custom_page_level_css":"","ngg_post_thumbnail":0,"footnotes":""},"categories":[10],"tags":[],"jetpack_featured_media_url":"https:\/\/i0.wp.com\/strachocin.archidiecezja.wroc.pl\/wp-content\/uploads\/2023\/03\/ogloszenia-parafia.png?fit=615%2C664&ssl=1","uagb_featured_image_src":{"full":["https:\/\/i0.wp.com\/strachocin.archidiecezja.wroc.pl\/wp-content\/uploads\/2023\/03\/ogloszenia-parafia.png?fit=615%2C664&ssl=1",615,664,false],"thumbnail":["https:\/\/i0.wp.com\/strachocin.archidiecezja.wroc.pl\/wp-content\/uploads\/2023\/03\/ogloszenia-parafia.png?resize=150%2C150&ssl=1",150,150,true],"medium":["https:\/\/i0.wp.com\/strachocin.archidiecezja.wroc.pl\/wp-content\/uploads\/2023\/03\/ogloszenia-parafia.png?fit=278%2C300&ssl=1",278,300,true],"medium_large":["https:\/\/i0.wp.com\/strachocin.archidiecezja.wroc.pl\/wp-content\/uploads\/2023\/03\/ogloszenia-parafia.png?fit=615%2C664&ssl=1",615,664,true],"large":["https:\/\/i0.wp.com\/strachocin.archidiecezja.wroc.pl\/wp-content\/uploads\/2023\/03\/ogloszenia-parafia.png?fit=615%2C664&ssl=1",615,664,true],"1536x1536":["https:\/\/i0.wp.com\/strachocin.archidiecezja.wroc.pl\/wp-content\/uploads\/2023\/03\/ogloszenia-parafia.png?fit=615%2C664&ssl=1",615,664,true],"2048x2048":["https:\/\/i0.wp.com\/strachocin.archidiecezja.wroc.pl\/wp-content\/uploads\/2023\/03\/ogloszenia-parafia.png?fit=615%2C664&ssl=1",615,664,true],"hestia-blog":["https:\/\/i0.wp.com\/strachocin.archidiecezja.wroc.pl\/wp-content\/uploads\/2023\/03\/ogloszenia-parafia.png?resize=360%2C240&ssl=1",360,240,true]},"uagb_author_info":{"display_name":"Proboszcz","author_link":"https:\/\/strachocin.archidiecezja.wroc.pl\/?author=2"},"uagb_comment_info":0,"uagb_excerpt":"Dzi\u015b: &#8211; po Msz \u015bw. o godz. 12.30 spotkanie dzieci komunijnych i ich rodzic\u00f3w, &#8211; o godz. 19.00 spotkania kandydat\u00f3w do bierzmowania (grupa m\u0142odsza). 2. Adoracja Naj\u015bwi\u0119tszego Sakramentu: &#8211; w poniedzia\u0142ek, wtorek i \u015brod\u0119 od Mszy \u015bw. wieczornej do godz. 21.30 &#8211; w czwartek&nbsp;&nbsp;&nbsp;&nbsp;&nbsp;&nbsp;&nbsp;&nbsp;&nbsp;&nbsp;&nbsp;&nbsp;&nbsp;&nbsp;&nbsp;&nbsp;&nbsp;&nbsp;&nbsp;&nbsp;&nbsp;&nbsp;&nbsp;&nbsp;&nbsp;&nbsp;&nbsp;&nbsp;&nbsp;&nbsp;&nbsp;&nbsp;&nbsp;&nbsp;&nbsp;&nbsp;&nbsp;&nbsp; &nbsp;&nbsp;&nbsp;&nbsp;&nbsp;&nbsp;&nbsp; od godz. 15.00 do 18.00 [&hellip;]","_links":{"self":[{"href":"https:\/\/strachocin.archidiecezja.wroc.pl\/index.php?rest_route=\/wp\/v2\/posts\/27050"}],"collection":[{"href":"https:\/\/strachocin.archidiecezja.wroc.pl\/index.php?rest_route=\/wp\/v2\/posts"}],"about":[{"href":"https:\/\/strachocin.archidiecezja.wroc.pl\/index.php?rest_route=\/wp\/v2\/types\/post"}],"author":[{"embeddable":true,"href":"https:\/\/strachocin.archidiecezja.wroc.pl\/index.php?rest_route=\/wp\/v2\/users\/2"}],"replies":[{"embeddable":true,"href":"https:\/\/strachocin.archidiecezja.wroc.pl\/index.php?rest_route=%2Fwp%2Fv2%2Fcomments&post=27050"}],"version-history":[{"count":1,"href":"https:\/\/strachocin.archidiecezja.wroc.pl\/index.php?rest_route=\/wp\/v2\/posts\/27050\/revisions"}],"predecessor-version":[{"id":27051,"href":"https:\/\/strachocin.archidiecezja.wroc.pl\/index.php?rest_route=\/wp\/v2\/posts\/27050\/revisions\/27051"}],"wp:featuredmedia":[{"embeddable":true,"href":"https:\/\/strachocin.archidiecezja.wroc.pl\/index.php?rest_route=\/wp\/v2\/media\/25071"}],"wp:attachment":[{"href":"https:\/\/strachocin.archidiecezja.wroc.pl\/index.php?rest_route=%2Fwp%2Fv2%2Fmedia&parent=27050"}],"wp:term":[{"taxonomy":"category","embeddable":true,"href":"https:\/\/strachocin.archidiecezja.wroc.pl\/index.php?rest_route=%2Fwp%2Fv2%2Fcategories&post=27050"},{"taxonomy":"post_tag","embeddable":true,"href":"https:\/\/strachocin.archidiecezja.wroc.pl\/index.php?rest_route=%2Fwp%2Fv2%2Ftags&post=27050"}],"curies":[{"name":"wp","href":"https:\/\/api.w.org\/{rel}","templated":true}]}}