{"id":27034,"date":"2025-11-01T23:20:18","date_gmt":"2025-11-01T22:20:18","guid":{"rendered":"https:\/\/strachocin.archidiecezja.wroc.pl\/?p=27034"},"modified":"2025-11-01T23:20:39","modified_gmt":"2025-11-01T22:20:39","slug":"ogloszenia-parafialne-31-niedziela-zwykla-2-listopada-2025r","status":"publish","type":"post","link":"https:\/\/strachocin.archidiecezja.wroc.pl\/?p=27034","title":{"rendered":"OG\u0141OSZENIA PARAFIALNE &#8211;  31 Niedziela Zwyk\u0142a &#8211; 2 listopada 2025r."},"content":{"rendered":"\n<p>1. Dzi\u015b:<\/p>\n\n\n\n<p>&#8211; po Mszy \u015bw. o godz. 12.30 adoracja Naj\u015bwi\u0119tszego Sakramentu<\/p>\n\n\n\n<p>&#8211; po Msz \u015bw. o godz. 12.30 spotkanie dzieci komunijnych i ich rodzic\u00f3w<\/p>\n\n\n\n<p>&#8211; o godz. 19.00 spotkania kandydat\u00f3w do bierzmowania (grupa starsza)<\/p>\n\n\n\n<p>2. Adoracja Naj\u015bwi\u0119tszego Sakramentu:<\/p>\n\n\n\n<p>&#8211; w poniedzia\u0142ek, wtorek i \u015brod\u0119 &nbsp;&nbsp;&nbsp;&nbsp;&nbsp;&nbsp;&nbsp; od Mszy \u015bw. wieczornej do godz. 21.30<\/p>\n\n\n\n<p>&#8211; w czwartek&nbsp;&nbsp;&nbsp;&nbsp;&nbsp;&nbsp;&nbsp;&nbsp;&nbsp;&nbsp;&nbsp;&nbsp;&nbsp;&nbsp;&nbsp;&nbsp;&nbsp;&nbsp;&nbsp;&nbsp;&nbsp;&nbsp;&nbsp;&nbsp;&nbsp;&nbsp;&nbsp;&nbsp;&nbsp;&nbsp;&nbsp;&nbsp;&nbsp;&nbsp;&nbsp;&nbsp;&nbsp;&nbsp;&nbsp;&nbsp;&nbsp;&nbsp;&nbsp;&nbsp;&nbsp;&nbsp;&nbsp;&nbsp; &nbsp;&nbsp;&nbsp;&nbsp;&nbsp;&nbsp;&nbsp;&nbsp;&nbsp; od godz. 15.00 do 18.00<\/p>\n\n\n\n<p>3. Za zmar\u0142ych modli\u0107 si\u0119 b\u0119dziemy podczas nabo\u017ce\u0144stw wspominkowych i Mszy \u015bw.:<\/p>\n\n\n\n<p>&#8211; w poniedzia\u0142ek, wtorek i \u015brod\u0119 o godz. 18.00<\/p>\n\n\n\n<p>&#8211; w czwartek, pi\u0105tek i sobot\u0119&nbsp;&nbsp;&nbsp;&nbsp;&nbsp;&nbsp;&nbsp;&nbsp; o godz. 9.00<\/p>\n\n\n\n<p>4 . W poniedzia\u0142ek o godz. 16.00 warsztaty plastyczne. Zapraszamy wszystkich ch\u0119tnych.<\/p>\n\n\n\n<p>5. Serdecznie zapraszamy do radosnego, wsp\u00f3lnotowego sp\u0119dzenia czasu na kursie ta\u0144ca u\u017cytkowego w ramach projektu Rozta\u0144czona Parafia. Warsztaty odbywaj\u0105 si\u0119 w \u015brody w sali na g\u00f3rze w dw\u00f3ch grupach, o godz. 19.00 i o 20.15. S\u0105 jeszcze miejsca.<\/p>\n\n\n\n<p>6. W \u015brod\u0119 o godz. 19.00 pierwsze spotkanie Studium Biblijnego. Serdecznie zapraszamy wszystkich, kt\u00f3rzy chc\u0119 bardziej pozna\u0107 Bo\u017ce S\u0142owo. Zaj\u0119cia prowadzi\u0107 b\u0119d\u0105 pa\u0144stwo Iwona i Krzysztof Grabcowie.<\/p>\n\n\n\n<p>7. W czwartek o godz. 19.00 spotkanie modlitewne wsp\u00f3lnoty Emaus.<\/p>\n\n\n\n<p>8. W pi\u0105tek przed po\u0142udniem Komunia \u015bw. u chorych.<\/p>\n\n\n\n<p>Zapraszamy w pi\u0105tek na Msz\u0119 \u015bw., adoracj\u0119 Naj\u015bwi\u0119tszego Sakramentu i wsp\u00f3lne uwielbienie w pi\u0105tek o godz. 19.0. Spowied\u017a \u015bw. w pi\u0105tek b\u0119d\u0119 od 17.00 do 18.00 oraz po Mszy \u015bw.<\/p>\n\n\n\n<p>9. W przysz\u0142\u0105 niedziel\u0119 po Mszy \u015bw. o 12.30 spotkanie drugiej grupy dzieci komunijnych i ich rodzic\u00f3w.<\/p>\n\n\n\n<p>10. Kandydat\u00f3w do bierzmowania, grup\u0119 m\u0142odsz\u0105, zapraszamy na spotkanie w przysz\u0142a niedziel\u0119 o godz. 19.00.<\/p>\n\n\n\n<p>11. Senior\u00f3w zapraszamy na spotkanie w sobot\u0119 o godz. 10.00. Us\u0142yszymy wyk\u0142ad pana Zygmunta Domaga\u0142y pt. Czym jest sztuczna inteligencja.<\/p>\n\n\n\n<p>12. Zapraszamy na rekolekcje o modlitwie \u015bpiewem z warsztatami muzycznymi w dniach 21-23.11.2025. Udzia\u0142 w rekolekcjach bezp\u0142atny, obowi\u0105zuj\u0105 zapisy przez formularz. Informacje o zapisach na plakatach oraz na stronie internetowej parafii.<\/p>\n\n\n\n<p>13. Zapraszamy na Msz\u0119 \u015bw. i koncert pie\u015bni patriotycznych w przeddzie\u0144 \u015awi\u0119ta Niepodleg\u0142o\u015bci,10 listopada o godz. 18.00.<\/p>\n\n\n\n<p>14. Od listopada chcemy rozpocz\u0105\u0107 cykl katechez o liturgii. G\u0142osi\u0107 je b\u0119d\u0105 ksi\u0119\u017ca oraz \u015bwieccy z naszej parafii. B\u0119d\u0119 si\u0119 one odbywa\u0107 w ka\u017cdy drugi wtorek miesi\u0105ca o godz. 19.00. Pierwsze spotkanie b\u0119dzie 11 listopada.<\/p>\n","protected":false},"excerpt":{"rendered":"<p>1. Dzi\u015b: &#8211; po Mszy \u015bw. o godz. 12.30 adoracja Naj\u015bwi\u0119tszego Sakramentu &#8211; po Msz \u015bw. o godz. 12.30 spotkanie dzieci komunijnych i ich rodzic\u00f3w &#8211; o godz. 19.00 spotkania kandydat\u00f3w do bierzmowania (grupa starsza) 2. Adoracja Naj\u015bwi\u0119tszego Sakramentu: &#8211; w poniedzia\u0142ek, wtorek i \u015brod\u0119 &nbsp;&nbsp;&nbsp;&nbsp;&nbsp;&nbsp;&nbsp; od Mszy \u015bw. wieczornej [&hellip;]<\/p>\n","protected":false},"author":2,"featured_media":25071,"comment_status":"closed","ping_status":"open","sticky":false,"template":"","format":"standard","meta":{"_uag_custom_page_level_css":"","ngg_post_thumbnail":0,"footnotes":""},"categories":[10],"tags":[],"jetpack_featured_media_url":"https:\/\/i0.wp.com\/strachocin.archidiecezja.wroc.pl\/wp-content\/uploads\/2023\/03\/ogloszenia-parafia.png?fit=615%2C664&ssl=1","uagb_featured_image_src":{"full":["https:\/\/i0.wp.com\/strachocin.archidiecezja.wroc.pl\/wp-content\/uploads\/2023\/03\/ogloszenia-parafia.png?fit=615%2C664&ssl=1",615,664,false],"thumbnail":["https:\/\/i0.wp.com\/strachocin.archidiecezja.wroc.pl\/wp-content\/uploads\/2023\/03\/ogloszenia-parafia.png?resize=150%2C150&ssl=1",150,150,true],"medium":["https:\/\/i0.wp.com\/strachocin.archidiecezja.wroc.pl\/wp-content\/uploads\/2023\/03\/ogloszenia-parafia.png?fit=278%2C300&ssl=1",278,300,true],"medium_large":["https:\/\/i0.wp.com\/strachocin.archidiecezja.wroc.pl\/wp-content\/uploads\/2023\/03\/ogloszenia-parafia.png?fit=615%2C664&ssl=1",615,664,true],"large":["https:\/\/i0.wp.com\/strachocin.archidiecezja.wroc.pl\/wp-content\/uploads\/2023\/03\/ogloszenia-parafia.png?fit=615%2C664&ssl=1",615,664,true],"1536x1536":["https:\/\/i0.wp.com\/strachocin.archidiecezja.wroc.pl\/wp-content\/uploads\/2023\/03\/ogloszenia-parafia.png?fit=615%2C664&ssl=1",615,664,true],"2048x2048":["https:\/\/i0.wp.com\/strachocin.archidiecezja.wroc.pl\/wp-content\/uploads\/2023\/03\/ogloszenia-parafia.png?fit=615%2C664&ssl=1",615,664,true],"hestia-blog":["https:\/\/i0.wp.com\/strachocin.archidiecezja.wroc.pl\/wp-content\/uploads\/2023\/03\/ogloszenia-parafia.png?resize=360%2C240&ssl=1",360,240,true]},"uagb_author_info":{"display_name":"Proboszcz","author_link":"https:\/\/strachocin.archidiecezja.wroc.pl\/?author=2"},"uagb_comment_info":0,"uagb_excerpt":"1. Dzi\u015b: &#8211; po Mszy \u015bw. o godz. 12.30 adoracja Naj\u015bwi\u0119tszego Sakramentu &#8211; po Msz \u015bw. o godz. 12.30 spotkanie dzieci komunijnych i ich rodzic\u00f3w &#8211; o godz. 19.00 spotkania kandydat\u00f3w do bierzmowania (grupa starsza) 2. Adoracja Naj\u015bwi\u0119tszego Sakramentu: &#8211; w poniedzia\u0142ek, wtorek i \u015brod\u0119 &nbsp;&nbsp;&nbsp;&nbsp;&nbsp;&nbsp;&nbsp; od Mszy \u015bw. wieczornej [&hellip;]","_links":{"self":[{"href":"https:\/\/strachocin.archidiecezja.wroc.pl\/index.php?rest_route=\/wp\/v2\/posts\/27034"}],"collection":[{"href":"https:\/\/strachocin.archidiecezja.wroc.pl\/index.php?rest_route=\/wp\/v2\/posts"}],"about":[{"href":"https:\/\/strachocin.archidiecezja.wroc.pl\/index.php?rest_route=\/wp\/v2\/types\/post"}],"author":[{"embeddable":true,"href":"https:\/\/strachocin.archidiecezja.wroc.pl\/index.php?rest_route=\/wp\/v2\/users\/2"}],"replies":[{"embeddable":true,"href":"https:\/\/strachocin.archidiecezja.wroc.pl\/index.php?rest_route=%2Fwp%2Fv2%2Fcomments&post=27034"}],"version-history":[{"count":1,"href":"https:\/\/strachocin.archidiecezja.wroc.pl\/index.php?rest_route=\/wp\/v2\/posts\/27034\/revisions"}],"predecessor-version":[{"id":27035,"href":"https:\/\/strachocin.archidiecezja.wroc.pl\/index.php?rest_route=\/wp\/v2\/posts\/27034\/revisions\/27035"}],"wp:featuredmedia":[{"embeddable":true,"href":"https:\/\/strachocin.archidiecezja.wroc.pl\/index.php?rest_route=\/wp\/v2\/media\/25071"}],"wp:attachment":[{"href":"https:\/\/strachocin.archidiecezja.wroc.pl\/index.php?rest_route=%2Fwp%2Fv2%2Fmedia&parent=27034"}],"wp:term":[{"taxonomy":"category","embeddable":true,"href":"https:\/\/strachocin.archidiecezja.wroc.pl\/index.php?rest_route=%2Fwp%2Fv2%2Fcategories&post=27034"},{"taxonomy":"post_tag","embeddable":true,"href":"https:\/\/strachocin.archidiecezja.wroc.pl\/index.php?rest_route=%2Fwp%2Fv2%2Ftags&post=27034"}],"curies":[{"name":"wp","href":"https:\/\/api.w.org\/{rel}","templated":true}]}}