{"id":26968,"date":"2025-09-23T10:58:50","date_gmt":"2025-09-23T08:58:50","guid":{"rendered":"https:\/\/strachocin.archidiecezja.wroc.pl\/?p=26968"},"modified":"2025-09-23T10:58:55","modified_gmt":"2025-09-23T08:58:55","slug":"pielgrzymka-do-trzebnicy-18-pazdziernika-2025","status":"publish","type":"post","link":"https:\/\/strachocin.archidiecezja.wroc.pl\/?p=26968","title":{"rendered":"PIELGRZYMKA DO TRZEBNICY &#8211; 18 pa\u017adziernika 2025"},"content":{"rendered":"\n<figure class=\"wp-block-gallery has-nested-images columns-default is-cropped wp-block-gallery-1 is-layout-flex wp-block-gallery-is-layout-flex\">\n<figure class=\"wp-block-image size-large\"><img loading=\"lazy\" decoding=\"async\" width=\"734\" height=\"1024\" data-id=\"26969\" src=\"https:\/\/i0.wp.com\/strachocin.archidiecezja.wroc.pl\/wp-content\/uploads\/2025\/09\/trzebnica.jpg?resize=734%2C1024&#038;ssl=1\" alt=\"\" class=\"wp-image-26969\" srcset=\"https:\/\/i0.wp.com\/strachocin.archidiecezja.wroc.pl\/wp-content\/uploads\/2025\/09\/trzebnica.jpg?resize=734%2C1024&amp;ssl=1 734w, https:\/\/i0.wp.com\/strachocin.archidiecezja.wroc.pl\/wp-content\/uploads\/2025\/09\/trzebnica.jpg?resize=215%2C300&amp;ssl=1 215w, https:\/\/i0.wp.com\/strachocin.archidiecezja.wroc.pl\/wp-content\/uploads\/2025\/09\/trzebnica.jpg?resize=768%2C1072&amp;ssl=1 768w, https:\/\/i0.wp.com\/strachocin.archidiecezja.wroc.pl\/wp-content\/uploads\/2025\/09\/trzebnica.jpg?resize=1101%2C1536&amp;ssl=1 1101w, https:\/\/i0.wp.com\/strachocin.archidiecezja.wroc.pl\/wp-content\/uploads\/2025\/09\/trzebnica.jpg?resize=1467%2C2048&amp;ssl=1 1467w, https:\/\/i0.wp.com\/strachocin.archidiecezja.wroc.pl\/wp-content\/uploads\/2025\/09\/trzebnica.jpg?w=1600&amp;ssl=1 1600w\" sizes=\"(max-width: 734px) 100vw, 734px\" data-recalc-dims=\"1\" \/><\/figure>\n<\/figure>\n\n\n\n<blockquote class=\"wp-block-quote is-layout-flow wp-block-quote-is-layout-flow\">\n<p>Drodzy Bracia i Siostry, pielgrzymka jest czasem jedno\u015bci Ko\u015bcio\u0142a wroc\u0142awskiego, kt\u00f3ry wsp\u00f3lnie zmierza do swojej Patronki. W tym roku spotkamy si\u0119 w sobot\u0119&nbsp;<strong>18 pa\u017adziernika<\/strong>. Pielgrzymka rozpocznie si\u0119 o godzinie 6:00 w Katedrze Wroc\u0142awskiej, gdzie spotkamy si\u0119 na modlitwie przed Naj\u015bwi\u0119tszym Sakramentem. Celem naszego pielgrzymowania b\u0119dzie Sanktuarium \u015bw. Jadwigi \u015al\u0105skiej w Trzebnicy, gdzie dotrzemy w godzinach popo\u0142udniowych i o godzinie 16:30 we\u017amiemy udzia\u0142 w uroczystej Mszy \u015awi\u0119tej sprawowanej przez kardyna\u0142a Grzegorza Rysia, metropolit\u0119 \u0142\u00f3dzkiego, biskup\u00f3w wroc\u0142awskich oraz licznie zebranych kap\u0142an\u00f3w.<\/p>\n\n\n\n<p>Pielgrzymuj\u0105c, b\u0119dziemy do\u015bwiadcza\u0107 pi\u0119kna wsp\u00f3lnoty, ducha modlitwy i chrze\u015bcija\u0144skiej rado\u015bci. B\u0119dzie nam towarzyszy\u0142 temat wyra\u017cany w s\u0142owach: Nadzieja pojednania. Jest to wyraz \u0142\u0105czno\u015bci z przes\u0142aniem trwaj\u0105cego Roku Jubileuszowego 2025 i wa\u017cn\u0105 dla Archidiecezji Wroc\u0142awskiej 60. rocznic\u0105 Listu biskup\u00f3w polskich do niemieckich z 1965 roku, kt\u00f3rego g\u0142\u00f3wnym autorem by\u0142 kardyna\u0142 Boles\u0142aw Kominek, metropolita wroc\u0142awski. List zawiera g\u0142\u0119boko ewangeliczne przes\u0142anie \u201ePrzebaczamy i prosimy o przebaczenie&#8221;.<\/p>\n\n\n\n<p>Aby wzi\u0105\u0107 udzia\u0142 w 46. Pieszej Pielgrzymce Wroc\u0142awskiej do grobu \u015bw. Jadwigi w Trzebnicy, wystarczy przyby\u0107 o poranku na wroc\u0142awski Ostr\u00f3w Tumski, wybra\u0107 grup\u0119 pielgrzymkow\u0105 i do\u0142\u0105czy\u0107 do niej. Nie s\u0105 prowadzone zapisy do udzia\u0142u w pielgrzymce. Mo\u017ce wzi\u0105\u0107 w niej udzia\u0142 ka\u017cda osoba, kt\u00f3ra b\u0119dzie przestrzega\u0142a zasad bezpiecze\u0144stwa oraz zachowa religijny charakter wydarzenia.<\/p>\n\n\n\n<p>Poni\u017cej prezentujemy program pielgrzymki:<\/p>\n\n\n\n<ul>\n<li>6:00 \u2013 rozpocz\u0119cie pielgrzymki w Katedrze Wroc\u0142awskiej,<\/li>\n\n\n\n<li>6:30 \u2013 wyruszenie grup pielgrzymkowych na tras\u0119,<\/li>\n\n\n\n<li>8:30 \u2013 pierwszy post\u00f3j pielgrzymki (Krzy\u017canowice)<\/li>\n\n\n\n<li>11:00 \u2013 drugi post\u00f3j pielgrzymki (Malin)<\/li>\n\n\n\n<li>13:00 \u2013 trzeci post\u00f3j pielgrzymki (Krzy\u017canowice i Brochocin)<\/li>\n\n\n\n<li>16:00 \u2013 dotarcie do Trzebnicy,<\/li>\n\n\n\n<li>16:30 \u2013 Msza \u015awi\u0119ta na terenie Sanktuarium \u015bw. Jadwigi \u015al\u0105skiej w Trzebnicy, zako\u0144czenie pielgrzymki.<\/li>\n<\/ul>\n\n\n\n<p>Po zako\u0144czeniu 46. Pieszej Pielgrzymki do grobu \u015bw. Jadwigi w Trzebnicy b\u0119dzie mo\u017cna skorzysta\u0107 z poci\u0105gu powrotnego przygotowanego przez Koleje Dolno\u015bl\u0105skie. Poci\u0105g wyruszy ze stacji kolejowej w Trzebnicy o godzinie 19:00. Jego stacj\u0105 ko\u0144cow\u0105 b\u0119dzie Dworzec G\u0142\u00f3wny we Wroc\u0142awiu. Bilety na poci\u0105g powrotny b\u0119dzie mo\u017cna naby\u0107 w specjalnych punktach na postojach pielgrzymki.<\/p>\n\n\n\n<p>Serdecznie zach\u0119cam do udzia\u0142u w pielgrzymce! Ksi\u0105dz Tomasz P\u0142ukarski Przewodnik Pieszej Pielgrzymki Wroc\u0142awskiej razem z zespo\u0142em organizacyjnym<\/p>\n\n\n\n<p>Wi\u0119cej informacji na naszej stronie internetowej:&nbsp;<a href=\"https:\/\/pielgrzymka.pl\/\" target=\"_blank\" rel=\"noreferrer noopener\">pielgrzymka.pl<\/a><\/p>\n<\/blockquote>\n","protected":false},"excerpt":{"rendered":"","protected":false},"author":2,"featured_media":26969,"comment_status":"closed","ping_status":"open","sticky":false,"template":"","format":"standard","meta":{"_uag_custom_page_level_css":"","ngg_post_thumbnail":0,"footnotes":""},"categories":[12],"tags":[],"jetpack_featured_media_url":"https:\/\/i0.wp.com\/strachocin.archidiecezja.wroc.pl\/wp-content\/uploads\/2025\/09\/trzebnica.jpg?fit=1600%2C2233&ssl=1","uagb_featured_image_src":{"full":["https:\/\/i0.wp.com\/strachocin.archidiecezja.wroc.pl\/wp-content\/uploads\/2025\/09\/trzebnica.jpg?fit=1600%2C2233&ssl=1",1600,2233,false],"thumbnail":["https:\/\/i0.wp.com\/strachocin.archidiecezja.wroc.pl\/wp-content\/uploads\/2025\/09\/trzebnica.jpg?resize=150%2C150&ssl=1",150,150,true],"medium":["https:\/\/i0.wp.com\/strachocin.archidiecezja.wroc.pl\/wp-content\/uploads\/2025\/09\/trzebnica.jpg?fit=215%2C300&ssl=1",215,300,true],"medium_large":["https:\/\/i0.wp.com\/strachocin.archidiecezja.wroc.pl\/wp-content\/uploads\/2025\/09\/trzebnica.jpg?fit=750%2C1047&ssl=1",750,1047,true],"large":["https:\/\/i0.wp.com\/strachocin.archidiecezja.wroc.pl\/wp-content\/uploads\/2025\/09\/trzebnica.jpg?fit=734%2C1024&ssl=1",734,1024,true],"1536x1536":["https:\/\/i0.wp.com\/strachocin.archidiecezja.wroc.pl\/wp-content\/uploads\/2025\/09\/trzebnica.jpg?fit=1101%2C1536&ssl=1",1101,1536,true],"2048x2048":["https:\/\/i0.wp.com\/strachocin.archidiecezja.wroc.pl\/wp-content\/uploads\/2025\/09\/trzebnica.jpg?fit=1467%2C2048&ssl=1",1467,2048,true],"hestia-blog":["https:\/\/i0.wp.com\/strachocin.archidiecezja.wroc.pl\/wp-content\/uploads\/2025\/09\/trzebnica.jpg?resize=360%2C240&ssl=1",360,240,true]},"uagb_author_info":{"display_name":"Proboszcz","author_link":"https:\/\/strachocin.archidiecezja.wroc.pl\/?author=2"},"uagb_comment_info":0,"uagb_excerpt":null,"_links":{"self":[{"href":"https:\/\/strachocin.archidiecezja.wroc.pl\/index.php?rest_route=\/wp\/v2\/posts\/26968"}],"collection":[{"href":"https:\/\/strachocin.archidiecezja.wroc.pl\/index.php?rest_route=\/wp\/v2\/posts"}],"about":[{"href":"https:\/\/strachocin.archidiecezja.wroc.pl\/index.php?rest_route=\/wp\/v2\/types\/post"}],"author":[{"embeddable":true,"href":"https:\/\/strachocin.archidiecezja.wroc.pl\/index.php?rest_route=\/wp\/v2\/users\/2"}],"replies":[{"embeddable":true,"href":"https:\/\/strachocin.archidiecezja.wroc.pl\/index.php?rest_route=%2Fwp%2Fv2%2Fcomments&post=26968"}],"version-history":[{"count":1,"href":"https:\/\/strachocin.archidiecezja.wroc.pl\/index.php?rest_route=\/wp\/v2\/posts\/26968\/revisions"}],"predecessor-version":[{"id":26970,"href":"https:\/\/strachocin.archidiecezja.wroc.pl\/index.php?rest_route=\/wp\/v2\/posts\/26968\/revisions\/26970"}],"wp:featuredmedia":[{"embeddable":true,"href":"https:\/\/strachocin.archidiecezja.wroc.pl\/index.php?rest_route=\/wp\/v2\/media\/26969"}],"wp:attachment":[{"href":"https:\/\/strachocin.archidiecezja.wroc.pl\/index.php?rest_route=%2Fwp%2Fv2%2Fmedia&parent=26968"}],"wp:term":[{"taxonomy":"category","embeddable":true,"href":"https:\/\/strachocin.archidiecezja.wroc.pl\/index.php?rest_route=%2Fwp%2Fv2%2Fcategories&post=26968"},{"taxonomy":"post_tag","embeddable":true,"href":"https:\/\/strachocin.archidiecezja.wroc.pl\/index.php?rest_route=%2Fwp%2Fv2%2Ftags&post=26968"}],"curies":[{"name":"wp","href":"https:\/\/api.w.org\/{rel}","templated":true}]}}