{"id":26965,"date":"2025-09-20T21:56:13","date_gmt":"2025-09-20T19:56:13","guid":{"rendered":"https:\/\/strachocin.archidiecezja.wroc.pl\/?p=26965"},"modified":"2025-09-20T21:56:24","modified_gmt":"2025-09-20T19:56:24","slug":"ogloszenia-parafialne-25-niedziela-zwykla-21-wrzesnia-2025r","status":"publish","type":"post","link":"https:\/\/strachocin.archidiecezja.wroc.pl\/?p=26965","title":{"rendered":"OG\u0141OSZENIA PARAFIALNE &#8211; 25 Niedziela Zwyk\u0142a &#8211; 21 wrze\u015bnia 2025r."},"content":{"rendered":"\n<p><strong>OG\u0141OSZENIA PARAFIALNE<\/strong><\/p>\n\n\n\n<p><strong>25 Niedziela Zwyk\u0142a \u2013 21 wrze\u015bnia 2025 r.<\/strong><\/p>\n\n\n\n<p>1. Serdecznie dzi\u0119kujemy wszystkim, kt\u00f3rzy w ubieg\u0142\u0105 niedziel\u0119 pomagali z zorganizowaniu festynu parafialnego.<\/p>\n\n\n\n<p>2. Dzi\u015b po Mszy \u015bw. o godz. 12.30 spotkanie dzieci wczesnokomunijnych.<\/p>\n\n\n\n<p>3. Adoracja Naj\u015bwi\u0119tszego Sakramentu:<\/p>\n\n\n\n<p>&#8211; w poniedzia\u0142ki, wtorki i \u015brody&nbsp;&nbsp;&nbsp;&nbsp;&nbsp;&nbsp;&nbsp;&nbsp;&nbsp; od Mszy \u015bw. wieczornej do 21.30<\/p>\n\n\n\n<p>&#8211; w czwartki\u00a0\u00a0\u00a0\u00a0\u00a0\u00a0\u00a0\u00a0\u00a0\u00a0\u00a0\u00a0\u00a0\u00a0\u00a0\u00a0\u00a0\u00a0\u00a0\u00a0\u00a0\u00a0\u00a0\u00a0\u00a0\u00a0\u00a0\u00a0\u00a0\u00a0\u00a0\u00a0\u00a0\u00a0\u00a0\u00a0\u00a0\u00a0 od 15.00 do 18.00<\/p>\n\n\n\n<p>We wtorki podczas adoracji dy\u017cur modlitwy wstawienniczej.<\/p>\n\n\n\n<p>4. Mamy z ma\u0142ymi dzie\u0107mi zapraszamy na spotkania Kawa z Maryj\u0105 we wtorek o godz. 10.00 kawiarence dla dole.<\/p>\n\n\n\n<p>5. W \u015brod\u0119 o godz. 19.00 Kurs Biblijny. Us\u0142yszymy wyk\u0142ad ks. S\u0142awomira Stasiaka o Ksi\u0119dze Proroka Jeremiasza.<\/p>\n\n\n\n<p>6. W czwartek o godz. 19.00 spotkanie modlitewne wsp\u00f3lnoty Emaus.<\/p>\n\n\n\n<p>7. Parafialna pielgrzymka do Rzymu wyruszy w najbli\u017cszy czwartek. Wyjazd o godz. 9.30.<\/p>\n\n\n\n<p>8. Kompania Jonatana zaprasza m\u0142odzie\u017c na Msz\u0119 \u015bw. i spotkanie w pi\u0105tek o godz. 18.00. &nbsp;Zapraszamy r\u00f3wnie\u017c dzieci. Spotkania odbywaj\u0105 si\u0119 w ka\u017cdy pi\u0105tek o godz. 18.00 w dw\u00f3ch grupach wiekowych, od 3 do 6 roku oraz od 7 do 10 roku \u017cycia.<\/p>\n\n\n\n<p>9. W sobot\u0119 27 wrze\u015bnia odb\u0119dzie si\u0119 Spotkanie M\u0142odzie\u017cy Archidiecezji Wroc\u0142awskiej na \u015al\u0119\u017cy. Zapisy w zakrystii do wtorku.<\/p>\n\n\n\n<p>10. Kompania Rodzin zaprasza na spotkanie w przysz\u0142\u0105 niedziel\u0119 po Mszy \u015bw. o godz. 11.00. Podczas spotkania us\u0142yszymy katechez\u0119 ks. Miros\u0142awa Mali\u0144skiego o modlitwie w rodzinie.<\/p>\n\n\n\n<p>11. Senior\u00f3w zapraszamy na spotkanie w sobot\u0119 4 pa\u017adziernika o godz. 10.00. Us\u0142yszymy wyk\u0142ad p. Jacka \u015awidurskiego o \u015bw. Andrzeju Boboli.<\/p>\n\n\n\n<p>12. Poradnia Rodzinna zaprasza na cykl warsztat\u00f3w pt. \u201ePatrz g\u0142\u0119biej. Jak pokona\u0107 konflikt\u201d. Pierwsze spotkanie 29 wrze\u015bnia o 18.00. Informacja o zapisach na stronie internetowej parafii.<\/p>\n\n\n\n<p>13. Kandydat\u00f3w do bierzmowania, kt\u00f3rzy kontynuuj\u0105 przygotowanie, zapraszamy na spotkanie w niedziel\u0119 5 pa\u017adziernika o godz. 19.00.<\/p>\n\n\n\n<p>Uczni\u00f3w klas \u00f3smych, kt\u00f3rzy chc\u0105 rozpocz\u0105\u0107 przygotowanie do bierzmowania, zapraszamy na spotkanie w niedziele 12 pa\u017adziernika o godz. 19.00.<\/p>\n\n\n\n<p>14. Spotkanie dla dzieci komunijnych i ich rodzic\u00f3w odbywa\u0107 si\u0119 b\u0119d\u0105 do wyboru w pierwsz\u0105 lub drug\u0105 niedziele miesi\u0105ca po Mszy \u015bw. o godz. 12.30.<\/p>\n\n\n\n<p>Od tego roku chcemy zaproponowa\u0107 r\u00f3wnie\u017c spotkania formacyjne dla dzieci klas czwartych. Organizacyjne spotkanie b\u0119dzie w niedziel\u0119 5 pa\u017adziernika po Mszy \u015bw. o godz. 11.00. Serdecznie zapraszamy dzieci oraz rodzic\u00f3w.<\/p>\n\n\n\n<p>15. Pragniemy uruchomi\u0107 w naszej parafii autorskie warsztaty plastyczne dzie dzieci, m\u0142odzie\u017cy oraz doros\u0142ych. Je\u017celi kto\u015b jest zainteresowany, to prosimy o skontaktowanie si\u0119 z p. Rafa\u0142em Pobie\u0144czykiem (kom. 694&nbsp;885&nbsp;028).<\/p>\n\n\n\n<p>.<\/p>\n","protected":false},"excerpt":{"rendered":"<p>OG\u0141OSZENIA PARAFIALNE 25 Niedziela Zwyk\u0142a \u2013 21 wrze\u015bnia 2025 r. 1. Serdecznie dzi\u0119kujemy wszystkim, kt\u00f3rzy w ubieg\u0142\u0105 niedziel\u0119 pomagali z zorganizowaniu festynu parafialnego. 2. Dzi\u015b po Mszy \u015bw. o godz. 12.30 spotkanie dzieci wczesnokomunijnych. 3. Adoracja Naj\u015bwi\u0119tszego Sakramentu: &#8211; w poniedzia\u0142ki, wtorki i \u015brody&nbsp;&nbsp;&nbsp;&nbsp;&nbsp;&nbsp;&nbsp;&nbsp;&nbsp; od Mszy \u015bw. wieczornej do 21.30 [&hellip;]<\/p>\n","protected":false},"author":2,"featured_media":25071,"comment_status":"closed","ping_status":"open","sticky":false,"template":"","format":"standard","meta":{"_uag_custom_page_level_css":"","ngg_post_thumbnail":0,"footnotes":""},"categories":[10],"tags":[],"jetpack_featured_media_url":"https:\/\/i0.wp.com\/strachocin.archidiecezja.wroc.pl\/wp-content\/uploads\/2023\/03\/ogloszenia-parafia.png?fit=615%2C664&ssl=1","uagb_featured_image_src":{"full":["https:\/\/i0.wp.com\/strachocin.archidiecezja.wroc.pl\/wp-content\/uploads\/2023\/03\/ogloszenia-parafia.png?fit=615%2C664&ssl=1",615,664,false],"thumbnail":["https:\/\/i0.wp.com\/strachocin.archidiecezja.wroc.pl\/wp-content\/uploads\/2023\/03\/ogloszenia-parafia.png?resize=150%2C150&ssl=1",150,150,true],"medium":["https:\/\/i0.wp.com\/strachocin.archidiecezja.wroc.pl\/wp-content\/uploads\/2023\/03\/ogloszenia-parafia.png?fit=278%2C300&ssl=1",278,300,true],"medium_large":["https:\/\/i0.wp.com\/strachocin.archidiecezja.wroc.pl\/wp-content\/uploads\/2023\/03\/ogloszenia-parafia.png?fit=615%2C664&ssl=1",615,664,true],"large":["https:\/\/i0.wp.com\/strachocin.archidiecezja.wroc.pl\/wp-content\/uploads\/2023\/03\/ogloszenia-parafia.png?fit=615%2C664&ssl=1",615,664,true],"1536x1536":["https:\/\/i0.wp.com\/strachocin.archidiecezja.wroc.pl\/wp-content\/uploads\/2023\/03\/ogloszenia-parafia.png?fit=615%2C664&ssl=1",615,664,true],"2048x2048":["https:\/\/i0.wp.com\/strachocin.archidiecezja.wroc.pl\/wp-content\/uploads\/2023\/03\/ogloszenia-parafia.png?fit=615%2C664&ssl=1",615,664,true],"hestia-blog":["https:\/\/i0.wp.com\/strachocin.archidiecezja.wroc.pl\/wp-content\/uploads\/2023\/03\/ogloszenia-parafia.png?resize=360%2C240&ssl=1",360,240,true]},"uagb_author_info":{"display_name":"Proboszcz","author_link":"https:\/\/strachocin.archidiecezja.wroc.pl\/?author=2"},"uagb_comment_info":0,"uagb_excerpt":"OG\u0141OSZENIA PARAFIALNE 25 Niedziela Zwyk\u0142a \u2013 21 wrze\u015bnia 2025 r. 1. Serdecznie dzi\u0119kujemy wszystkim, kt\u00f3rzy w ubieg\u0142\u0105 niedziel\u0119 pomagali z zorganizowaniu festynu parafialnego. 2. Dzi\u015b po Mszy \u015bw. o godz. 12.30 spotkanie dzieci wczesnokomunijnych. 3. Adoracja Naj\u015bwi\u0119tszego Sakramentu: &#8211; w poniedzia\u0142ki, wtorki i \u015brody&nbsp;&nbsp;&nbsp;&nbsp;&nbsp;&nbsp;&nbsp;&nbsp;&nbsp; od Mszy \u015bw. wieczornej do 21.30 [&hellip;]","_links":{"self":[{"href":"https:\/\/strachocin.archidiecezja.wroc.pl\/index.php?rest_route=\/wp\/v2\/posts\/26965"}],"collection":[{"href":"https:\/\/strachocin.archidiecezja.wroc.pl\/index.php?rest_route=\/wp\/v2\/posts"}],"about":[{"href":"https:\/\/strachocin.archidiecezja.wroc.pl\/index.php?rest_route=\/wp\/v2\/types\/post"}],"author":[{"embeddable":true,"href":"https:\/\/strachocin.archidiecezja.wroc.pl\/index.php?rest_route=\/wp\/v2\/users\/2"}],"replies":[{"embeddable":true,"href":"https:\/\/strachocin.archidiecezja.wroc.pl\/index.php?rest_route=%2Fwp%2Fv2%2Fcomments&post=26965"}],"version-history":[{"count":1,"href":"https:\/\/strachocin.archidiecezja.wroc.pl\/index.php?rest_route=\/wp\/v2\/posts\/26965\/revisions"}],"predecessor-version":[{"id":26966,"href":"https:\/\/strachocin.archidiecezja.wroc.pl\/index.php?rest_route=\/wp\/v2\/posts\/26965\/revisions\/26966"}],"wp:featuredmedia":[{"embeddable":true,"href":"https:\/\/strachocin.archidiecezja.wroc.pl\/index.php?rest_route=\/wp\/v2\/media\/25071"}],"wp:attachment":[{"href":"https:\/\/strachocin.archidiecezja.wroc.pl\/index.php?rest_route=%2Fwp%2Fv2%2Fmedia&parent=26965"}],"wp:term":[{"taxonomy":"category","embeddable":true,"href":"https:\/\/strachocin.archidiecezja.wroc.pl\/index.php?rest_route=%2Fwp%2Fv2%2Fcategories&post=26965"},{"taxonomy":"post_tag","embeddable":true,"href":"https:\/\/strachocin.archidiecezja.wroc.pl\/index.php?rest_route=%2Fwp%2Fv2%2Ftags&post=26965"}],"curies":[{"name":"wp","href":"https:\/\/api.w.org\/{rel}","templated":true}]}}