{"id":26964,"date":"2025-09-27T21:57:05","date_gmt":"2025-09-27T19:57:05","guid":{"rendered":"https:\/\/strachocin.archidiecezja.wroc.pl\/?p=26964"},"modified":"2025-09-27T21:58:19","modified_gmt":"2025-09-27T19:58:19","slug":"ogloszenia-parafialne-26-niedziela-zwykla-28-wrzesnia-2025r","status":"publish","type":"post","link":"https:\/\/strachocin.archidiecezja.wroc.pl\/?p=26964","title":{"rendered":"OG\u0141OSZENIA PARAFIALNE &#8211; 26 Niedziela Zwyk\u0142a &#8211; 28 wrze\u015bnia 2025r."},"content":{"rendered":"\n<p>1. Adoracja Naj\u015bwi\u0119tszego Sakramentu w tym tygodniu b\u0119dzie w poniedzia\u0142ek, wtorek i \u015brod\u0119. Nie b\u0119dzie adoracji w czwartek.<\/p>\n\n\n\n<p>2. Od \u015brody odprawia\u0107 b\u0119dziemy nabo\u017ce\u0144stwa r\u00f3\u017ca\u0144cowe w nast\u0119puj\u0105cym porz\u0105dku:<\/p>\n\n\n\n<p>&#8211; w poniedzia\u0142ki, wtorki i \u015brody&nbsp;&nbsp;&nbsp;&nbsp;&nbsp;&nbsp;&nbsp;&nbsp;&nbsp; po Mszach \u015bw. wieczornych,<\/p>\n\n\n\n<p>&#8211; w czwartki, pi\u0105tki i soboty&nbsp;&nbsp;&nbsp;&nbsp;&nbsp;&nbsp;&nbsp;&nbsp;&nbsp;&nbsp;&nbsp;&nbsp;&nbsp;&nbsp; po Mszach \u015bw. porannych,<\/p>\n\n\n\n<p>&#8211; w niedziele &nbsp;&nbsp;&nbsp;&nbsp;&nbsp;&nbsp;&nbsp;&nbsp; &nbsp;&nbsp;&nbsp;&nbsp;&nbsp;&nbsp;&nbsp;&nbsp;&nbsp;&nbsp;&nbsp;&nbsp;&nbsp;&nbsp;&nbsp;&nbsp;&nbsp;&nbsp;&nbsp;&nbsp;&nbsp;&nbsp;&nbsp;&nbsp; &nbsp;&nbsp;&nbsp;&nbsp;&nbsp;&nbsp;&nbsp; &nbsp;&nbsp;&nbsp;&nbsp;&nbsp;&nbsp;&nbsp; o godz. 17.30.<\/p>\n\n\n\n<p>3. W czwartek o godz. 19.00 spotkanie modlitewne wsp\u00f3lnoty Emaus.<\/p>\n\n\n\n<p>4. W pi\u0105tek przed po\u0142udniem Komunia \u015bw. u chorych.<\/p>\n\n\n\n<p>Spowied\u017a \u015bw. w pi\u0105tek od godz. 17.00. &nbsp;Zapraszamy na Msz\u0119 \u015bw. adoracj\u0119 Naj\u015bwi\u0119tszego Sakramentu i wsp\u00f3lne uwielbienie w pi\u0105tek o godz. 18.00.<\/p>\n\n\n\n<p>5. W sobot\u0119 po Mszy \u015bw. o godz. 9.00 Nabo\u017ce\u0144stwo Pierwszych Sob\u00f3t Miesi\u0105ca.<\/p>\n\n\n\n<p>6. Senior\u00f3w zapraszamy na spotkanie w sobot\u0119 4 pa\u017adziernika o godz. 10.00. Us\u0142yszymy wyk\u0142ad p. Jacka \u015awidurskiego o \u015bw. Andrzeju Boboli.<\/p>\n\n\n\n<p>7. W przysz\u0142\u0105 niedziel\u0119:<\/p>\n\n\n\n<p>&#8211; przed Msz\u0105 \u015bw. o godz. 9.30 zmiana Tajemnic R\u00f3\u017ca\u0144cowych,<\/p>\n\n\n\n<p>&#8211; po Mszy \u015bw. o godz. 12.30 adoracja Naj\u015bwi\u0119tszego Sakramentu,<\/p>\n\n\n\n<p>&#8211; taca b\u0119dzie przeznaczona na dalsze prace remontowe.<\/p>\n\n\n\n<p>8. Kandydat\u00f3w do bierzmowania, kt\u00f3rzy kontynuuj\u0105 przygotowanie, zapraszamy na spotkanie w niedziel\u0119 5 pa\u017adziernika o godz. 19.00.<\/p>\n\n\n\n<p>Uczni\u00f3w klas \u00f3smych, kt\u00f3rzy chc\u0105 rozpocz\u0105\u0107 przygotowanie do bierzmowania, zapraszamy na spotkanie w niedziele 12 pa\u017adziernika o godz. 19.00.<\/p>\n\n\n\n<p>9. Spotkanie dla dzieci komunijnych i ich rodzic\u00f3w odbywa\u0107 si\u0119 b\u0119d\u0105 do wyboru w pierwsz\u0105 lub drug\u0105 niedziele miesi\u0105ca po Mszy \u015bw. o godz. 12.30.<\/p>\n\n\n\n<p>Od tego roku chcemy zaproponowa\u0107 r\u00f3wnie\u017c spotkania formacyjne dla dzieci klas czwartych. Organizacyjne spotkanie b\u0119dzie w niedziel\u0119 5 pa\u017adziernika po Mszy \u015bw. o godz. 11.00. Serdecznie zapraszamy dzieci oraz rodzic\u00f3w.<\/p>\n\n\n\n<p>10. Pragniemy uruchomi\u0107 w naszej parafii autorskie warsztaty plastyczne dzie dzieci, m\u0142odzie\u017cy oraz doros\u0142ych. Je\u017celi kto\u015b jest zainteresowany, to prosimy o skontaktowanie si\u0119 z p. Rafa\u0142em Pobie\u0144czykiem (kom. 694&nbsp;885&nbsp;028).<\/p>\n\n\n\n<p>11. Od pa\u017adziernika rozpocznie si\u0119 kurs j\u0119zyka hebrajskiego. Informacja na stronie internetowej parafii.<\/p>\n\n\n\n<p>12. Poradnia Rodzinna zaprasza na spotkanie z p. Ma\u0142gorzat\u0105 Kramarz, kt\u00f3ra poprowadzi warsztat nt. Kryzysu, i odpowie na pytanie jak tw\u00f3rczo do niego podej\u015b\u0107 i uzyska\u0107 korzy\u015b\u0107. Warsztat odb\u0119dzie si\u0119 w \u015brod\u0119 8 pa\u017adziernika o godz. 19.00.<\/p>\n\n\n\n<p>13. Nastolatk\u00f3w oraz osoby do trzydziestego roku \u017cycia zapraszamy do nowego ch\u00f3ru, kt\u00f3ry powstaje w naszej parafii. Serdecznie zapraszamy uczni\u00f3w szk\u00f3\u0142 muzycznych oraz wszystkich, kt\u00f3rzy chc\u0105 i potrafi\u0105 \u015bpiewa\u0107. Pierwsze spotkanie b\u0119dzie w niedziel\u0119 12 pa\u017adziernika o godz. 18.00.<\/p>\n\n\n\n<p>.<\/p>\n","protected":false},"excerpt":{"rendered":"<p>1. Adoracja Naj\u015bwi\u0119tszego Sakramentu w tym tygodniu b\u0119dzie w poniedzia\u0142ek, wtorek i \u015brod\u0119. Nie b\u0119dzie adoracji w czwartek. 2. Od \u015brody odprawia\u0107 b\u0119dziemy nabo\u017ce\u0144stwa r\u00f3\u017ca\u0144cowe w nast\u0119puj\u0105cym porz\u0105dku: &#8211; w poniedzia\u0142ki, wtorki i \u015brody&nbsp;&nbsp;&nbsp;&nbsp;&nbsp;&nbsp;&nbsp;&nbsp;&nbsp; po Mszach \u015bw. wieczornych, &#8211; w czwartki, pi\u0105tki i soboty&nbsp;&nbsp;&nbsp;&nbsp;&nbsp;&nbsp;&nbsp;&nbsp;&nbsp;&nbsp;&nbsp;&nbsp;&nbsp;&nbsp; po Mszach \u015bw. porannych, &#8211; w [&hellip;]<\/p>\n","protected":false},"author":2,"featured_media":25071,"comment_status":"closed","ping_status":"open","sticky":false,"template":"","format":"standard","meta":{"_uag_custom_page_level_css":"","ngg_post_thumbnail":0,"footnotes":""},"categories":[10],"tags":[],"jetpack_featured_media_url":"https:\/\/i0.wp.com\/strachocin.archidiecezja.wroc.pl\/wp-content\/uploads\/2023\/03\/ogloszenia-parafia.png?fit=615%2C664&ssl=1","uagb_featured_image_src":{"full":["https:\/\/i0.wp.com\/strachocin.archidiecezja.wroc.pl\/wp-content\/uploads\/2023\/03\/ogloszenia-parafia.png?fit=615%2C664&ssl=1",615,664,false],"thumbnail":["https:\/\/i0.wp.com\/strachocin.archidiecezja.wroc.pl\/wp-content\/uploads\/2023\/03\/ogloszenia-parafia.png?resize=150%2C150&ssl=1",150,150,true],"medium":["https:\/\/i0.wp.com\/strachocin.archidiecezja.wroc.pl\/wp-content\/uploads\/2023\/03\/ogloszenia-parafia.png?fit=278%2C300&ssl=1",278,300,true],"medium_large":["https:\/\/i0.wp.com\/strachocin.archidiecezja.wroc.pl\/wp-content\/uploads\/2023\/03\/ogloszenia-parafia.png?fit=615%2C664&ssl=1",615,664,true],"large":["https:\/\/i0.wp.com\/strachocin.archidiecezja.wroc.pl\/wp-content\/uploads\/2023\/03\/ogloszenia-parafia.png?fit=615%2C664&ssl=1",615,664,true],"1536x1536":["https:\/\/i0.wp.com\/strachocin.archidiecezja.wroc.pl\/wp-content\/uploads\/2023\/03\/ogloszenia-parafia.png?fit=615%2C664&ssl=1",615,664,true],"2048x2048":["https:\/\/i0.wp.com\/strachocin.archidiecezja.wroc.pl\/wp-content\/uploads\/2023\/03\/ogloszenia-parafia.png?fit=615%2C664&ssl=1",615,664,true],"hestia-blog":["https:\/\/i0.wp.com\/strachocin.archidiecezja.wroc.pl\/wp-content\/uploads\/2023\/03\/ogloszenia-parafia.png?resize=360%2C240&ssl=1",360,240,true]},"uagb_author_info":{"display_name":"Proboszcz","author_link":"https:\/\/strachocin.archidiecezja.wroc.pl\/?author=2"},"uagb_comment_info":0,"uagb_excerpt":"1. Adoracja Naj\u015bwi\u0119tszego Sakramentu w tym tygodniu b\u0119dzie w poniedzia\u0142ek, wtorek i \u015brod\u0119. Nie b\u0119dzie adoracji w czwartek. 2. Od \u015brody odprawia\u0107 b\u0119dziemy nabo\u017ce\u0144stwa r\u00f3\u017ca\u0144cowe w nast\u0119puj\u0105cym porz\u0105dku: &#8211; w poniedzia\u0142ki, wtorki i \u015brody&nbsp;&nbsp;&nbsp;&nbsp;&nbsp;&nbsp;&nbsp;&nbsp;&nbsp; po Mszach \u015bw. wieczornych, &#8211; w czwartki, pi\u0105tki i soboty&nbsp;&nbsp;&nbsp;&nbsp;&nbsp;&nbsp;&nbsp;&nbsp;&nbsp;&nbsp;&nbsp;&nbsp;&nbsp;&nbsp; po Mszach \u015bw. porannych, &#8211; w [&hellip;]","_links":{"self":[{"href":"https:\/\/strachocin.archidiecezja.wroc.pl\/index.php?rest_route=\/wp\/v2\/posts\/26964"}],"collection":[{"href":"https:\/\/strachocin.archidiecezja.wroc.pl\/index.php?rest_route=\/wp\/v2\/posts"}],"about":[{"href":"https:\/\/strachocin.archidiecezja.wroc.pl\/index.php?rest_route=\/wp\/v2\/types\/post"}],"author":[{"embeddable":true,"href":"https:\/\/strachocin.archidiecezja.wroc.pl\/index.php?rest_route=\/wp\/v2\/users\/2"}],"replies":[{"embeddable":true,"href":"https:\/\/strachocin.archidiecezja.wroc.pl\/index.php?rest_route=%2Fwp%2Fv2%2Fcomments&post=26964"}],"version-history":[{"count":1,"href":"https:\/\/strachocin.archidiecezja.wroc.pl\/index.php?rest_route=\/wp\/v2\/posts\/26964\/revisions"}],"predecessor-version":[{"id":26971,"href":"https:\/\/strachocin.archidiecezja.wroc.pl\/index.php?rest_route=\/wp\/v2\/posts\/26964\/revisions\/26971"}],"wp:featuredmedia":[{"embeddable":true,"href":"https:\/\/strachocin.archidiecezja.wroc.pl\/index.php?rest_route=\/wp\/v2\/media\/25071"}],"wp:attachment":[{"href":"https:\/\/strachocin.archidiecezja.wroc.pl\/index.php?rest_route=%2Fwp%2Fv2%2Fmedia&parent=26964"}],"wp:term":[{"taxonomy":"category","embeddable":true,"href":"https:\/\/strachocin.archidiecezja.wroc.pl\/index.php?rest_route=%2Fwp%2Fv2%2Fcategories&post=26964"},{"taxonomy":"post_tag","embeddable":true,"href":"https:\/\/strachocin.archidiecezja.wroc.pl\/index.php?rest_route=%2Fwp%2Fv2%2Ftags&post=26964"}],"curies":[{"name":"wp","href":"https:\/\/api.w.org\/{rel}","templated":true}]}}