{"id":26947,"date":"2025-09-14T00:54:22","date_gmt":"2025-09-13T22:54:22","guid":{"rendered":"https:\/\/strachocin.archidiecezja.wroc.pl\/?p=26947"},"modified":"2025-09-14T00:54:24","modified_gmt":"2025-09-13T22:54:24","slug":"ogloszenia-parafialne-24-niedziela-zwykla-14-wrzesnia-2025r","status":"publish","type":"post","link":"https:\/\/strachocin.archidiecezja.wroc.pl\/?p=26947","title":{"rendered":"OG\u0141OSZENIA PARAFIALNE &#8211; 24 Niedziela Zwyk\u0142a &#8211; 14 wrze\u015bnia 2025r."},"content":{"rendered":"\n<p>1. Dzi\u015b:<\/p>\n\n\n\n<p>&#8211; po Mszy \u015bw. o godz. 11.00 spotkanie rodzic\u00f3w dzieci komunijnych,<\/p>\n\n\n\n<p>&#8211; o godz. 12.30 uroczysta Msza \u015bw. odpustowa i festyn parafialny.<\/p>\n\n\n\n<p>2. Adoracja Naj\u015bwi\u0119tszego Sakramentu:<\/p>\n\n\n\n<p>&#8211; w poniedzia\u0142ki, wtorki i \u015brody&nbsp;&nbsp;&nbsp;&nbsp;&nbsp;&nbsp;&nbsp;&nbsp;&nbsp;&nbsp; od Mszy \u015bw. wieczornej do 21.30<\/p>\n\n\n\n<p>&#8211; w czwartki&nbsp;&nbsp;&nbsp;&nbsp;&nbsp;&nbsp;&nbsp;&nbsp;&nbsp;&nbsp;&nbsp;&nbsp;&nbsp;&nbsp;&nbsp;&nbsp;&nbsp;&nbsp;&nbsp;&nbsp;&nbsp;&nbsp;&nbsp;&nbsp;&nbsp;&nbsp;&nbsp;&nbsp;&nbsp;&nbsp;&nbsp;&nbsp;&nbsp;&nbsp;&nbsp;&nbsp;&nbsp;&nbsp;&nbsp;&nbsp;&nbsp;&nbsp;&nbsp;&nbsp;&nbsp;&nbsp;&nbsp; od 15.00 do 18.00<\/p>\n\n\n\n<p>We wtorki podczas adoracji dy\u017cur modlitwy wstawienniczej.<\/p>\n\n\n\n<p>3. W czwartek o godz. 19.00 spotkanie modlitewne wsp\u00f3lnoty Emaus.<\/p>\n\n\n\n<p>4. Kompania Jonatana zaprasza m\u0142odzie\u017c oraz doros\u0142ych na Msz\u0119 \u015bw. i spotykanie w pi\u0105tek o godz. 18.00. Na spotkaniu obejrzymy film o \u015bw. Carlo Acutisie&nbsp; pt. Plan na \u017cycie.<\/p>\n\n\n\n<p>Ponadto od pi\u0105tku rozpoczn\u0105 si\u0119 spotkanie dla dzieci, kt\u00f3re s\u0105 w dw\u00f3ch grupach wiekowych 3-6 lat oraz 7-10. Spotkania rozpoczynaj\u0105 si\u0119 o godz. 18.00 w salach na g\u00f3rze.<\/p>\n\n\n\n<p>5. Senior\u00f3w zapraszamy na spotkanie w sobot\u0119 20 wrze\u015bnia o godz. 10.00.<\/p>\n\n\n\n<p>6. W przysz\u0142\u0105 niedziel\u0119 po Mszy \u015bw. o godz. 12.30 spotkanie dzieci wczesnokomunijnych.<\/p>\n\n\n\n<p>7. W przysz\u0142\u0105 niedziel\u0119 o godz. 18.00 ks. bp Jacek Kici\u0144ski udzieli sakramentu bierzmowania naszej m\u0142odzie\u017cy. Kandydat\u00f3w do bierzmowania zapraszamy na pr\u00f3by w poniedzia\u0142ek i \u015brod\u0119 o godz. 19.00<\/p>\n\n\n\n<p>8. Spotkanie Kursu Biblijnego odb\u0119dzie si\u0119 24 wrze\u015bnia o godz. 19.00 (zamiast 10 wrze\u015bnia). Us\u0142yszymy wyk\u0142ad ks. S\u0142awomira Stasiaka o Ksi\u0119dze Proroka Jeremiasza.<\/p>\n\n\n\n<p>9. Poradnia Rodzinna zaprasza na cykl warsztat\u00f3w pt. \u201ePatrz g\u0142\u0119biej. Jak pokona\u0107 konflikt\u201d. Pierwsze spotkanie 29 wrze\u015bnia o godz. 18.00. Informacja o zapisach na stronie internetowej parafii.<\/p>\n\n\n\n<p>10. Mamy z ma\u0142ymi dzie\u0107mi zapraszamy na spotkania Kawa z Maryj\u0105. Najbli\u017csze spotkanie odb\u0119dzie si\u0119 23 wrze\u015bnia o godz. 10.00 w kawiarence na dole.<\/p>\n\n\n\n<p>.<\/p>\n","protected":false},"excerpt":{"rendered":"<p>1. Dzi\u015b: &#8211; po Mszy \u015bw. o godz. 11.00 spotkanie rodzic\u00f3w dzieci komunijnych, &#8211; o godz. 12.30 uroczysta Msza \u015bw. odpustowa i festyn parafialny. 2. Adoracja Naj\u015bwi\u0119tszego Sakramentu: &#8211; w poniedzia\u0142ki, wtorki i \u015brody&nbsp;&nbsp;&nbsp;&nbsp;&nbsp;&nbsp;&nbsp;&nbsp;&nbsp;&nbsp; od Mszy \u015bw. wieczornej do 21.30 &#8211; w czwartki&nbsp;&nbsp;&nbsp;&nbsp;&nbsp;&nbsp;&nbsp;&nbsp;&nbsp;&nbsp;&nbsp;&nbsp;&nbsp;&nbsp;&nbsp;&nbsp;&nbsp;&nbsp;&nbsp;&nbsp;&nbsp;&nbsp;&nbsp;&nbsp;&nbsp;&nbsp;&nbsp;&nbsp;&nbsp;&nbsp;&nbsp;&nbsp;&nbsp;&nbsp;&nbsp;&nbsp;&nbsp;&nbsp;&nbsp;&nbsp;&nbsp;&nbsp;&nbsp;&nbsp;&nbsp;&nbsp;&nbsp; od 15.00 do 18.00 We wtorki podczas [&hellip;]<\/p>\n","protected":false},"author":2,"featured_media":25071,"comment_status":"closed","ping_status":"open","sticky":false,"template":"","format":"standard","meta":{"_uag_custom_page_level_css":"","ngg_post_thumbnail":0,"footnotes":""},"categories":[10],"tags":[],"jetpack_featured_media_url":"https:\/\/i0.wp.com\/strachocin.archidiecezja.wroc.pl\/wp-content\/uploads\/2023\/03\/ogloszenia-parafia.png?fit=615%2C664&ssl=1","uagb_featured_image_src":{"full":["https:\/\/i0.wp.com\/strachocin.archidiecezja.wroc.pl\/wp-content\/uploads\/2023\/03\/ogloszenia-parafia.png?fit=615%2C664&ssl=1",615,664,false],"thumbnail":["https:\/\/i0.wp.com\/strachocin.archidiecezja.wroc.pl\/wp-content\/uploads\/2023\/03\/ogloszenia-parafia.png?resize=150%2C150&ssl=1",150,150,true],"medium":["https:\/\/i0.wp.com\/strachocin.archidiecezja.wroc.pl\/wp-content\/uploads\/2023\/03\/ogloszenia-parafia.png?fit=278%2C300&ssl=1",278,300,true],"medium_large":["https:\/\/i0.wp.com\/strachocin.archidiecezja.wroc.pl\/wp-content\/uploads\/2023\/03\/ogloszenia-parafia.png?fit=615%2C664&ssl=1",615,664,true],"large":["https:\/\/i0.wp.com\/strachocin.archidiecezja.wroc.pl\/wp-content\/uploads\/2023\/03\/ogloszenia-parafia.png?fit=615%2C664&ssl=1",615,664,true],"1536x1536":["https:\/\/i0.wp.com\/strachocin.archidiecezja.wroc.pl\/wp-content\/uploads\/2023\/03\/ogloszenia-parafia.png?fit=615%2C664&ssl=1",615,664,true],"2048x2048":["https:\/\/i0.wp.com\/strachocin.archidiecezja.wroc.pl\/wp-content\/uploads\/2023\/03\/ogloszenia-parafia.png?fit=615%2C664&ssl=1",615,664,true],"hestia-blog":["https:\/\/i0.wp.com\/strachocin.archidiecezja.wroc.pl\/wp-content\/uploads\/2023\/03\/ogloszenia-parafia.png?resize=360%2C240&ssl=1",360,240,true]},"uagb_author_info":{"display_name":"Proboszcz","author_link":"https:\/\/strachocin.archidiecezja.wroc.pl\/?author=2"},"uagb_comment_info":0,"uagb_excerpt":"1. Dzi\u015b: &#8211; po Mszy \u015bw. o godz. 11.00 spotkanie rodzic\u00f3w dzieci komunijnych, &#8211; o godz. 12.30 uroczysta Msza \u015bw. odpustowa i festyn parafialny. 2. Adoracja Naj\u015bwi\u0119tszego Sakramentu: &#8211; w poniedzia\u0142ki, wtorki i \u015brody&nbsp;&nbsp;&nbsp;&nbsp;&nbsp;&nbsp;&nbsp;&nbsp;&nbsp;&nbsp; od Mszy \u015bw. wieczornej do 21.30 &#8211; w czwartki&nbsp;&nbsp;&nbsp;&nbsp;&nbsp;&nbsp;&nbsp;&nbsp;&nbsp;&nbsp;&nbsp;&nbsp;&nbsp;&nbsp;&nbsp;&nbsp;&nbsp;&nbsp;&nbsp;&nbsp;&nbsp;&nbsp;&nbsp;&nbsp;&nbsp;&nbsp;&nbsp;&nbsp;&nbsp;&nbsp;&nbsp;&nbsp;&nbsp;&nbsp;&nbsp;&nbsp;&nbsp;&nbsp;&nbsp;&nbsp;&nbsp;&nbsp;&nbsp;&nbsp;&nbsp;&nbsp;&nbsp; od 15.00 do 18.00 We wtorki podczas [&hellip;]","_links":{"self":[{"href":"https:\/\/strachocin.archidiecezja.wroc.pl\/index.php?rest_route=\/wp\/v2\/posts\/26947"}],"collection":[{"href":"https:\/\/strachocin.archidiecezja.wroc.pl\/index.php?rest_route=\/wp\/v2\/posts"}],"about":[{"href":"https:\/\/strachocin.archidiecezja.wroc.pl\/index.php?rest_route=\/wp\/v2\/types\/post"}],"author":[{"embeddable":true,"href":"https:\/\/strachocin.archidiecezja.wroc.pl\/index.php?rest_route=\/wp\/v2\/users\/2"}],"replies":[{"embeddable":true,"href":"https:\/\/strachocin.archidiecezja.wroc.pl\/index.php?rest_route=%2Fwp%2Fv2%2Fcomments&post=26947"}],"version-history":[{"count":1,"href":"https:\/\/strachocin.archidiecezja.wroc.pl\/index.php?rest_route=\/wp\/v2\/posts\/26947\/revisions"}],"predecessor-version":[{"id":26948,"href":"https:\/\/strachocin.archidiecezja.wroc.pl\/index.php?rest_route=\/wp\/v2\/posts\/26947\/revisions\/26948"}],"wp:featuredmedia":[{"embeddable":true,"href":"https:\/\/strachocin.archidiecezja.wroc.pl\/index.php?rest_route=\/wp\/v2\/media\/25071"}],"wp:attachment":[{"href":"https:\/\/strachocin.archidiecezja.wroc.pl\/index.php?rest_route=%2Fwp%2Fv2%2Fmedia&parent=26947"}],"wp:term":[{"taxonomy":"category","embeddable":true,"href":"https:\/\/strachocin.archidiecezja.wroc.pl\/index.php?rest_route=%2Fwp%2Fv2%2Fcategories&post=26947"},{"taxonomy":"post_tag","embeddable":true,"href":"https:\/\/strachocin.archidiecezja.wroc.pl\/index.php?rest_route=%2Fwp%2Fv2%2Ftags&post=26947"}],"curies":[{"name":"wp","href":"https:\/\/api.w.org\/{rel}","templated":true}]}}