{"id":26942,"date":"2025-09-06T22:47:58","date_gmt":"2025-09-06T20:47:58","guid":{"rendered":"https:\/\/strachocin.archidiecezja.wroc.pl\/?p=26942"},"modified":"2025-09-06T22:48:03","modified_gmt":"2025-09-06T20:48:03","slug":"ogloszenia-parafialne-23-niedziela-zwykla-7-wrzesnia-2025r","status":"publish","type":"post","link":"https:\/\/strachocin.archidiecezja.wroc.pl\/?p=26942","title":{"rendered":"OG\u0141OSZENIA PARAFIALNE &#8211; 23 Niedziela Zwyk\u0142a &#8211; 7 wrze\u015bnia 2025r."},"content":{"rendered":"\n<p>1. Dzi\u015b:<\/p>\n\n\n\n<p>&#8211; po Mszy \u015bw. o godz. 12.30 adoracja Naj\u015bwi\u0119tszego Sakramentu do godz. 18.00,<\/p>\n\n\n\n<p>&#8211; o godz. 17.00 w sali na g\u00f3rze projekcja filmu CARLO ACUTIS PLAN NA \u017bYCIE.<\/p>\n\n\n\n<p>2. Adoracja Naj\u015bwi\u0119tszego Sakramentu:<\/p>\n\n\n\n<p>&#8211; w poniedzia\u0142ki, wtorki i \u015brody&nbsp;&nbsp;&nbsp;&nbsp;&nbsp;&nbsp;&nbsp;&nbsp;&nbsp;&nbsp; od Mszy \u015bw. wieczornej do 21.30<\/p>\n\n\n\n<p>&#8211; w czwartki&nbsp;&nbsp;&nbsp;&nbsp;&nbsp;&nbsp;&nbsp;&nbsp;&nbsp;&nbsp;&nbsp;&nbsp;&nbsp;&nbsp;&nbsp;&nbsp;&nbsp;&nbsp;&nbsp;&nbsp;&nbsp;&nbsp;&nbsp;&nbsp;&nbsp;&nbsp;&nbsp;&nbsp;&nbsp;&nbsp;&nbsp;&nbsp;&nbsp;&nbsp;&nbsp;&nbsp;&nbsp;&nbsp;&nbsp;&nbsp;&nbsp;&nbsp;&nbsp;&nbsp;&nbsp;&nbsp;&nbsp; od 15.00 do 18.00<\/p>\n\n\n\n<p>We wtorki podczas adoracji dy\u017cur modlitwy wstawienniczej.<\/p>\n\n\n\n<p>3. W czwartek o godz. 19.00 spotkanie modlitewne wsp\u00f3lnoty Emaus.<\/p>\n\n\n\n<p>4. Kompania Jonatana zaprasza m\u0142odzie\u017c na Msz\u0119 \u015bw. i spotykanie w pi\u0105tek o godz. 18.00. Spotkania dla dzieci rozpoczn\u0105 si\u0119 od 19 wrze\u015bnia.<\/p>\n\n\n\n<p>5. Rodzic\u00f3w dzieci komunijnych zapraszamy na spotkanie organizacyjne w przysz\u0142\u0105 niedziel\u0119 po Mszy \u015bw. o godz. 11.00.<\/p>\n\n\n\n<p>6. W sobot\u0119 po Mszy \u015bw. wieczornej Nabo\u017ce\u0144stwo Fatimskie.<\/p>\n\n\n\n<p>7. W przysz\u0142\u0105 niedziel\u0119 prze\u017cywa\u0107 b\u0119dziemy Odpust Parafialny. Uroczysta Msza \u015bw. o godz. 12.30. Po Mszy \u015bw. zapraszamy na festyn parafialny. Podczas festynu b\u0119d\u0105 zapewnione zabawy oraz r\u00f3\u017cne atrakcje. Ponadto b\u0119dzie mo\u017cna pozna\u0107 grupy i wsp\u00f3lnoty, kt\u00f3re s\u0105 w naszej parafii oraz przedstawione zostan\u0105 nowe inicjatywy, kt\u00f3re planujemy podj\u0105\u0107 w tym roku.<\/p>\n\n\n\n<p>Spotkanie organizacyjne przed festynem we wtorek o godz. 19.00. Zapraszamy przedstawicieli grup i wsp\u00f3lnot dzia\u0142aj\u0105cych w naszej parafii.<\/p>\n\n\n\n<p>Ponadto bardzo prosimy o pomoc w porz\u0105dkowaniu terenu wok\u00f3\u0142 ko\u015bcio\u0142a w sobot\u0119 od godz. 10.00.<\/p>\n\n\n\n<p>8. Senior\u00f3w zapraszamy na spotkanie w sobot\u0119 20 wrze\u015bnia o godz. 10.00.<\/p>\n\n\n\n<p>9. Spotkanie Kursu Biblijnego odb\u0119dzie si\u0119 24 wrze\u015bnia o godz. 19.00 (zamiast 10 wrze\u015bnia). Us\u0142yszymy wyk\u0142ad ks. S\u0142awomira Stasiaka o Ksi\u0119dze Proroka Jeremiasza.<\/p>\n\n\n\n<p>10. W niedziel\u0119 21 wrze\u015bnia o godz. 18.00 ks. bp Jacek Kici\u0144ski udzieli sakramentu bierzmowania naszej m\u0142odzie\u017cy. Kandydat\u00f3w do bierzmowania zapraszamy na pr\u00f3b\u0119 15 wrze\u015bnia na godz. 19.00.<\/p>\n","protected":false},"excerpt":{"rendered":"<p>1. Dzi\u015b: &#8211; po Mszy \u015bw. o godz. 12.30 adoracja Naj\u015bwi\u0119tszego Sakramentu do godz. 18.00, &#8211; o godz. 17.00 w sali na g\u00f3rze projekcja filmu CARLO ACUTIS PLAN NA \u017bYCIE. 2. Adoracja Naj\u015bwi\u0119tszego Sakramentu: &#8211; w poniedzia\u0142ki, wtorki i \u015brody&nbsp;&nbsp;&nbsp;&nbsp;&nbsp;&nbsp;&nbsp;&nbsp;&nbsp;&nbsp; od Mszy \u015bw. wieczornej do 21.30 &#8211; w czwartki&nbsp;&nbsp;&nbsp;&nbsp;&nbsp;&nbsp;&nbsp;&nbsp;&nbsp;&nbsp;&nbsp;&nbsp;&nbsp;&nbsp;&nbsp;&nbsp;&nbsp;&nbsp;&nbsp;&nbsp;&nbsp;&nbsp;&nbsp;&nbsp;&nbsp;&nbsp;&nbsp;&nbsp;&nbsp;&nbsp;&nbsp;&nbsp;&nbsp;&nbsp;&nbsp;&nbsp;&nbsp;&nbsp;&nbsp;&nbsp;&nbsp;&nbsp;&nbsp;&nbsp;&nbsp;&nbsp;&nbsp; od [&hellip;]<\/p>\n","protected":false},"author":2,"featured_media":25071,"comment_status":"closed","ping_status":"open","sticky":false,"template":"","format":"standard","meta":{"_uag_custom_page_level_css":"","ngg_post_thumbnail":0,"footnotes":""},"categories":[10],"tags":[],"jetpack_featured_media_url":"https:\/\/i0.wp.com\/strachocin.archidiecezja.wroc.pl\/wp-content\/uploads\/2023\/03\/ogloszenia-parafia.png?fit=615%2C664&ssl=1","uagb_featured_image_src":{"full":["https:\/\/i0.wp.com\/strachocin.archidiecezja.wroc.pl\/wp-content\/uploads\/2023\/03\/ogloszenia-parafia.png?fit=615%2C664&ssl=1",615,664,false],"thumbnail":["https:\/\/i0.wp.com\/strachocin.archidiecezja.wroc.pl\/wp-content\/uploads\/2023\/03\/ogloszenia-parafia.png?resize=150%2C150&ssl=1",150,150,true],"medium":["https:\/\/i0.wp.com\/strachocin.archidiecezja.wroc.pl\/wp-content\/uploads\/2023\/03\/ogloszenia-parafia.png?fit=278%2C300&ssl=1",278,300,true],"medium_large":["https:\/\/i0.wp.com\/strachocin.archidiecezja.wroc.pl\/wp-content\/uploads\/2023\/03\/ogloszenia-parafia.png?fit=615%2C664&ssl=1",615,664,true],"large":["https:\/\/i0.wp.com\/strachocin.archidiecezja.wroc.pl\/wp-content\/uploads\/2023\/03\/ogloszenia-parafia.png?fit=615%2C664&ssl=1",615,664,true],"1536x1536":["https:\/\/i0.wp.com\/strachocin.archidiecezja.wroc.pl\/wp-content\/uploads\/2023\/03\/ogloszenia-parafia.png?fit=615%2C664&ssl=1",615,664,true],"2048x2048":["https:\/\/i0.wp.com\/strachocin.archidiecezja.wroc.pl\/wp-content\/uploads\/2023\/03\/ogloszenia-parafia.png?fit=615%2C664&ssl=1",615,664,true],"hestia-blog":["https:\/\/i0.wp.com\/strachocin.archidiecezja.wroc.pl\/wp-content\/uploads\/2023\/03\/ogloszenia-parafia.png?resize=360%2C240&ssl=1",360,240,true]},"uagb_author_info":{"display_name":"Proboszcz","author_link":"https:\/\/strachocin.archidiecezja.wroc.pl\/?author=2"},"uagb_comment_info":0,"uagb_excerpt":"1. Dzi\u015b: &#8211; po Mszy \u015bw. o godz. 12.30 adoracja Naj\u015bwi\u0119tszego Sakramentu do godz. 18.00, &#8211; o godz. 17.00 w sali na g\u00f3rze projekcja filmu CARLO ACUTIS PLAN NA \u017bYCIE. 2. Adoracja Naj\u015bwi\u0119tszego Sakramentu: &#8211; w poniedzia\u0142ki, wtorki i \u015brody&nbsp;&nbsp;&nbsp;&nbsp;&nbsp;&nbsp;&nbsp;&nbsp;&nbsp;&nbsp; od Mszy \u015bw. wieczornej do 21.30 &#8211; w czwartki&nbsp;&nbsp;&nbsp;&nbsp;&nbsp;&nbsp;&nbsp;&nbsp;&nbsp;&nbsp;&nbsp;&nbsp;&nbsp;&nbsp;&nbsp;&nbsp;&nbsp;&nbsp;&nbsp;&nbsp;&nbsp;&nbsp;&nbsp;&nbsp;&nbsp;&nbsp;&nbsp;&nbsp;&nbsp;&nbsp;&nbsp;&nbsp;&nbsp;&nbsp;&nbsp;&nbsp;&nbsp;&nbsp;&nbsp;&nbsp;&nbsp;&nbsp;&nbsp;&nbsp;&nbsp;&nbsp;&nbsp; od [&hellip;]","_links":{"self":[{"href":"https:\/\/strachocin.archidiecezja.wroc.pl\/index.php?rest_route=\/wp\/v2\/posts\/26942"}],"collection":[{"href":"https:\/\/strachocin.archidiecezja.wroc.pl\/index.php?rest_route=\/wp\/v2\/posts"}],"about":[{"href":"https:\/\/strachocin.archidiecezja.wroc.pl\/index.php?rest_route=\/wp\/v2\/types\/post"}],"author":[{"embeddable":true,"href":"https:\/\/strachocin.archidiecezja.wroc.pl\/index.php?rest_route=\/wp\/v2\/users\/2"}],"replies":[{"embeddable":true,"href":"https:\/\/strachocin.archidiecezja.wroc.pl\/index.php?rest_route=%2Fwp%2Fv2%2Fcomments&post=26942"}],"version-history":[{"count":1,"href":"https:\/\/strachocin.archidiecezja.wroc.pl\/index.php?rest_route=\/wp\/v2\/posts\/26942\/revisions"}],"predecessor-version":[{"id":26943,"href":"https:\/\/strachocin.archidiecezja.wroc.pl\/index.php?rest_route=\/wp\/v2\/posts\/26942\/revisions\/26943"}],"wp:featuredmedia":[{"embeddable":true,"href":"https:\/\/strachocin.archidiecezja.wroc.pl\/index.php?rest_route=\/wp\/v2\/media\/25071"}],"wp:attachment":[{"href":"https:\/\/strachocin.archidiecezja.wroc.pl\/index.php?rest_route=%2Fwp%2Fv2%2Fmedia&parent=26942"}],"wp:term":[{"taxonomy":"category","embeddable":true,"href":"https:\/\/strachocin.archidiecezja.wroc.pl\/index.php?rest_route=%2Fwp%2Fv2%2Fcategories&post=26942"},{"taxonomy":"post_tag","embeddable":true,"href":"https:\/\/strachocin.archidiecezja.wroc.pl\/index.php?rest_route=%2Fwp%2Fv2%2Ftags&post=26942"}],"curies":[{"name":"wp","href":"https:\/\/api.w.org\/{rel}","templated":true}]}}