{"id":26884,"date":"2025-06-14T22:20:03","date_gmt":"2025-06-14T20:20:03","guid":{"rendered":"https:\/\/strachocin.archidiecezja.wroc.pl\/?p=26884"},"modified":"2025-06-14T22:20:09","modified_gmt":"2025-06-14T20:20:09","slug":"ogloszenia-parafialne-przenajswietszej-trojcy-15-czerwca-2025-r","status":"publish","type":"post","link":"https:\/\/strachocin.archidiecezja.wroc.pl\/?p=26884","title":{"rendered":"OG\u0141OSZENIA PARAFIALNE &#8211; Przenaj\u015bwi\u0119tszej Tr\u00f3jcy &#8211; 15 czerwca 2025 r."},"content":{"rendered":"\n<p>1. Dzi\u015b:<\/p>\n\n\n\n<p>&#8211; o godz. 17.30&nbsp; &nbsp;nabo\u017ce\u0144stwo czerwcowe,<\/p>\n\n\n\n<p>&#8211; o godz. 19.00 spotkanie kandydat\u00f3w do bierzmowania.<\/p>\n\n\n\n<p>2. Adoracja Naj\u015bwi\u0119tszego Sakramentu w poniedzia\u0142ek, wtorek i \u015brod\u0119 po Mszy \u015bw. wieczornej do godz. 21.30.<\/p>\n\n\n\n<p>3. W czwartek&nbsp; Uroczysto\u015b\u0107 Bo\u017cego Cia\u0142a. W tym dniu Msze \u015bw. b\u0119d\u0105 o godz. 8.00, 9.30, 12.30, 18.00 i 20.00. Po Mszy \u015bw. o godz. 9.30 wyruszy Procesja Eucharystyczna ulicami naszej parafii.&nbsp; W czwartek nabo\u017ce\u0144stwo czerwcowe o godz. 17.30.&nbsp;<\/p>\n\n\n\n<p>4. Bardzo prosimy, aby dzieci komunijne przysz\u0142y na procesj\u0119 w strojach komunijnych. Ponadto prosimy wszystkie dzieci, aby wzi\u0119\u0142y czynny udzia\u0142 w procesji. Dziewczynki b\u0119d\u0105 sypa\u0107 kwiatki, a ch\u0142opcy dzwoni\u0107 dzwonkami. &nbsp;<\/p>\n\n\n\n<p>Prosimy r\u00f3wnie\u017c o przygotowanie o\u0142tarzy:<\/p>\n\n\n\n<p>I.&nbsp;&nbsp;&nbsp;&nbsp;&nbsp;&nbsp;&nbsp;&nbsp;&nbsp;&nbsp;&nbsp;&nbsp;&nbsp;&nbsp; Domowy Ko\u015bci\u00f3\u0142<\/p>\n\n\n\n<p>II. &nbsp;&nbsp;&nbsp;&nbsp;&nbsp;&nbsp;&nbsp;&nbsp;&nbsp;&nbsp;&nbsp; Mieszka\u0144c\u00f3w ul. W\u0142o\u015bcia\u0144skiej<\/p>\n\n\n\n<p>III. &nbsp;&nbsp;&nbsp;&nbsp;&nbsp;&nbsp;&nbsp;&nbsp;&nbsp;&nbsp; Wsp\u00f3lnot\u0119 Odnowy w Duchu \u015awi\u0119tym <em>Emaus<\/em><\/p>\n\n\n\n<p>IV. &nbsp;&nbsp;&nbsp;&nbsp;&nbsp;&nbsp;&nbsp;&nbsp;&nbsp;&nbsp; \u017bywy R\u00f3\u017caniec<\/p>\n\n\n\n<p>5. Zapraszamy na koncert uwielbienia w Bo\u017ce Cia\u0142o na Placu Wolno\u015bci. Pocz\u0105tek o godz. 19.30.<\/p>\n\n\n\n<p>6. Senior\u00f3w zapraszamy na spotkanie w sobot\u0119 21 czerwca o godz. 10.00. Us\u0142yszymy prelekcj\u0119 p. Grzegorza Mazura pt. Pi\u0119\u0107setna rocznica Ho\u0142du Pruskiego.<\/p>\n\n\n\n<p>7. W Sali na parterze zosta\u0142a zorganizowana wystawa o cudach eucharystycznych na ca\u0142ym \u015bwiecie. Autorem tej prezentacji jest&nbsp; b\u0142ogos\u0142awiony Carlo Acutis. Zach\u0119camy do obejrzenia.<\/p>\n\n\n\n<p>8. Spotkaniu grupy wsparcia dla opiekun\u00f3w odb\u0119dzie si\u0119 &nbsp;w sobot\u0119 21 czerwca od godz. 15.45 do 17.45.<\/p>\n\n\n\n<p>9. Parafia organizuje rekolekcje letnie dla dzieci i m\u0142odzie\u017cy w Sarbinowie od 12 do 19 lipca Informacje o zapisach na stronie internetowej parafii.<\/p>\n","protected":false},"excerpt":{"rendered":"<p>1. Dzi\u015b: &#8211; o godz. 17.30&nbsp; &nbsp;nabo\u017ce\u0144stwo czerwcowe, &#8211; o godz. 19.00 spotkanie kandydat\u00f3w do bierzmowania. 2. Adoracja Naj\u015bwi\u0119tszego Sakramentu w poniedzia\u0142ek, wtorek i \u015brod\u0119 po Mszy \u015bw. wieczornej do godz. 21.30. 3. W czwartek&nbsp; Uroczysto\u015b\u0107 Bo\u017cego Cia\u0142a. W tym dniu Msze \u015bw. b\u0119d\u0105 o godz. 8.00, 9.30, 12.30, 18.00 [&hellip;]<\/p>\n","protected":false},"author":2,"featured_media":25071,"comment_status":"closed","ping_status":"open","sticky":false,"template":"","format":"standard","meta":{"_uag_custom_page_level_css":"","ngg_post_thumbnail":0,"footnotes":""},"categories":[10],"tags":[],"jetpack_featured_media_url":"https:\/\/i0.wp.com\/strachocin.archidiecezja.wroc.pl\/wp-content\/uploads\/2023\/03\/ogloszenia-parafia.png?fit=615%2C664&ssl=1","uagb_featured_image_src":{"full":["https:\/\/i0.wp.com\/strachocin.archidiecezja.wroc.pl\/wp-content\/uploads\/2023\/03\/ogloszenia-parafia.png?fit=615%2C664&ssl=1",615,664,false],"thumbnail":["https:\/\/i0.wp.com\/strachocin.archidiecezja.wroc.pl\/wp-content\/uploads\/2023\/03\/ogloszenia-parafia.png?resize=150%2C150&ssl=1",150,150,true],"medium":["https:\/\/i0.wp.com\/strachocin.archidiecezja.wroc.pl\/wp-content\/uploads\/2023\/03\/ogloszenia-parafia.png?fit=278%2C300&ssl=1",278,300,true],"medium_large":["https:\/\/i0.wp.com\/strachocin.archidiecezja.wroc.pl\/wp-content\/uploads\/2023\/03\/ogloszenia-parafia.png?fit=615%2C664&ssl=1",615,664,true],"large":["https:\/\/i0.wp.com\/strachocin.archidiecezja.wroc.pl\/wp-content\/uploads\/2023\/03\/ogloszenia-parafia.png?fit=615%2C664&ssl=1",615,664,true],"1536x1536":["https:\/\/i0.wp.com\/strachocin.archidiecezja.wroc.pl\/wp-content\/uploads\/2023\/03\/ogloszenia-parafia.png?fit=615%2C664&ssl=1",615,664,true],"2048x2048":["https:\/\/i0.wp.com\/strachocin.archidiecezja.wroc.pl\/wp-content\/uploads\/2023\/03\/ogloszenia-parafia.png?fit=615%2C664&ssl=1",615,664,true],"hestia-blog":["https:\/\/i0.wp.com\/strachocin.archidiecezja.wroc.pl\/wp-content\/uploads\/2023\/03\/ogloszenia-parafia.png?resize=360%2C240&ssl=1",360,240,true]},"uagb_author_info":{"display_name":"Proboszcz","author_link":"https:\/\/strachocin.archidiecezja.wroc.pl\/?author=2"},"uagb_comment_info":0,"uagb_excerpt":"1. Dzi\u015b: &#8211; o godz. 17.30&nbsp; &nbsp;nabo\u017ce\u0144stwo czerwcowe, &#8211; o godz. 19.00 spotkanie kandydat\u00f3w do bierzmowania. 2. Adoracja Naj\u015bwi\u0119tszego Sakramentu w poniedzia\u0142ek, wtorek i \u015brod\u0119 po Mszy \u015bw. wieczornej do godz. 21.30. 3. W czwartek&nbsp; Uroczysto\u015b\u0107 Bo\u017cego Cia\u0142a. W tym dniu Msze \u015bw. b\u0119d\u0105 o godz. 8.00, 9.30, 12.30, 18.00 [&hellip;]","_links":{"self":[{"href":"https:\/\/strachocin.archidiecezja.wroc.pl\/index.php?rest_route=\/wp\/v2\/posts\/26884"}],"collection":[{"href":"https:\/\/strachocin.archidiecezja.wroc.pl\/index.php?rest_route=\/wp\/v2\/posts"}],"about":[{"href":"https:\/\/strachocin.archidiecezja.wroc.pl\/index.php?rest_route=\/wp\/v2\/types\/post"}],"author":[{"embeddable":true,"href":"https:\/\/strachocin.archidiecezja.wroc.pl\/index.php?rest_route=\/wp\/v2\/users\/2"}],"replies":[{"embeddable":true,"href":"https:\/\/strachocin.archidiecezja.wroc.pl\/index.php?rest_route=%2Fwp%2Fv2%2Fcomments&post=26884"}],"version-history":[{"count":1,"href":"https:\/\/strachocin.archidiecezja.wroc.pl\/index.php?rest_route=\/wp\/v2\/posts\/26884\/revisions"}],"predecessor-version":[{"id":26885,"href":"https:\/\/strachocin.archidiecezja.wroc.pl\/index.php?rest_route=\/wp\/v2\/posts\/26884\/revisions\/26885"}],"wp:featuredmedia":[{"embeddable":true,"href":"https:\/\/strachocin.archidiecezja.wroc.pl\/index.php?rest_route=\/wp\/v2\/media\/25071"}],"wp:attachment":[{"href":"https:\/\/strachocin.archidiecezja.wroc.pl\/index.php?rest_route=%2Fwp%2Fv2%2Fmedia&parent=26884"}],"wp:term":[{"taxonomy":"category","embeddable":true,"href":"https:\/\/strachocin.archidiecezja.wroc.pl\/index.php?rest_route=%2Fwp%2Fv2%2Fcategories&post=26884"},{"taxonomy":"post_tag","embeddable":true,"href":"https:\/\/strachocin.archidiecezja.wroc.pl\/index.php?rest_route=%2Fwp%2Fv2%2Ftags&post=26884"}],"curies":[{"name":"wp","href":"https:\/\/api.w.org\/{rel}","templated":true}]}}