{"id":26849,"date":"2025-05-17T23:12:15","date_gmt":"2025-05-17T21:12:15","guid":{"rendered":"https:\/\/strachocin.archidiecezja.wroc.pl\/?p=26849"},"modified":"2025-05-17T23:16:29","modified_gmt":"2025-05-17T21:16:29","slug":"swietujemy-dzien-dziecka-2","status":"publish","type":"post","link":"https:\/\/strachocin.archidiecezja.wroc.pl\/?p=26849","title":{"rendered":"SWI\u0118TUJEMY DZIE\u0143 DZIECKA"},"content":{"rendered":"\n<p>1 czerwca<\/p>\n\n\n\n<ul>\n<li>o godz. 11.00 Rocznica I Komunii \u015bw<\/li>\n\n\n\n<li>o godz. 12.00 wyk\u0142ad p. Marii Berli\u0144skiej &#8222;Wp\u0142yw atmosfery wychowania na rozw\u00f3j dziecka<\/li>\n\n\n\n<li>od godz. 13.30 PIKNIK PARAFIALNY Z OKAZJI DNIA DZIECKA<\/li>\n\n\n\n<li><\/li>\n\n\n\n<li>wyjazd ojc\u00f3w z dzie\u0107mi &#8211; 14\/15 czerwca<\/li>\n<\/ul>\n\n\n\n<p><\/p>\n\n\n\n<figure class=\"wp-block-gallery has-nested-images columns-default is-cropped wp-block-gallery-1 is-layout-flex wp-block-gallery-is-layout-flex\">\n<figure class=\"wp-block-image size-large is-style-default\"><img loading=\"lazy\" decoding=\"async\" width=\"724\" height=\"1024\" data-id=\"26837\" src=\"https:\/\/i0.wp.com\/strachocin.archidiecezja.wroc.pl\/wp-content\/uploads\/2025\/05\/Piknik-parafialny-2025.jpg?resize=724%2C1024&#038;ssl=1\" alt=\"\" class=\"wp-image-26837\" srcset=\"https:\/\/i0.wp.com\/strachocin.archidiecezja.wroc.pl\/wp-content\/uploads\/2025\/05\/Piknik-parafialny-2025.jpg?resize=724%2C1024&amp;ssl=1 724w, https:\/\/i0.wp.com\/strachocin.archidiecezja.wroc.pl\/wp-content\/uploads\/2025\/05\/Piknik-parafialny-2025.jpg?resize=212%2C300&amp;ssl=1 212w, https:\/\/i0.wp.com\/strachocin.archidiecezja.wroc.pl\/wp-content\/uploads\/2025\/05\/Piknik-parafialny-2025.jpg?resize=768%2C1086&amp;ssl=1 768w, https:\/\/i0.wp.com\/strachocin.archidiecezja.wroc.pl\/wp-content\/uploads\/2025\/05\/Piknik-parafialny-2025.jpg?resize=1086%2C1536&amp;ssl=1 1086w, https:\/\/i0.wp.com\/strachocin.archidiecezja.wroc.pl\/wp-content\/uploads\/2025\/05\/Piknik-parafialny-2025.jpg?w=1414&amp;ssl=1 1414w\" sizes=\"(max-width: 724px) 100vw, 724px\" data-recalc-dims=\"1\" \/><\/figure>\n<\/figure>\n\n\n\n<figure class=\"wp-block-image size-large\"><img loading=\"lazy\" decoding=\"async\" width=\"724\" height=\"1024\" src=\"https:\/\/i0.wp.com\/strachocin.archidiecezja.wroc.pl\/wp-content\/uploads\/2025\/05\/tata-i-ja.jpg?resize=724%2C1024&#038;ssl=1\" alt=\"\" class=\"wp-image-26838\" srcset=\"https:\/\/i0.wp.com\/strachocin.archidiecezja.wroc.pl\/wp-content\/uploads\/2025\/05\/tata-i-ja.jpg?resize=724%2C1024&amp;ssl=1 724w, https:\/\/i0.wp.com\/strachocin.archidiecezja.wroc.pl\/wp-content\/uploads\/2025\/05\/tata-i-ja.jpg?resize=212%2C300&amp;ssl=1 212w, https:\/\/i0.wp.com\/strachocin.archidiecezja.wroc.pl\/wp-content\/uploads\/2025\/05\/tata-i-ja.jpg?resize=768%2C1086&amp;ssl=1 768w, https:\/\/i0.wp.com\/strachocin.archidiecezja.wroc.pl\/wp-content\/uploads\/2025\/05\/tata-i-ja.jpg?resize=1086%2C1536&amp;ssl=1 1086w, https:\/\/i0.wp.com\/strachocin.archidiecezja.wroc.pl\/wp-content\/uploads\/2025\/05\/tata-i-ja.jpg?w=1414&amp;ssl=1 1414w\" sizes=\"(max-width: 724px) 100vw, 724px\" data-recalc-dims=\"1\" \/><\/figure>\n\n\n\n<blockquote class=\"wp-block-quote is-layout-flow wp-block-quote-is-layout-flow\">\n<p>JA I M\u00d3J TATA &#8211; link do zapis\u00f3w: <a href=\"https:\/\/docs.google.com\/forms\/d\/e\/1FAIpQLScwrLi1vwLY8Kf7_l_hDe8JJr7mXyYoBP0co42JxbCCl4PgSA\/viewform\">https:\/\/docs.google.com\/forms\/d\/e\/1FAIpQLScwrLi1vwLY8Kf7_l_hDe8JJr7mXyYoBP0co42JxbCCl4PgSA\/viewform<\/a><\/p>\n<\/blockquote>\n\n\n\n<figure class=\"wp-block-image size-large\"><img loading=\"lazy\" decoding=\"async\" width=\"724\" height=\"1024\" src=\"https:\/\/i0.wp.com\/strachocin.archidiecezja.wroc.pl\/wp-content\/uploads\/2025\/05\/wyklad-1-czerwca.jpg?resize=724%2C1024&#038;ssl=1\" alt=\"\" class=\"wp-image-26850\" srcset=\"https:\/\/i0.wp.com\/strachocin.archidiecezja.wroc.pl\/wp-content\/uploads\/2025\/05\/wyklad-1-czerwca.jpg?resize=724%2C1024&amp;ssl=1 724w, https:\/\/i0.wp.com\/strachocin.archidiecezja.wroc.pl\/wp-content\/uploads\/2025\/05\/wyklad-1-czerwca.jpg?resize=212%2C300&amp;ssl=1 212w, https:\/\/i0.wp.com\/strachocin.archidiecezja.wroc.pl\/wp-content\/uploads\/2025\/05\/wyklad-1-czerwca.jpg?resize=768%2C1086&amp;ssl=1 768w, https:\/\/i0.wp.com\/strachocin.archidiecezja.wroc.pl\/wp-content\/uploads\/2025\/05\/wyklad-1-czerwca.jpg?w=1080&amp;ssl=1 1080w\" sizes=\"(max-width: 724px) 100vw, 724px\" data-recalc-dims=\"1\" \/><\/figure>\n","protected":false},"excerpt":{"rendered":"<p>1 czerwca JA I M\u00d3J TATA &#8211; link do zapis\u00f3w: https:\/\/docs.google.com\/forms\/d\/e\/1FAIpQLScwrLi1vwLY8Kf7_l_hDe8JJr7mXyYoBP0co42JxbCCl4PgSA\/viewform<\/p>\n","protected":false},"author":2,"featured_media":26837,"comment_status":"closed","ping_status":"open","sticky":false,"template":"","format":"standard","meta":{"_uag_custom_page_level_css":"","ngg_post_thumbnail":0,"footnotes":""},"categories":[12],"tags":[],"jetpack_featured_media_url":"https:\/\/i0.wp.com\/strachocin.archidiecezja.wroc.pl\/wp-content\/uploads\/2025\/05\/Piknik-parafialny-2025.jpg?fit=1414%2C2000&ssl=1","uagb_featured_image_src":{"full":["https:\/\/i0.wp.com\/strachocin.archidiecezja.wroc.pl\/wp-content\/uploads\/2025\/05\/Piknik-parafialny-2025.jpg?fit=1414%2C2000&ssl=1",1414,2000,false],"thumbnail":["https:\/\/i0.wp.com\/strachocin.archidiecezja.wroc.pl\/wp-content\/uploads\/2025\/05\/Piknik-parafialny-2025.jpg?resize=150%2C150&ssl=1",150,150,true],"medium":["https:\/\/i0.wp.com\/strachocin.archidiecezja.wroc.pl\/wp-content\/uploads\/2025\/05\/Piknik-parafialny-2025.jpg?fit=212%2C300&ssl=1",212,300,true],"medium_large":["https:\/\/i0.wp.com\/strachocin.archidiecezja.wroc.pl\/wp-content\/uploads\/2025\/05\/Piknik-parafialny-2025.jpg?fit=750%2C1061&ssl=1",750,1061,true],"large":["https:\/\/i0.wp.com\/strachocin.archidiecezja.wroc.pl\/wp-content\/uploads\/2025\/05\/Piknik-parafialny-2025.jpg?fit=724%2C1024&ssl=1",724,1024,true],"1536x1536":["https:\/\/i0.wp.com\/strachocin.archidiecezja.wroc.pl\/wp-content\/uploads\/2025\/05\/Piknik-parafialny-2025.jpg?fit=1086%2C1536&ssl=1",1086,1536,true],"2048x2048":["https:\/\/i0.wp.com\/strachocin.archidiecezja.wroc.pl\/wp-content\/uploads\/2025\/05\/Piknik-parafialny-2025.jpg?fit=1414%2C2000&ssl=1",1414,2000,true],"hestia-blog":["https:\/\/i0.wp.com\/strachocin.archidiecezja.wroc.pl\/wp-content\/uploads\/2025\/05\/Piknik-parafialny-2025.jpg?resize=360%2C240&ssl=1",360,240,true]},"uagb_author_info":{"display_name":"Proboszcz","author_link":"https:\/\/strachocin.archidiecezja.wroc.pl\/?author=2"},"uagb_comment_info":0,"uagb_excerpt":"1 czerwca JA I M\u00d3J TATA &#8211; link do zapis\u00f3w: https:\/\/docs.google.com\/forms\/d\/e\/1FAIpQLScwrLi1vwLY8Kf7_l_hDe8JJr7mXyYoBP0co42JxbCCl4PgSA\/viewform","_links":{"self":[{"href":"https:\/\/strachocin.archidiecezja.wroc.pl\/index.php?rest_route=\/wp\/v2\/posts\/26849"}],"collection":[{"href":"https:\/\/strachocin.archidiecezja.wroc.pl\/index.php?rest_route=\/wp\/v2\/posts"}],"about":[{"href":"https:\/\/strachocin.archidiecezja.wroc.pl\/index.php?rest_route=\/wp\/v2\/types\/post"}],"author":[{"embeddable":true,"href":"https:\/\/strachocin.archidiecezja.wroc.pl\/index.php?rest_route=\/wp\/v2\/users\/2"}],"replies":[{"embeddable":true,"href":"https:\/\/strachocin.archidiecezja.wroc.pl\/index.php?rest_route=%2Fwp%2Fv2%2Fcomments&post=26849"}],"version-history":[{"count":2,"href":"https:\/\/strachocin.archidiecezja.wroc.pl\/index.php?rest_route=\/wp\/v2\/posts\/26849\/revisions"}],"predecessor-version":[{"id":26854,"href":"https:\/\/strachocin.archidiecezja.wroc.pl\/index.php?rest_route=\/wp\/v2\/posts\/26849\/revisions\/26854"}],"wp:featuredmedia":[{"embeddable":true,"href":"https:\/\/strachocin.archidiecezja.wroc.pl\/index.php?rest_route=\/wp\/v2\/media\/26837"}],"wp:attachment":[{"href":"https:\/\/strachocin.archidiecezja.wroc.pl\/index.php?rest_route=%2Fwp%2Fv2%2Fmedia&parent=26849"}],"wp:term":[{"taxonomy":"category","embeddable":true,"href":"https:\/\/strachocin.archidiecezja.wroc.pl\/index.php?rest_route=%2Fwp%2Fv2%2Fcategories&post=26849"},{"taxonomy":"post_tag","embeddable":true,"href":"https:\/\/strachocin.archidiecezja.wroc.pl\/index.php?rest_route=%2Fwp%2Fv2%2Ftags&post=26849"}],"curies":[{"name":"wp","href":"https:\/\/api.w.org\/{rel}","templated":true}]}}