{"id":26807,"date":"2025-04-26T16:40:52","date_gmt":"2025-04-26T14:40:52","guid":{"rendered":"https:\/\/strachocin.archidiecezja.wroc.pl\/?p=26807"},"modified":"2025-04-28T22:37:44","modified_gmt":"2025-04-28T20:37:44","slug":"ogloszenia-parafialne-2-niedziela-wielkanocna-27-kwietnia-2025r","status":"publish","type":"post","link":"https:\/\/strachocin.archidiecezja.wroc.pl\/?p=26807","title":{"rendered":"OG\u0141OSZENIA PARAFIALNE &#8211; 2 Niedziela Wielkanocna &#8211; 27 kwietnia 2025r."},"content":{"rendered":"\n<p>1. Kandydat\u00f3w do bierzmowania, grup\u0119 starsz\u0105, zapraszamy na spotkanie dzi\u015b o godz. 19.00.<\/p>\n\n\n\n<p>2. Adoracja Naj\u015bwi\u0119tszego sakramentu w tym tygodniu:<\/p>\n\n\n\n<p>&#8211; w poniedzia\u0142ek, &nbsp;wtorek i \u015brod\u0119 &nbsp;&nbsp;&nbsp;&nbsp;&nbsp;&nbsp; od Mszy \u015bw. wieczornej do godz. 21.30<\/p>\n\n\n\n<p>w czwartek &nbsp;&nbsp;&nbsp;&nbsp;&nbsp;&nbsp;&nbsp;&nbsp;&nbsp;&nbsp; &nbsp;&nbsp;&nbsp;&nbsp;&nbsp;&nbsp;&nbsp;&nbsp;&nbsp;&nbsp;&nbsp;&nbsp;&nbsp;&nbsp;&nbsp;&nbsp;&nbsp;&nbsp;&nbsp;&nbsp;&nbsp;&nbsp;&nbsp;&nbsp;&nbsp;&nbsp;&nbsp;&nbsp;&nbsp; &nbsp;&nbsp;&nbsp;&nbsp;&nbsp;&nbsp;&nbsp;&nbsp;&nbsp; od godz. 15.00 do 18.00.<\/p>\n\n\n\n<p>We wtorek podczas adoracji dy\u017cur modlitwy wstawienniczej.<\/p>\n\n\n\n<p>3. Od czwartku nabo\u017ce\u0144stwa majowe odprawia\u0107 b\u0119dziemy:<\/p>\n\n\n\n<p>w poniedzia\u0142ki, wtorki i \u015brody&nbsp;&nbsp;&nbsp;&nbsp;&nbsp; po Mszach \u015bw. wieczornych,<\/p>\n\n\n\n<p>w czwartki, pi\u0105tki i soboty&nbsp;&nbsp;&nbsp;&nbsp;&nbsp;&nbsp;&nbsp;&nbsp;&nbsp;&nbsp;&nbsp;&nbsp; po Mszach \u015bw. porannych,<\/p>\n\n\n\n<p>w niedziele i \u015bwi\u0119ta&nbsp;&nbsp;&nbsp;&nbsp;&nbsp;&nbsp;&nbsp;&nbsp;&nbsp;&nbsp;&nbsp;&nbsp; &nbsp;&nbsp;&nbsp;&nbsp;&nbsp;&nbsp;&nbsp;&nbsp;&nbsp;&nbsp;&nbsp; &nbsp;&nbsp;&nbsp;&nbsp;&nbsp;&nbsp;&nbsp;&nbsp;&nbsp;&nbsp;&nbsp; o godz. 17.30<\/p>\n\n\n\n<p>4. W czwartek o godz. 19.00 spotkanie modlitewne wsp\u00f3lnoty Emaus.<\/p>\n\n\n\n<p>5. W pi\u0105tek po Mszy \u015bw. wieczornej adoracja Naj\u015bwi\u0119tszego Sakramentu oraz &nbsp;wsp\u00f3lne uwielbienie.<\/p>\n\n\n\n<p>6. W sobot\u0119 3 maja obchodzi\u0107 b\u0119dziemy Uroczysto\u015b\u0107 Naj\u015bwi\u0119tszej Maryi Panny Kr\u00f3lowej Polski. Porz\u0105dek Mszy \u015bw. jak w ka\u017cd\u0105 niedziel\u0119.<\/p>\n\n\n\n<p>Nabo\u017ce\u0144stwo Pierwszych Sob\u00f3t Miesi\u0105ca b\u0119dzie po Mszy \u015bw. o godz. 18.00.<\/p>\n\n\n\n<p>7. Komunia \u015bw. u chorych b\u0119dzie w przysz\u0142y pi\u0105tek 9 maja. &nbsp;<\/p>\n\n\n\n<p>8. Spotkanie senior\u00f3w odb\u0119dzie si\u0119 10 maja o godz. 10.00. Us\u0142yszymy wyk\u0142ad p. Grzegorza Mazura pt. Kr\u00f3lowa. Naj\u015bwi\u0119tsza Maryja Panna w historii Polski. Zapraszamy senior\u00f3w oraz wszystkich zainteresowanych histori\u0105 Polski.<\/p>\n\n\n\n<p>9. Dzieci wczesnokomunijne oraz dzieci kt\u00f3re do I Komunii \u015bw. przyst\u0105pi\u0105 26 maja zapraszamy na spotkanie w przysz\u0142\u0105 niedziel\u0119 po Mszy \u015bw. o godz. 12.30.<\/p>\n\n\n\n<p>10. Dzieci, kt\u00f3re przyst\u0105pi\u0105 do I Komunii \u015bw. 11 maja, zapraszamy na spotkania 5 i 7 \u00a0maja o \u00a0godz. 17.00.<\/p>\n\n\n\n<p>10. Kolejne spotkanie Kursu Biblijnego odb\u0119dzie si\u0119 7 maja o godz. 19.00. Us\u0142yszymy wyk\u0142ad o Ksi\u0119dze Izajasza.<\/p>\n\n\n\n<p>11. Zapraszamy na kolejne spotkanie w ramach Szko\u0142y Uczniostwa. B\u0119dzie ono po\u015bwi\u0119cone Bo\u017cemu S\u0142owu. Us\u0142yszymy o Mocy Bo\u017cego S\u0142owa oraz nauczymy si\u0119 jak czyta\u0107 i rozwa\u017ca\u0107 Pismo \u015bw. Spotkanie odb\u0119dzie si\u0119 10 maja od 9.00 do 13.00.<\/p>\n\n\n\n<p>12. Osoby zaineresowane pisaniem Ikon zapraszamy na warsztaty pisania Ikon dla pocz\u0105tkuj\u0105cych od 30 czerwca do 5 lipca.<\/p>\n\n\n\n<p>13. Parafia organizuje rekolekcje letnie dla dzieci i m\u0142odzie\u017cy w Serbinowie od 12 do 19 lipca Informacje o zapisach na stronie internetowej parafii.<\/p>\n\n\n\n<p>14. Regionalne Centrum i Krwiodawstwa i Krwiolecznictwa organizuje w naszej parafii zbi\u00f3rk\u0119 krwi. Zbi\u00f3rka odb\u0119dzie si\u0119 przy ko\u015bciele 7 maja w \u015brod\u0119 od&nbsp; godz. 9.00 do 13.00.<\/p>\n","protected":false},"excerpt":{"rendered":"<p>1. Kandydat\u00f3w do bierzmowania, grup\u0119 starsz\u0105, zapraszamy na spotkanie dzi\u015b o godz. 19.00. 2. Adoracja Naj\u015bwi\u0119tszego sakramentu w tym tygodniu: &#8211; w poniedzia\u0142ek, &nbsp;wtorek i \u015brod\u0119 &nbsp;&nbsp;&nbsp;&nbsp;&nbsp;&nbsp; od Mszy \u015bw. wieczornej do godz. 21.30 w czwartek &nbsp;&nbsp;&nbsp;&nbsp;&nbsp;&nbsp;&nbsp;&nbsp;&nbsp;&nbsp; &nbsp;&nbsp;&nbsp;&nbsp;&nbsp;&nbsp;&nbsp;&nbsp;&nbsp;&nbsp;&nbsp;&nbsp;&nbsp;&nbsp;&nbsp;&nbsp;&nbsp;&nbsp;&nbsp;&nbsp;&nbsp;&nbsp;&nbsp;&nbsp;&nbsp;&nbsp;&nbsp;&nbsp;&nbsp; &nbsp;&nbsp;&nbsp;&nbsp;&nbsp;&nbsp;&nbsp;&nbsp;&nbsp; od godz. 15.00 do 18.00. We wtorek podczas adoracji dy\u017cur modlitwy [&hellip;]<\/p>\n","protected":false},"author":2,"featured_media":25071,"comment_status":"closed","ping_status":"open","sticky":false,"template":"","format":"standard","meta":{"_uag_custom_page_level_css":"","ngg_post_thumbnail":0,"footnotes":""},"categories":[10],"tags":[],"jetpack_featured_media_url":"https:\/\/i0.wp.com\/strachocin.archidiecezja.wroc.pl\/wp-content\/uploads\/2023\/03\/ogloszenia-parafia.png?fit=615%2C664&ssl=1","uagb_featured_image_src":{"full":["https:\/\/i0.wp.com\/strachocin.archidiecezja.wroc.pl\/wp-content\/uploads\/2023\/03\/ogloszenia-parafia.png?fit=615%2C664&ssl=1",615,664,false],"thumbnail":["https:\/\/i0.wp.com\/strachocin.archidiecezja.wroc.pl\/wp-content\/uploads\/2023\/03\/ogloszenia-parafia.png?resize=150%2C150&ssl=1",150,150,true],"medium":["https:\/\/i0.wp.com\/strachocin.archidiecezja.wroc.pl\/wp-content\/uploads\/2023\/03\/ogloszenia-parafia.png?fit=278%2C300&ssl=1",278,300,true],"medium_large":["https:\/\/i0.wp.com\/strachocin.archidiecezja.wroc.pl\/wp-content\/uploads\/2023\/03\/ogloszenia-parafia.png?fit=615%2C664&ssl=1",615,664,true],"large":["https:\/\/i0.wp.com\/strachocin.archidiecezja.wroc.pl\/wp-content\/uploads\/2023\/03\/ogloszenia-parafia.png?fit=615%2C664&ssl=1",615,664,true],"1536x1536":["https:\/\/i0.wp.com\/strachocin.archidiecezja.wroc.pl\/wp-content\/uploads\/2023\/03\/ogloszenia-parafia.png?fit=615%2C664&ssl=1",615,664,true],"2048x2048":["https:\/\/i0.wp.com\/strachocin.archidiecezja.wroc.pl\/wp-content\/uploads\/2023\/03\/ogloszenia-parafia.png?fit=615%2C664&ssl=1",615,664,true],"hestia-blog":["https:\/\/i0.wp.com\/strachocin.archidiecezja.wroc.pl\/wp-content\/uploads\/2023\/03\/ogloszenia-parafia.png?resize=360%2C240&ssl=1",360,240,true]},"uagb_author_info":{"display_name":"Proboszcz","author_link":"https:\/\/strachocin.archidiecezja.wroc.pl\/?author=2"},"uagb_comment_info":0,"uagb_excerpt":"1. Kandydat\u00f3w do bierzmowania, grup\u0119 starsz\u0105, zapraszamy na spotkanie dzi\u015b o godz. 19.00. 2. Adoracja Naj\u015bwi\u0119tszego sakramentu w tym tygodniu: &#8211; w poniedzia\u0142ek, &nbsp;wtorek i \u015brod\u0119 &nbsp;&nbsp;&nbsp;&nbsp;&nbsp;&nbsp; od Mszy \u015bw. wieczornej do godz. 21.30 w czwartek &nbsp;&nbsp;&nbsp;&nbsp;&nbsp;&nbsp;&nbsp;&nbsp;&nbsp;&nbsp; &nbsp;&nbsp;&nbsp;&nbsp;&nbsp;&nbsp;&nbsp;&nbsp;&nbsp;&nbsp;&nbsp;&nbsp;&nbsp;&nbsp;&nbsp;&nbsp;&nbsp;&nbsp;&nbsp;&nbsp;&nbsp;&nbsp;&nbsp;&nbsp;&nbsp;&nbsp;&nbsp;&nbsp;&nbsp; &nbsp;&nbsp;&nbsp;&nbsp;&nbsp;&nbsp;&nbsp;&nbsp;&nbsp; od godz. 15.00 do 18.00. We wtorek podczas adoracji dy\u017cur modlitwy [&hellip;]","_links":{"self":[{"href":"https:\/\/strachocin.archidiecezja.wroc.pl\/index.php?rest_route=\/wp\/v2\/posts\/26807"}],"collection":[{"href":"https:\/\/strachocin.archidiecezja.wroc.pl\/index.php?rest_route=\/wp\/v2\/posts"}],"about":[{"href":"https:\/\/strachocin.archidiecezja.wroc.pl\/index.php?rest_route=\/wp\/v2\/types\/post"}],"author":[{"embeddable":true,"href":"https:\/\/strachocin.archidiecezja.wroc.pl\/index.php?rest_route=\/wp\/v2\/users\/2"}],"replies":[{"embeddable":true,"href":"https:\/\/strachocin.archidiecezja.wroc.pl\/index.php?rest_route=%2Fwp%2Fv2%2Fcomments&post=26807"}],"version-history":[{"count":3,"href":"https:\/\/strachocin.archidiecezja.wroc.pl\/index.php?rest_route=\/wp\/v2\/posts\/26807\/revisions"}],"predecessor-version":[{"id":26811,"href":"https:\/\/strachocin.archidiecezja.wroc.pl\/index.php?rest_route=\/wp\/v2\/posts\/26807\/revisions\/26811"}],"wp:featuredmedia":[{"embeddable":true,"href":"https:\/\/strachocin.archidiecezja.wroc.pl\/index.php?rest_route=\/wp\/v2\/media\/25071"}],"wp:attachment":[{"href":"https:\/\/strachocin.archidiecezja.wroc.pl\/index.php?rest_route=%2Fwp%2Fv2%2Fmedia&parent=26807"}],"wp:term":[{"taxonomy":"category","embeddable":true,"href":"https:\/\/strachocin.archidiecezja.wroc.pl\/index.php?rest_route=%2Fwp%2Fv2%2Fcategories&post=26807"},{"taxonomy":"post_tag","embeddable":true,"href":"https:\/\/strachocin.archidiecezja.wroc.pl\/index.php?rest_route=%2Fwp%2Fv2%2Ftags&post=26807"}],"curies":[{"name":"wp","href":"https:\/\/api.w.org\/{rel}","templated":true}]}}