{"id":26799,"date":"2025-04-20T02:34:44","date_gmt":"2025-04-20T00:34:44","guid":{"rendered":"https:\/\/strachocin.archidiecezja.wroc.pl\/?p=26799"},"modified":"2025-04-20T02:34:46","modified_gmt":"2025-04-20T00:34:46","slug":"ogloszenia-parafialne-1-niedziela-wielkanocna-20-kwietnia-2025r","status":"publish","type":"post","link":"https:\/\/strachocin.archidiecezja.wroc.pl\/?p=26799","title":{"rendered":"OG\u0141OSZENIA PARAFIALNE &#8211; 1 Niedziela WIELKANOCNA &#8211; 20 kwietnia 2025r."},"content":{"rendered":"\n<p>1. W Poniedzia\u0142ek Wielkanocny Msze \u015bw. jak w ka\u017cd\u0105 niedziel\u0119.<\/p>\n\n\n\n<p>Zach\u0119camy do uczestnictwa w Mszach \u015bw. przez ca\u0142\u0105 Oktaw\u0119 Zmartwychwstania Pa\u0144skiego.<\/p>\n\n\n\n<p>2. Adoracja Naj\u015bwi\u0119tszego sakramentu w tym tygodniu:<\/p>\n\n\n\n<p>&#8211; we wtorek i \u015brod\u0119 &nbsp;&nbsp; od Mszy \u015bw. wieczornej do godz. 21.30<\/p>\n\n\n\n<p>w czwartek &nbsp;&nbsp;&nbsp;&nbsp;&nbsp;&nbsp;&nbsp;&nbsp;&nbsp;&nbsp;&nbsp;&nbsp;&nbsp;&nbsp;&nbsp;&nbsp;&nbsp;&nbsp;&nbsp;&nbsp;&nbsp;&nbsp;&nbsp; od godz. 15.00 do 18.00.<\/p>\n\n\n\n<p>3. W czwartek o godz. 19.00 spotkanie modlitewne wsp\u00f3lnoty Emaus.<\/p>\n\n\n\n<p>4. Dzieci i m\u0142odzie\u017c zapraszamy na Msz\u0119 \u015bw. i spotkania w pi\u0105tek o godz. 18.00.<\/p>\n\n\n\n<p>5. Senior\u00f3w zapraszamy na spotkanie w pi\u0105tek o 10.00 w sali na dole. Obejrzymy film p. Andrzeja Masa o sanktuarium Matki Bo\u017cej w Gietrzwa\u0142dzie.<\/p>\n\n\n\n<p>6. Kolejne spotkanie Kursu Biblijnego odb\u0119dzie si\u0119 7 maja o godz. 19.00.<\/p>\n\n\n\n<p>7. Zapraszamy na kolejne spotkanie w ramach Szko\u0142y Uczniostwa. B\u0119dzie ono po\u015bwi\u0119cone Bo\u017cemu S\u0142owu. Us\u0142yszymy o Mocy Bo\u017cego S\u0142owa oraz nauczymy si\u0119 jak czyta\u0107 i rozwa\u017ca\u0107 Pismo \u015bw. Spotkanie odb\u0119dzie si\u0119 10 maja od 9.00 do 13.00.<\/p>\n\n\n\n<p>8. Osoby zaineresowane pisaniem Ikon zapraszamy na warsztaty pisania Ikon dla pocz\u0105tkuj\u0105cych od 30 czerwca do 5 lipca.<\/p>\n\n\n\n<p>9. Parafia organizuje rekolekcje letnie dla dzieci i m\u0142odzie\u017cy w Serbinowie od 12 do 19 lipca Informacje o zapisach na stronie internetowej parafii.<\/p>\n","protected":false},"excerpt":{"rendered":"<p>1. W Poniedzia\u0142ek Wielkanocny Msze \u015bw. jak w ka\u017cd\u0105 niedziel\u0119. Zach\u0119camy do uczestnictwa w Mszach \u015bw. przez ca\u0142\u0105 Oktaw\u0119 Zmartwychwstania Pa\u0144skiego. 2. Adoracja Naj\u015bwi\u0119tszego sakramentu w tym tygodniu: &#8211; we wtorek i \u015brod\u0119 &nbsp;&nbsp; od Mszy \u015bw. wieczornej do godz. 21.30 w czwartek &nbsp;&nbsp;&nbsp;&nbsp;&nbsp;&nbsp;&nbsp;&nbsp;&nbsp;&nbsp;&nbsp;&nbsp;&nbsp;&nbsp;&nbsp;&nbsp;&nbsp;&nbsp;&nbsp;&nbsp;&nbsp;&nbsp;&nbsp; od godz. 15.00 do 18.00. 3. [&hellip;]<\/p>\n","protected":false},"author":2,"featured_media":25071,"comment_status":"closed","ping_status":"open","sticky":false,"template":"","format":"standard","meta":{"_uag_custom_page_level_css":"","ngg_post_thumbnail":0,"footnotes":""},"categories":[10],"tags":[],"jetpack_featured_media_url":"https:\/\/i0.wp.com\/strachocin.archidiecezja.wroc.pl\/wp-content\/uploads\/2023\/03\/ogloszenia-parafia.png?fit=615%2C664&ssl=1","uagb_featured_image_src":{"full":["https:\/\/i0.wp.com\/strachocin.archidiecezja.wroc.pl\/wp-content\/uploads\/2023\/03\/ogloszenia-parafia.png?fit=615%2C664&ssl=1",615,664,false],"thumbnail":["https:\/\/i0.wp.com\/strachocin.archidiecezja.wroc.pl\/wp-content\/uploads\/2023\/03\/ogloszenia-parafia.png?resize=150%2C150&ssl=1",150,150,true],"medium":["https:\/\/i0.wp.com\/strachocin.archidiecezja.wroc.pl\/wp-content\/uploads\/2023\/03\/ogloszenia-parafia.png?fit=278%2C300&ssl=1",278,300,true],"medium_large":["https:\/\/i0.wp.com\/strachocin.archidiecezja.wroc.pl\/wp-content\/uploads\/2023\/03\/ogloszenia-parafia.png?fit=615%2C664&ssl=1",615,664,true],"large":["https:\/\/i0.wp.com\/strachocin.archidiecezja.wroc.pl\/wp-content\/uploads\/2023\/03\/ogloszenia-parafia.png?fit=615%2C664&ssl=1",615,664,true],"1536x1536":["https:\/\/i0.wp.com\/strachocin.archidiecezja.wroc.pl\/wp-content\/uploads\/2023\/03\/ogloszenia-parafia.png?fit=615%2C664&ssl=1",615,664,true],"2048x2048":["https:\/\/i0.wp.com\/strachocin.archidiecezja.wroc.pl\/wp-content\/uploads\/2023\/03\/ogloszenia-parafia.png?fit=615%2C664&ssl=1",615,664,true],"hestia-blog":["https:\/\/i0.wp.com\/strachocin.archidiecezja.wroc.pl\/wp-content\/uploads\/2023\/03\/ogloszenia-parafia.png?resize=360%2C240&ssl=1",360,240,true]},"uagb_author_info":{"display_name":"Proboszcz","author_link":"https:\/\/strachocin.archidiecezja.wroc.pl\/?author=2"},"uagb_comment_info":0,"uagb_excerpt":"1. W Poniedzia\u0142ek Wielkanocny Msze \u015bw. jak w ka\u017cd\u0105 niedziel\u0119. Zach\u0119camy do uczestnictwa w Mszach \u015bw. przez ca\u0142\u0105 Oktaw\u0119 Zmartwychwstania Pa\u0144skiego. 2. Adoracja Naj\u015bwi\u0119tszego sakramentu w tym tygodniu: &#8211; we wtorek i \u015brod\u0119 &nbsp;&nbsp; od Mszy \u015bw. wieczornej do godz. 21.30 w czwartek &nbsp;&nbsp;&nbsp;&nbsp;&nbsp;&nbsp;&nbsp;&nbsp;&nbsp;&nbsp;&nbsp;&nbsp;&nbsp;&nbsp;&nbsp;&nbsp;&nbsp;&nbsp;&nbsp;&nbsp;&nbsp;&nbsp;&nbsp; od godz. 15.00 do 18.00. 3. [&hellip;]","_links":{"self":[{"href":"https:\/\/strachocin.archidiecezja.wroc.pl\/index.php?rest_route=\/wp\/v2\/posts\/26799"}],"collection":[{"href":"https:\/\/strachocin.archidiecezja.wroc.pl\/index.php?rest_route=\/wp\/v2\/posts"}],"about":[{"href":"https:\/\/strachocin.archidiecezja.wroc.pl\/index.php?rest_route=\/wp\/v2\/types\/post"}],"author":[{"embeddable":true,"href":"https:\/\/strachocin.archidiecezja.wroc.pl\/index.php?rest_route=\/wp\/v2\/users\/2"}],"replies":[{"embeddable":true,"href":"https:\/\/strachocin.archidiecezja.wroc.pl\/index.php?rest_route=%2Fwp%2Fv2%2Fcomments&post=26799"}],"version-history":[{"count":1,"href":"https:\/\/strachocin.archidiecezja.wroc.pl\/index.php?rest_route=\/wp\/v2\/posts\/26799\/revisions"}],"predecessor-version":[{"id":26800,"href":"https:\/\/strachocin.archidiecezja.wroc.pl\/index.php?rest_route=\/wp\/v2\/posts\/26799\/revisions\/26800"}],"wp:featuredmedia":[{"embeddable":true,"href":"https:\/\/strachocin.archidiecezja.wroc.pl\/index.php?rest_route=\/wp\/v2\/media\/25071"}],"wp:attachment":[{"href":"https:\/\/strachocin.archidiecezja.wroc.pl\/index.php?rest_route=%2Fwp%2Fv2%2Fmedia&parent=26799"}],"wp:term":[{"taxonomy":"category","embeddable":true,"href":"https:\/\/strachocin.archidiecezja.wroc.pl\/index.php?rest_route=%2Fwp%2Fv2%2Fcategories&post=26799"},{"taxonomy":"post_tag","embeddable":true,"href":"https:\/\/strachocin.archidiecezja.wroc.pl\/index.php?rest_route=%2Fwp%2Fv2%2Ftags&post=26799"}],"curies":[{"name":"wp","href":"https:\/\/api.w.org\/{rel}","templated":true}]}}