{"id":26777,"date":"2025-04-12T22:41:19","date_gmt":"2025-04-12T20:41:19","guid":{"rendered":"https:\/\/strachocin.archidiecezja.wroc.pl\/?p=26777"},"modified":"2025-04-12T22:41:23","modified_gmt":"2025-04-12T20:41:23","slug":"ogloszenia-parafialne-niedziela-palmowa-16-kwietnia-2025r","status":"publish","type":"post","link":"https:\/\/strachocin.archidiecezja.wroc.pl\/?p=26777","title":{"rendered":"OG\u0141OSZENIA PARAFIALNE &#8211; Niedziela Palmowa &#8211; 16 kwietnia 2025r."},"content":{"rendered":"\n<p>1. Gorzkie \u017cale dzi\u015b o godz. 17.00.<\/p>\n\n\n\n<p>2. <strong>Spowied\u017a<\/strong> b\u0119dzie w poniedzia\u0142ek, wtorek i \u015brod\u0119 podczas wieczornej adoracji Naj\u015bwi\u0119tszego sakramentu od godz. 19.00 do 21.30. Ponadto spowied\u017a jest p\u00f3\u0142 godz. przed ka\u017cd\u0105 Msz\u0105 \u015bw.<\/p>\n\n\n\n<p>3. W czwartek nie b\u0119dzie Mszy \u015bw. o godz. 9.00. O godz. 19.00 rozpocznie si\u0119 Triduum Paschalne.<\/p>\n\n\n\n<p>Porz\u0105dek Triduum Paschalnego:<\/p>\n\n\n\n<p><strong><u>WIELKI CZWARTEK<\/u><\/strong><\/p>\n\n\n\n<p><strong>19.00 MSZA WIECZERZY PA\u0143SKIEJ<\/strong><\/p>\n\n\n\n<p>Po Mszy \u015bw. adoracja Naj\u015bwi\u0119tszego Sakramentu do godz. 22.00<\/p>\n\n\n\n<p><strong><u>Spowied\u017a<\/u><\/strong><strong>: 18.00 &#8211; 19,00 i 20.30 &#8211; 22.00<\/strong><\/p>\n\n\n\n<p><strong><u>WIELKI PI\u0104TEK<\/u><\/strong><\/p>\n\n\n\n<p>Od 8.00 Adoracja Naj\u015bwi\u0119tszego Sakramentu<\/p>\n\n\n\n<p><strong>8.00 <\/strong>Jutrznia z Godzin\u0105 czyta\u0144<\/p>\n\n\n\n<p><strong>15.00 Droga Krzy\u017cowa&nbsp;<\/strong><\/p>\n\n\n\n<p><strong>19.00 LITURGIA M\u0118KI PA\u0143SKIEJ<\/strong><\/p>\n\n\n\n<p>Po liturgii adoracja Naj\u015bwi\u0119tszego Sakramentu do godz. 23.00<\/p>\n\n\n\n<p>Od 21.30 modlitwa wielbienia pie\u015bniami<\/p>\n\n\n\n<p><strong><u>Spowied\u017a<\/u><\/strong><strong>: 9.00 &#8211; 10.00, 18.00 \u2013 19.00, 20.30 \u2013 23.00<\/strong><\/p>\n\n\n\n<p><strong><u>WIELKA SOBOTA<\/u><\/strong><\/p>\n\n\n\n<p>Od 8.00&nbsp; Adoracja Pana Jezusa w Bo\u017cym Grobie<\/p>\n\n\n\n<p><strong>8.00 <\/strong>Jutrznia z Godzin\u0105 czyta\u0144<\/p>\n\n\n\n<p>Od 9.00 do 15.00 co p\u00f3\u0142 godziny \u015bwi\u0119cenie pokarm\u00f3w<\/p>\n\n\n\n<p><strong>21:00 WIGILIA PASCHALNA<\/strong><\/p>\n\n\n\n<p><strong><u>Spowied\u017a<\/u><\/strong><strong>: 9.00 \u2013 15.00, 19.00 \u2013 21.00<\/strong><\/p>\n\n\n\n<p>5. W Niedziel\u0119 Zmartwychwstania Pa\u0144skiego i w Poniedzia\u0142ek Wielkanocny porz\u0105dek Mszy \u015bw. jak w ka\u017cd\u0105 &nbsp;niedziel\u0119 \u2013 o godz. 8.00, 9.30, 11.00, 12.30, 18.00 i 20.00.<\/p>\n\n\n\n<p>4. Kolejne spotkanie senior\u00f3w odb\u0119dzie si\u0119 w sobot\u0119 26 kwietnia o &nbsp;10.00.<\/p>\n","protected":false},"excerpt":{"rendered":"<p>1. Gorzkie \u017cale dzi\u015b o godz. 17.00. 2. Spowied\u017a b\u0119dzie w poniedzia\u0142ek, wtorek i \u015brod\u0119 podczas wieczornej adoracji Naj\u015bwi\u0119tszego sakramentu od godz. 19.00 do 21.30. Ponadto spowied\u017a jest p\u00f3\u0142 godz. przed ka\u017cd\u0105 Msz\u0105 \u015bw. 3. W czwartek nie b\u0119dzie Mszy \u015bw. o godz. 9.00. O godz. 19.00 rozpocznie si\u0119 Triduum [&hellip;]<\/p>\n","protected":false},"author":2,"featured_media":25071,"comment_status":"closed","ping_status":"open","sticky":false,"template":"","format":"standard","meta":{"_uag_custom_page_level_css":"","ngg_post_thumbnail":0,"footnotes":""},"categories":[10],"tags":[],"jetpack_featured_media_url":"https:\/\/i0.wp.com\/strachocin.archidiecezja.wroc.pl\/wp-content\/uploads\/2023\/03\/ogloszenia-parafia.png?fit=615%2C664&ssl=1","uagb_featured_image_src":{"full":["https:\/\/i0.wp.com\/strachocin.archidiecezja.wroc.pl\/wp-content\/uploads\/2023\/03\/ogloszenia-parafia.png?fit=615%2C664&ssl=1",615,664,false],"thumbnail":["https:\/\/i0.wp.com\/strachocin.archidiecezja.wroc.pl\/wp-content\/uploads\/2023\/03\/ogloszenia-parafia.png?resize=150%2C150&ssl=1",150,150,true],"medium":["https:\/\/i0.wp.com\/strachocin.archidiecezja.wroc.pl\/wp-content\/uploads\/2023\/03\/ogloszenia-parafia.png?fit=278%2C300&ssl=1",278,300,true],"medium_large":["https:\/\/i0.wp.com\/strachocin.archidiecezja.wroc.pl\/wp-content\/uploads\/2023\/03\/ogloszenia-parafia.png?fit=615%2C664&ssl=1",615,664,true],"large":["https:\/\/i0.wp.com\/strachocin.archidiecezja.wroc.pl\/wp-content\/uploads\/2023\/03\/ogloszenia-parafia.png?fit=615%2C664&ssl=1",615,664,true],"1536x1536":["https:\/\/i0.wp.com\/strachocin.archidiecezja.wroc.pl\/wp-content\/uploads\/2023\/03\/ogloszenia-parafia.png?fit=615%2C664&ssl=1",615,664,true],"2048x2048":["https:\/\/i0.wp.com\/strachocin.archidiecezja.wroc.pl\/wp-content\/uploads\/2023\/03\/ogloszenia-parafia.png?fit=615%2C664&ssl=1",615,664,true],"hestia-blog":["https:\/\/i0.wp.com\/strachocin.archidiecezja.wroc.pl\/wp-content\/uploads\/2023\/03\/ogloszenia-parafia.png?resize=360%2C240&ssl=1",360,240,true]},"uagb_author_info":{"display_name":"Proboszcz","author_link":"https:\/\/strachocin.archidiecezja.wroc.pl\/?author=2"},"uagb_comment_info":0,"uagb_excerpt":"1. Gorzkie \u017cale dzi\u015b o godz. 17.00. 2. Spowied\u017a b\u0119dzie w poniedzia\u0142ek, wtorek i \u015brod\u0119 podczas wieczornej adoracji Naj\u015bwi\u0119tszego sakramentu od godz. 19.00 do 21.30. Ponadto spowied\u017a jest p\u00f3\u0142 godz. przed ka\u017cd\u0105 Msz\u0105 \u015bw. 3. W czwartek nie b\u0119dzie Mszy \u015bw. o godz. 9.00. O godz. 19.00 rozpocznie si\u0119 Triduum [&hellip;]","_links":{"self":[{"href":"https:\/\/strachocin.archidiecezja.wroc.pl\/index.php?rest_route=\/wp\/v2\/posts\/26777"}],"collection":[{"href":"https:\/\/strachocin.archidiecezja.wroc.pl\/index.php?rest_route=\/wp\/v2\/posts"}],"about":[{"href":"https:\/\/strachocin.archidiecezja.wroc.pl\/index.php?rest_route=\/wp\/v2\/types\/post"}],"author":[{"embeddable":true,"href":"https:\/\/strachocin.archidiecezja.wroc.pl\/index.php?rest_route=\/wp\/v2\/users\/2"}],"replies":[{"embeddable":true,"href":"https:\/\/strachocin.archidiecezja.wroc.pl\/index.php?rest_route=%2Fwp%2Fv2%2Fcomments&post=26777"}],"version-history":[{"count":1,"href":"https:\/\/strachocin.archidiecezja.wroc.pl\/index.php?rest_route=\/wp\/v2\/posts\/26777\/revisions"}],"predecessor-version":[{"id":26778,"href":"https:\/\/strachocin.archidiecezja.wroc.pl\/index.php?rest_route=\/wp\/v2\/posts\/26777\/revisions\/26778"}],"wp:featuredmedia":[{"embeddable":true,"href":"https:\/\/strachocin.archidiecezja.wroc.pl\/index.php?rest_route=\/wp\/v2\/media\/25071"}],"wp:attachment":[{"href":"https:\/\/strachocin.archidiecezja.wroc.pl\/index.php?rest_route=%2Fwp%2Fv2%2Fmedia&parent=26777"}],"wp:term":[{"taxonomy":"category","embeddable":true,"href":"https:\/\/strachocin.archidiecezja.wroc.pl\/index.php?rest_route=%2Fwp%2Fv2%2Fcategories&post=26777"},{"taxonomy":"post_tag","embeddable":true,"href":"https:\/\/strachocin.archidiecezja.wroc.pl\/index.php?rest_route=%2Fwp%2Fv2%2Ftags&post=26777"}],"curies":[{"name":"wp","href":"https:\/\/api.w.org\/{rel}","templated":true}]}}