{"id":26767,"date":"2025-04-05T22:17:46","date_gmt":"2025-04-05T20:17:46","guid":{"rendered":"https:\/\/strachocin.archidiecezja.wroc.pl\/?p=26767"},"modified":"2025-04-05T22:17:51","modified_gmt":"2025-04-05T20:17:51","slug":"ogloszenia-parafialne-5-niedziela-wielkiego-postu-6-kwietnia-2025r","status":"publish","type":"post","link":"https:\/\/strachocin.archidiecezja.wroc.pl\/?p=26767","title":{"rendered":"OG\u0141OSZENIA PARAFIALNE &#8211; 5 Niedziela Wielkiego Postu &#8211; 6 kwietnia 2025r."},"content":{"rendered":"\n<p>1. Dzi\u015b:<\/p>\n\n\n\n<p>&#8211; o godz. 13.40 dodatkowa Msza \u015bw. dla dzieci komunijnych,<\/p>\n\n\n\n<p>&#8211; od godz. 15.00 adoracja Naj\u015bwi\u0119tszego Sakramentu,<\/p>\n\n\n\n<p>&#8211; o godz. 17.00 Gorzkie \u017bale,<\/p>\n\n\n\n<p>&#8211; o godz. 19.00 spotkanie kandydat\u00f3w do bierzmowania (grupa starsza).<\/p>\n\n\n\n<p>2. Adoracja Naj\u015bwi\u0119tszego Sakramentu:<\/p>\n\n\n\n<p>&#8211; w poniedzia\u0142ek, wtorek i \u015brod\u0119 &nbsp;&nbsp; od Mszy \u015bw. wieczornej do godz. 21.30,<\/p>\n\n\n\n<p>&#8211; w czwartek&nbsp;&nbsp;&nbsp;&nbsp;&nbsp;&nbsp;&nbsp;&nbsp;&nbsp;&nbsp;&nbsp;&nbsp;&nbsp;&nbsp;&nbsp;&nbsp;&nbsp;&nbsp;&nbsp;&nbsp;&nbsp;&nbsp;&nbsp;&nbsp;&nbsp;&nbsp;&nbsp;&nbsp;&nbsp;&nbsp;&nbsp;&nbsp;&nbsp;&nbsp;&nbsp;&nbsp; &nbsp;&nbsp;&nbsp;&nbsp;&nbsp;&nbsp;&nbsp;&nbsp;&nbsp; od godz. 15.00 do 18.00.<\/p>\n\n\n\n<p>We wtorek podczas adoracji dy\u017cur modlitwy wstawienniczej.<\/p>\n\n\n\n<p>3. Spotkanie Kursy Biblijnego &nbsp;w \u015brod\u0119 9 kwietnia o godz. 19.00.<\/p>\n\n\n\n<p>4. W czwartek o godz. 19.00 spotkanie modlitewne wsp\u00f3lnoty Emaus.<\/p>\n\n\n\n<p>5. Droga Krzy\u017cowa w pi\u0105tek o godz. 17.00.<\/p>\n\n\n\n<p>6. Dzieci i m\u0142odzie\u017c zapraszamy na Msz\u0119 \u015bw. i spotkania w pi\u0105tek &nbsp;godz. 18.00.<\/p>\n\n\n\n<p>7. Zapraszamy na kolejn\u0105 edycj\u0119 warsztat\u00f3w Odnale\u017a\u0107 siebie w relacjach. Pierwsze spotkanie 14 kwietnia o godz. 18.00. Informacje i zapisy na stronie internetowej parafii.<\/p>\n\n\n\n<p>8. Zapraszamy na warsztaty pisania ikon dla pocz\u0105tkuj\u0105cych. w dniach od 30 czerwca do 5 lipca. Informacje o zapisach na stronie internetowej parafii.<\/p>\n\n\n\n<p>9. Dzieci i m\u0142odzie\u017c zapraszamy na rekolekcje letnia, kt\u00f3re w tym roku b\u0119d\u0105 w Serbinowie w dniach od 12 do 19 lipca. Informacje na stronie internetowej parafii.<\/p>\n\n\n\n<p>10. W \u0142\u0105czniku mo\u017cna kupi\u0107 paschaliki wielkanocne Caritas.<\/p>\n\n\n\n<p>11. Siostry el\u017cbietanki zapraszaj\u0105 na kiermasz \u015bwi\u0105teczny.<\/p>\n","protected":false},"excerpt":{"rendered":"<p>1. Dzi\u015b: &#8211; o godz. 13.40 dodatkowa Msza \u015bw. dla dzieci komunijnych, &#8211; od godz. 15.00 adoracja Naj\u015bwi\u0119tszego Sakramentu, &#8211; o godz. 17.00 Gorzkie \u017bale, &#8211; o godz. 19.00 spotkanie kandydat\u00f3w do bierzmowania (grupa starsza). 2. Adoracja Naj\u015bwi\u0119tszego Sakramentu: &#8211; w poniedzia\u0142ek, wtorek i \u015brod\u0119 &nbsp;&nbsp; od Mszy \u015bw. wieczornej [&hellip;]<\/p>\n","protected":false},"author":2,"featured_media":25071,"comment_status":"closed","ping_status":"open","sticky":false,"template":"","format":"standard","meta":{"_uag_custom_page_level_css":"","ngg_post_thumbnail":0,"footnotes":""},"categories":[10],"tags":[],"jetpack_featured_media_url":"https:\/\/i0.wp.com\/strachocin.archidiecezja.wroc.pl\/wp-content\/uploads\/2023\/03\/ogloszenia-parafia.png?fit=615%2C664&ssl=1","uagb_featured_image_src":{"full":["https:\/\/i0.wp.com\/strachocin.archidiecezja.wroc.pl\/wp-content\/uploads\/2023\/03\/ogloszenia-parafia.png?fit=615%2C664&ssl=1",615,664,false],"thumbnail":["https:\/\/i0.wp.com\/strachocin.archidiecezja.wroc.pl\/wp-content\/uploads\/2023\/03\/ogloszenia-parafia.png?resize=150%2C150&ssl=1",150,150,true],"medium":["https:\/\/i0.wp.com\/strachocin.archidiecezja.wroc.pl\/wp-content\/uploads\/2023\/03\/ogloszenia-parafia.png?fit=278%2C300&ssl=1",278,300,true],"medium_large":["https:\/\/i0.wp.com\/strachocin.archidiecezja.wroc.pl\/wp-content\/uploads\/2023\/03\/ogloszenia-parafia.png?fit=615%2C664&ssl=1",615,664,true],"large":["https:\/\/i0.wp.com\/strachocin.archidiecezja.wroc.pl\/wp-content\/uploads\/2023\/03\/ogloszenia-parafia.png?fit=615%2C664&ssl=1",615,664,true],"1536x1536":["https:\/\/i0.wp.com\/strachocin.archidiecezja.wroc.pl\/wp-content\/uploads\/2023\/03\/ogloszenia-parafia.png?fit=615%2C664&ssl=1",615,664,true],"2048x2048":["https:\/\/i0.wp.com\/strachocin.archidiecezja.wroc.pl\/wp-content\/uploads\/2023\/03\/ogloszenia-parafia.png?fit=615%2C664&ssl=1",615,664,true],"hestia-blog":["https:\/\/i0.wp.com\/strachocin.archidiecezja.wroc.pl\/wp-content\/uploads\/2023\/03\/ogloszenia-parafia.png?resize=360%2C240&ssl=1",360,240,true]},"uagb_author_info":{"display_name":"Proboszcz","author_link":"https:\/\/strachocin.archidiecezja.wroc.pl\/?author=2"},"uagb_comment_info":0,"uagb_excerpt":"1. Dzi\u015b: &#8211; o godz. 13.40 dodatkowa Msza \u015bw. dla dzieci komunijnych, &#8211; od godz. 15.00 adoracja Naj\u015bwi\u0119tszego Sakramentu, &#8211; o godz. 17.00 Gorzkie \u017bale, &#8211; o godz. 19.00 spotkanie kandydat\u00f3w do bierzmowania (grupa starsza). 2. Adoracja Naj\u015bwi\u0119tszego Sakramentu: &#8211; w poniedzia\u0142ek, wtorek i \u015brod\u0119 &nbsp;&nbsp; od Mszy \u015bw. wieczornej [&hellip;]","_links":{"self":[{"href":"https:\/\/strachocin.archidiecezja.wroc.pl\/index.php?rest_route=\/wp\/v2\/posts\/26767"}],"collection":[{"href":"https:\/\/strachocin.archidiecezja.wroc.pl\/index.php?rest_route=\/wp\/v2\/posts"}],"about":[{"href":"https:\/\/strachocin.archidiecezja.wroc.pl\/index.php?rest_route=\/wp\/v2\/types\/post"}],"author":[{"embeddable":true,"href":"https:\/\/strachocin.archidiecezja.wroc.pl\/index.php?rest_route=\/wp\/v2\/users\/2"}],"replies":[{"embeddable":true,"href":"https:\/\/strachocin.archidiecezja.wroc.pl\/index.php?rest_route=%2Fwp%2Fv2%2Fcomments&post=26767"}],"version-history":[{"count":1,"href":"https:\/\/strachocin.archidiecezja.wroc.pl\/index.php?rest_route=\/wp\/v2\/posts\/26767\/revisions"}],"predecessor-version":[{"id":26768,"href":"https:\/\/strachocin.archidiecezja.wroc.pl\/index.php?rest_route=\/wp\/v2\/posts\/26767\/revisions\/26768"}],"wp:featuredmedia":[{"embeddable":true,"href":"https:\/\/strachocin.archidiecezja.wroc.pl\/index.php?rest_route=\/wp\/v2\/media\/25071"}],"wp:attachment":[{"href":"https:\/\/strachocin.archidiecezja.wroc.pl\/index.php?rest_route=%2Fwp%2Fv2%2Fmedia&parent=26767"}],"wp:term":[{"taxonomy":"category","embeddable":true,"href":"https:\/\/strachocin.archidiecezja.wroc.pl\/index.php?rest_route=%2Fwp%2Fv2%2Fcategories&post=26767"},{"taxonomy":"post_tag","embeddable":true,"href":"https:\/\/strachocin.archidiecezja.wroc.pl\/index.php?rest_route=%2Fwp%2Fv2%2Ftags&post=26767"}],"curies":[{"name":"wp","href":"https:\/\/api.w.org\/{rel}","templated":true}]}}