{"id":26731,"date":"2025-03-30T14:24:20","date_gmt":"2025-03-30T12:24:20","guid":{"rendered":"https:\/\/strachocin.archidiecezja.wroc.pl\/?p=26731"},"modified":"2025-03-31T22:58:34","modified_gmt":"2025-03-31T20:58:34","slug":"ogloszenia-parafialne-4-niedziela-wielkiego-postu-30-marca-2025r","status":"publish","type":"post","link":"https:\/\/strachocin.archidiecezja.wroc.pl\/?p=26731","title":{"rendered":"OG\u0141OSZENIA PARAFIALNE &#8211; 4 Niedziela Wielkiego Postu &#8211; 30 marca 2025r."},"content":{"rendered":"\n<p>1. Dzi\u015b:<\/p>\n\n\n\n<p>&#8211; o godz. 15.45 koncert pie\u015bni pasyjnych,<\/p>\n\n\n\n<p>&#8211; o godz. 17.00 Gorzkie \u017bale,<\/p>\n\n\n\n<p>&#8211; o godz. 19.00 spotkanie kandydat\u00f3w do bierzmowania (grupa m\u0142odsza).<\/p>\n\n\n\n<p>2. Adoracja Naj\u015bwi\u0119tszego Sakramentu:<\/p>\n\n\n\n<p>&#8211; w poniedzia\u0142ek, wtorek i \u015brod\u0119 od Mszy \u015bw. wieczornej do godz. 21.30,<\/p>\n\n\n\n<p>&#8211; w czwartek&nbsp;&nbsp;&nbsp;&nbsp;&nbsp;&nbsp;&nbsp;&nbsp;&nbsp;&nbsp;&nbsp;&nbsp;&nbsp;&nbsp;&nbsp;&nbsp;&nbsp;&nbsp;&nbsp;&nbsp;&nbsp;&nbsp;&nbsp;&nbsp;&nbsp;&nbsp;&nbsp;&nbsp;&nbsp;&nbsp;&nbsp;&nbsp;&nbsp;&nbsp;&nbsp;&nbsp; &nbsp;&nbsp;&nbsp;&nbsp;&nbsp;&nbsp;&nbsp;&nbsp;&nbsp;&nbsp;&nbsp; od godz. 15.00 do 18.00.<\/p>\n\n\n\n<p>We wtorek podczas adoracji dy\u017cur modlitwy wstawienniczej.<\/p>\n\n\n\n<p>3. Mamy z ma\u0142ymi dzie\u0107mi zapraszamy na spotkanie we wtorek o godz. 10.00.<\/p>\n\n\n\n<p>4. W czwartek o godz. 19.00 spotkanie modlitewne wsp\u00f3lnoty Emaus.<\/p>\n\n\n\n<p>5. W pi\u0105tek przed po\u0142udniem Komunia \u015bw. u chorych.<\/p>\n\n\n\n<p>6. Spowied\u017a \u015bw. w pi\u0105tek od godz. 16.00 do 18.00 oraz po Mszy \u015bw. wieczornej.<\/p>\n\n\n\n<p>7. Droga Krzy\u017cowa w pi\u0105tek o godz. 17.00.<\/p>\n\n\n\n<p>8. Dzieci, m\u0142odzie\u017c &nbsp;i doros\u0142ych zapraszamy w pi\u0105tek na Msz\u0119 \u015bw., adoracj\u0119 Naj\u015bwi\u0119tszego Sakramentu i wsp\u00f3lne uwielbienie.<\/p>\n\n\n\n<p>9. W pi\u0105tek po uwielbieniu b\u0119dzie trwa\u0142a adoracja Naj\u015bwi\u0119tszego Sakramentu do soboty do 17.00 w ramach inicjatywy 24 Godziny M\u0119ki Pa\u0144skiej.<\/p>\n\n\n\n<p>10. W sobot\u0119 po Mszy \u015bw. o godz. 9.00 Nabo\u017ce\u0144stwo Pierwszych Sob\u00f3t Miesi\u0105ca.<\/p>\n\n\n\n<p>11. Senior\u00f3w zapraszamy na spotkanie w sobot\u0119 o godz. 10.00. Tym razem b\u0119dzie to wiosenny poranek z poezj\u0105, czyli autorskie spotkanie z p. Alicj\u0105 Samo\u0142yk.<\/p>\n\n\n\n<p>12. W przysz\u0142\u0105 niedziel\u0119:<\/p>\n\n\n\n<p>&#8211; przed Msz\u0105 \u015bw. o godz. 9.30 zmiana Tajemnic R\u00f3\u017ca\u0144cowych,<\/p>\n\n\n\n<p>&#8211; adoracja Naj\u015bwi\u0119tszego Sakramentu od godz. 15.00.<\/p>\n\n\n\n<p>&#8211; taca b\u0119dzie przeznaczona na dalsze prace remontowe.<\/p>\n\n\n\n<p>13. Dzieci komunijne i ich rodzic\u00f3w zapraszamy w przysz\u0142\u0105 niedziel\u0119 &nbsp;na dodatkow\u0105 Msz\u0119 \u015bw. o &nbsp;godz. 13.40.<\/p>\n\n\n\n<p>Natomiast dzieci wczesnokomunijne zapraszamy na spotkanie w sali na g\u00f3rze &nbsp;przysz\u0142\u0105 niedziel\u0119 po Mszy \u015bw. o godz. 12.30.<\/p>\n\n\n\n<p>14. Spotkanie Kursy Biblijnego odb\u0119dzie si\u0119 tydzie\u0144 p\u00f3\u017aniej, to znaczy 9 kwietnia o godz. 19.00.<\/p>\n\n\n\n<p>15. Zapraszamy na Uczt\u0119 Sederow\u0105 w sobot\u0119 13 kwietnia o godz. 18.00 w sali na g\u00f3rze. Informacje i zapisy na stronie internetowej parafii.<\/p>\n\n\n\n<p>16. Zapraszamy na kolejn\u0105 edycj\u0119 warsztat\u00f3w Odnale\u017a\u0107 siebie w relacjach. Pierwsze spotkanie 14 kwietnia o godz. 18.00. Informacje i zapisy na stronie internetowej parafii.<\/p>\n\n\n\n<p>17. W \u0142\u0105czniku mo\u017cna kupi\u0107 paschaliki wielkanocne Caritas.<\/p>\n\n\n\n<p>19. Wszystkich zainteresowanych wychowaniem dzieci oraz zagro\u017ceniami w edukacji seksualnej zapraszamy na spotkanie w sobot\u0119 o godz. 16.00.<\/p>\n","protected":false},"excerpt":{"rendered":"<p>1. Dzi\u015b: &#8211; o godz. 15.45 koncert pie\u015bni pasyjnych, &#8211; o godz. 17.00 Gorzkie \u017bale, &#8211; o godz. 19.00 spotkanie kandydat\u00f3w do bierzmowania (grupa m\u0142odsza). 2. Adoracja Naj\u015bwi\u0119tszego Sakramentu: &#8211; w poniedzia\u0142ek, wtorek i \u015brod\u0119 od Mszy \u015bw. wieczornej do godz. 21.30, &#8211; w czwartek&nbsp;&nbsp;&nbsp;&nbsp;&nbsp;&nbsp;&nbsp;&nbsp;&nbsp;&nbsp;&nbsp;&nbsp;&nbsp;&nbsp;&nbsp;&nbsp;&nbsp;&nbsp;&nbsp;&nbsp;&nbsp;&nbsp;&nbsp;&nbsp;&nbsp;&nbsp;&nbsp;&nbsp;&nbsp;&nbsp;&nbsp;&nbsp;&nbsp;&nbsp;&nbsp;&nbsp; &nbsp;&nbsp;&nbsp;&nbsp;&nbsp;&nbsp;&nbsp;&nbsp;&nbsp;&nbsp;&nbsp; od godz. 15.00 do [&hellip;]<\/p>\n","protected":false},"author":2,"featured_media":25071,"comment_status":"closed","ping_status":"open","sticky":false,"template":"","format":"standard","meta":{"_uag_custom_page_level_css":"","ngg_post_thumbnail":0,"footnotes":""},"categories":[10],"tags":[],"jetpack_featured_media_url":"https:\/\/i0.wp.com\/strachocin.archidiecezja.wroc.pl\/wp-content\/uploads\/2023\/03\/ogloszenia-parafia.png?fit=615%2C664&ssl=1","uagb_featured_image_src":{"full":["https:\/\/i0.wp.com\/strachocin.archidiecezja.wroc.pl\/wp-content\/uploads\/2023\/03\/ogloszenia-parafia.png?fit=615%2C664&ssl=1",615,664,false],"thumbnail":["https:\/\/i0.wp.com\/strachocin.archidiecezja.wroc.pl\/wp-content\/uploads\/2023\/03\/ogloszenia-parafia.png?resize=150%2C150&ssl=1",150,150,true],"medium":["https:\/\/i0.wp.com\/strachocin.archidiecezja.wroc.pl\/wp-content\/uploads\/2023\/03\/ogloszenia-parafia.png?fit=278%2C300&ssl=1",278,300,true],"medium_large":["https:\/\/i0.wp.com\/strachocin.archidiecezja.wroc.pl\/wp-content\/uploads\/2023\/03\/ogloszenia-parafia.png?fit=615%2C664&ssl=1",615,664,true],"large":["https:\/\/i0.wp.com\/strachocin.archidiecezja.wroc.pl\/wp-content\/uploads\/2023\/03\/ogloszenia-parafia.png?fit=615%2C664&ssl=1",615,664,true],"1536x1536":["https:\/\/i0.wp.com\/strachocin.archidiecezja.wroc.pl\/wp-content\/uploads\/2023\/03\/ogloszenia-parafia.png?fit=615%2C664&ssl=1",615,664,true],"2048x2048":["https:\/\/i0.wp.com\/strachocin.archidiecezja.wroc.pl\/wp-content\/uploads\/2023\/03\/ogloszenia-parafia.png?fit=615%2C664&ssl=1",615,664,true],"hestia-blog":["https:\/\/i0.wp.com\/strachocin.archidiecezja.wroc.pl\/wp-content\/uploads\/2023\/03\/ogloszenia-parafia.png?resize=360%2C240&ssl=1",360,240,true]},"uagb_author_info":{"display_name":"Proboszcz","author_link":"https:\/\/strachocin.archidiecezja.wroc.pl\/?author=2"},"uagb_comment_info":0,"uagb_excerpt":"1. Dzi\u015b: &#8211; o godz. 15.45 koncert pie\u015bni pasyjnych, &#8211; o godz. 17.00 Gorzkie \u017bale, &#8211; o godz. 19.00 spotkanie kandydat\u00f3w do bierzmowania (grupa m\u0142odsza). 2. Adoracja Naj\u015bwi\u0119tszego Sakramentu: &#8211; w poniedzia\u0142ek, wtorek i \u015brod\u0119 od Mszy \u015bw. wieczornej do godz. 21.30, &#8211; w czwartek&nbsp;&nbsp;&nbsp;&nbsp;&nbsp;&nbsp;&nbsp;&nbsp;&nbsp;&nbsp;&nbsp;&nbsp;&nbsp;&nbsp;&nbsp;&nbsp;&nbsp;&nbsp;&nbsp;&nbsp;&nbsp;&nbsp;&nbsp;&nbsp;&nbsp;&nbsp;&nbsp;&nbsp;&nbsp;&nbsp;&nbsp;&nbsp;&nbsp;&nbsp;&nbsp;&nbsp; &nbsp;&nbsp;&nbsp;&nbsp;&nbsp;&nbsp;&nbsp;&nbsp;&nbsp;&nbsp;&nbsp; od godz. 15.00 do [&hellip;]","_links":{"self":[{"href":"https:\/\/strachocin.archidiecezja.wroc.pl\/index.php?rest_route=\/wp\/v2\/posts\/26731"}],"collection":[{"href":"https:\/\/strachocin.archidiecezja.wroc.pl\/index.php?rest_route=\/wp\/v2\/posts"}],"about":[{"href":"https:\/\/strachocin.archidiecezja.wroc.pl\/index.php?rest_route=\/wp\/v2\/types\/post"}],"author":[{"embeddable":true,"href":"https:\/\/strachocin.archidiecezja.wroc.pl\/index.php?rest_route=\/wp\/v2\/users\/2"}],"replies":[{"embeddable":true,"href":"https:\/\/strachocin.archidiecezja.wroc.pl\/index.php?rest_route=%2Fwp%2Fv2%2Fcomments&post=26731"}],"version-history":[{"count":2,"href":"https:\/\/strachocin.archidiecezja.wroc.pl\/index.php?rest_route=\/wp\/v2\/posts\/26731\/revisions"}],"predecessor-version":[{"id":26750,"href":"https:\/\/strachocin.archidiecezja.wroc.pl\/index.php?rest_route=\/wp\/v2\/posts\/26731\/revisions\/26750"}],"wp:featuredmedia":[{"embeddable":true,"href":"https:\/\/strachocin.archidiecezja.wroc.pl\/index.php?rest_route=\/wp\/v2\/media\/25071"}],"wp:attachment":[{"href":"https:\/\/strachocin.archidiecezja.wroc.pl\/index.php?rest_route=%2Fwp%2Fv2%2Fmedia&parent=26731"}],"wp:term":[{"taxonomy":"category","embeddable":true,"href":"https:\/\/strachocin.archidiecezja.wroc.pl\/index.php?rest_route=%2Fwp%2Fv2%2Fcategories&post=26731"},{"taxonomy":"post_tag","embeddable":true,"href":"https:\/\/strachocin.archidiecezja.wroc.pl\/index.php?rest_route=%2Fwp%2Fv2%2Ftags&post=26731"}],"curies":[{"name":"wp","href":"https:\/\/api.w.org\/{rel}","templated":true}]}}