{"id":26581,"date":"2024-12-29T00:27:21","date_gmt":"2024-12-28T23:27:21","guid":{"rendered":"https:\/\/strachocin.archidiecezja.wroc.pl\/?p=26581"},"modified":"2024-12-29T00:27:26","modified_gmt":"2024-12-28T23:27:26","slug":"ogloszenia-parafialne-niedziela-swietej-rodziny-29-grudnia-2024-r","status":"publish","type":"post","link":"https:\/\/strachocin.archidiecezja.wroc.pl\/?p=26581","title":{"rendered":"OG\u0141OSZENIA PARAFIALNE &#8211; Niedziela \u015awi\u0119tej Rodziny &#8211; 29 grudnia 2024 r."},"content":{"rendered":"\n<div class=\"wp-block-columns is-layout-flex wp-container-core-columns-is-layout-2 wp-block-columns-is-layout-flex\">\n<div class=\"wp-block-column is-layout-flow wp-block-column-is-layout-flow\" style=\"flex-basis:100%\">\n<div class=\"wp-block-columns is-layout-flex wp-container-core-columns-is-layout-1 wp-block-columns-is-layout-flex\">\n<div class=\"wp-block-column is-layout-flow wp-block-column-is-layout-flow\" style=\"flex-basis:100%\">\n<p>1. Zach\u0119camy do udzia\u0142u w Mszach \u015bw. podczas Oktawy Narodzenia Pa\u0144skiego.<\/p>\n\n\n\n<p>2. Adoracja Naj\u015bwi\u0119tszego Sakramentu:<\/p>\n\n\n\n<p>&#8211; w poniedzia\u0142ek &nbsp;&nbsp;&nbsp;&nbsp;&nbsp;&nbsp;&nbsp;&nbsp;&nbsp;&nbsp;&nbsp;&nbsp;&nbsp;&nbsp;&nbsp;&nbsp; od Mszy \u015bw. wieczornej do godz. 21.30,<\/p>\n\n\n\n<p>&#8211; w czwartek &nbsp;&nbsp;&nbsp;&nbsp;&nbsp;&nbsp;&nbsp;&nbsp;&nbsp;&nbsp;&nbsp;&nbsp;&nbsp;&nbsp;&nbsp;&nbsp;&nbsp;&nbsp;&nbsp;&nbsp;&nbsp;&nbsp; od godz. 15.00 do 18.00<\/p>\n\n\n\n<p>2. We wtorek 31 grudnia o godz. 18.00 Msza \u015bw. i nabo\u017ce\u0144stwo na zako\u0144czenie roku.<\/p>\n\n\n\n<p>R\u00f3wnie\u017c we wtorek o godz. 24.00 zostanie odprawiona Msza \u015bw. o Bo\u017ce b\u0142ogos\u0142awie\u0144stwo w nowym roku. Serdecznie zapraszamy. &nbsp;<\/p>\n\n\n\n<p>3. W \u015brod\u0119 1 stycznia Uroczysto\u015b\u0107 \u015awi\u0119tej Bo\u017cej Rodzicielki Maryi. Porz\u0105dek Mszy \u015bw. jak w ka\u017cd\u0105 niedziel\u0119, czyli o godz. 8.00. 9.30, 11.00, 12.30, 18.00 i 20.00.<\/p>\n\n\n\n<p>4. Zapraszamy na wsp\u00f3lne \u015bpiewanie kol\u0119d w \u015brod\u0119 1 stycznia, o 17.00 w sali na g\u00f3rze.<\/p>\n\n\n\n<p>5. W czwartek o godz. 19.00 spotkanie modlitewne wsp\u00f3lnoty Emaus.<\/p>\n\n\n\n<p>6. W pi\u0105tek przed po\u0142udniem komunia \u015bw. u chorych.<\/p>\n\n\n\n<p>7. Zapraszamy na Msz\u0119 \u015bw., adoracj\u0119 Naj\u015bwi\u0119tszego Sakramentu i wsp\u00f3lne uwielbienie w pi\u0105tek o godz. 18.00.<\/p>\n\n\n\n<p>8. W sobot\u0119 po Mszy \u015bw. o godz. 9.00 Nabo\u017ce\u0144stwo Pierwszych Sob\u00f3t Miesi\u0105ca.<\/p>\n\n\n\n<p>9. W przysz\u0142\u0105 niedziel\u0119:<\/p>\n\n\n\n<p>&#8211; przed Msz\u0105 \u015bw. o godz. 9.30 zmiana Tajemnic R\u00f3\u017ca\u0144cowych,<\/p>\n\n\n\n<p>&#8211; po Mszy \u015bw. o godz. 12.30 adoracja Naj\u015bwi\u0119tszego Sakramentu.<\/p>\n\n\n\n<p>&#8211; taca b\u0119dzie przeznaczona na dalsze prace remontowe w dawnej kaplicy.<\/p>\n\n\n\n<p>10. Zapraszamy na koncert wokalno-instrumentalny z programem najpi\u0119kniejszych polskich kol\u0119d w wykonaniu solistki operetki wroc\u0142awskiej sopranistki p. Moniki Gruszczy\u0144skiej, naszej parafianki, przy akompaniamencie pianistki i skrzypka. Koncert odb\u0119dzie si\u0119 6 stycznia po Mszy \u015bw. o godz. 12.30.<\/p>\n\n\n\n<p>11. Senior\u00f3w zapraszamy na spotkanie za dwa tygodnie w sobot\u0119 11 stycznia o 10.00.<\/p>\n\n\n\n<p>12. Zapraszamy na drugie spotkanie w ramach Szko\u0142y Uczniostwa.&nbsp;Temat: MODLITWA KO\u015aCIO\u0141A W OPARCIU O S\u0141OWO BO\u017bE. Moc wytrwa\u0142ego wstawiennictwa. Spotkanie odb\u0119dzie si\u0119 w sobot\u0119 11 stycznia 2025 roku w godz. od 9.00 do 13.00 w sali na g\u00f3rze. Szczeg\u00f3\u0142owe informacje na stronie internetowej parafii.<\/p>\n\n\n\n<p>13. Parafia organizuje rekolekcje dla dzieci i m\u0142odzie\u017cy od 8 do 14 lutego na G\u00f3rze \u015awi\u0119tej Anny. Informacje i zapisy na naszej stronie internetowej.<\/p>\n\n\n\n<p>14. Plan kol\u0119dy w tym tygodniu:<\/p>\n\n\n\n<p>Dzi\u015b&nbsp;&nbsp;&nbsp;&nbsp;&nbsp;&nbsp;&nbsp;&nbsp;&nbsp;&nbsp;&nbsp;&nbsp;&nbsp;&nbsp;&nbsp;&nbsp;&nbsp;&nbsp;&nbsp;&nbsp;&nbsp;&nbsp;&nbsp;&nbsp;&nbsp;&nbsp;&nbsp;&nbsp;&nbsp;&nbsp;&nbsp;&nbsp;&nbsp;&nbsp;&nbsp;&nbsp;&nbsp;&nbsp;&nbsp; Witosa<\/p>\n\n\n\n<p><strong>30.12. Poniedzia\u0142ek: &nbsp;&nbsp;&nbsp;&nbsp; Treski, Dobrackiego, Wo\u0142czy\u0144ska<\/strong><\/p>\n\n\n\n<p><strong>02.01. Czwartek: &nbsp;&nbsp;&nbsp;&nbsp;&nbsp;&nbsp;&nbsp;&nbsp;&nbsp; Niedzia\u0142kowskiego, Zamoyskiego, Badury<\/strong><\/p>\n\n\n\n<p><strong>03.01. Pi\u0105tek: &nbsp;&nbsp;&nbsp;&nbsp;&nbsp;&nbsp;&nbsp;&nbsp;&nbsp;&nbsp;&nbsp;&nbsp;&nbsp;&nbsp;&nbsp; \u0141aniewska, Ja\u015bkowicka<\/strong><\/p>\n\n\n\n<p><strong>04.01. Sobota: &nbsp;&nbsp;&nbsp;&nbsp;&nbsp;&nbsp;&nbsp;&nbsp;&nbsp;&nbsp;&nbsp;&nbsp;&nbsp;&nbsp; Wyk\u0142adowa<\/strong><\/p>\n\n\n\n<p><strong>05.01. Niedziela: &nbsp;&nbsp;&nbsp;&nbsp;&nbsp;&nbsp;&nbsp;&nbsp;&nbsp; Drobuta, Rataja<\/strong><\/p>\n\n\n\n<p>Pocz\u0105tek kol\u0119dy: w sobot\u0119 i niedziel\u0119 od godz. 15.00, &nbsp;w pozosta\u0142e dni od godz. 16.30.<\/p>\n<\/div>\n<\/div>\n<\/div>\n<\/div>\n\n\n\n<p><\/p>\n","protected":false},"excerpt":{"rendered":"<p>1. Zach\u0119camy do udzia\u0142u w Mszach \u015bw. podczas Oktawy Narodzenia Pa\u0144skiego. 2. Adoracja Naj\u015bwi\u0119tszego Sakramentu: &#8211; w poniedzia\u0142ek &nbsp;&nbsp;&nbsp;&nbsp;&nbsp;&nbsp;&nbsp;&nbsp;&nbsp;&nbsp;&nbsp;&nbsp;&nbsp;&nbsp;&nbsp;&nbsp; od Mszy \u015bw. wieczornej do godz. 21.30, &#8211; w czwartek &nbsp;&nbsp;&nbsp;&nbsp;&nbsp;&nbsp;&nbsp;&nbsp;&nbsp;&nbsp;&nbsp;&nbsp;&nbsp;&nbsp;&nbsp;&nbsp;&nbsp;&nbsp;&nbsp;&nbsp;&nbsp;&nbsp; od godz. 15.00 do 18.00 2. We wtorek 31 grudnia o godz. 18.00 Msza \u015bw. i nabo\u017ce\u0144stwo na zako\u0144czenie roku. [&hellip;]<\/p>\n","protected":false},"author":2,"featured_media":25071,"comment_status":"closed","ping_status":"open","sticky":false,"template":"","format":"standard","meta":{"_uag_custom_page_level_css":"","ngg_post_thumbnail":0,"footnotes":""},"categories":[10],"tags":[],"jetpack_featured_media_url":"https:\/\/i0.wp.com\/strachocin.archidiecezja.wroc.pl\/wp-content\/uploads\/2023\/03\/ogloszenia-parafia.png?fit=615%2C664&ssl=1","uagb_featured_image_src":{"full":["https:\/\/i0.wp.com\/strachocin.archidiecezja.wroc.pl\/wp-content\/uploads\/2023\/03\/ogloszenia-parafia.png?fit=615%2C664&ssl=1",615,664,false],"thumbnail":["https:\/\/i0.wp.com\/strachocin.archidiecezja.wroc.pl\/wp-content\/uploads\/2023\/03\/ogloszenia-parafia.png?resize=150%2C150&ssl=1",150,150,true],"medium":["https:\/\/i0.wp.com\/strachocin.archidiecezja.wroc.pl\/wp-content\/uploads\/2023\/03\/ogloszenia-parafia.png?fit=278%2C300&ssl=1",278,300,true],"medium_large":["https:\/\/i0.wp.com\/strachocin.archidiecezja.wroc.pl\/wp-content\/uploads\/2023\/03\/ogloszenia-parafia.png?fit=615%2C664&ssl=1",615,664,true],"large":["https:\/\/i0.wp.com\/strachocin.archidiecezja.wroc.pl\/wp-content\/uploads\/2023\/03\/ogloszenia-parafia.png?fit=615%2C664&ssl=1",615,664,true],"1536x1536":["https:\/\/i0.wp.com\/strachocin.archidiecezja.wroc.pl\/wp-content\/uploads\/2023\/03\/ogloszenia-parafia.png?fit=615%2C664&ssl=1",615,664,true],"2048x2048":["https:\/\/i0.wp.com\/strachocin.archidiecezja.wroc.pl\/wp-content\/uploads\/2023\/03\/ogloszenia-parafia.png?fit=615%2C664&ssl=1",615,664,true],"hestia-blog":["https:\/\/i0.wp.com\/strachocin.archidiecezja.wroc.pl\/wp-content\/uploads\/2023\/03\/ogloszenia-parafia.png?resize=360%2C240&ssl=1",360,240,true]},"uagb_author_info":{"display_name":"Proboszcz","author_link":"https:\/\/strachocin.archidiecezja.wroc.pl\/?author=2"},"uagb_comment_info":0,"uagb_excerpt":"1. Zach\u0119camy do udzia\u0142u w Mszach \u015bw. podczas Oktawy Narodzenia Pa\u0144skiego. 2. Adoracja Naj\u015bwi\u0119tszego Sakramentu: &#8211; w poniedzia\u0142ek &nbsp;&nbsp;&nbsp;&nbsp;&nbsp;&nbsp;&nbsp;&nbsp;&nbsp;&nbsp;&nbsp;&nbsp;&nbsp;&nbsp;&nbsp;&nbsp; od Mszy \u015bw. wieczornej do godz. 21.30, &#8211; w czwartek &nbsp;&nbsp;&nbsp;&nbsp;&nbsp;&nbsp;&nbsp;&nbsp;&nbsp;&nbsp;&nbsp;&nbsp;&nbsp;&nbsp;&nbsp;&nbsp;&nbsp;&nbsp;&nbsp;&nbsp;&nbsp;&nbsp; od godz. 15.00 do 18.00 2. We wtorek 31 grudnia o godz. 18.00 Msza \u015bw. i nabo\u017ce\u0144stwo na zako\u0144czenie roku. [&hellip;]","_links":{"self":[{"href":"https:\/\/strachocin.archidiecezja.wroc.pl\/index.php?rest_route=\/wp\/v2\/posts\/26581"}],"collection":[{"href":"https:\/\/strachocin.archidiecezja.wroc.pl\/index.php?rest_route=\/wp\/v2\/posts"}],"about":[{"href":"https:\/\/strachocin.archidiecezja.wroc.pl\/index.php?rest_route=\/wp\/v2\/types\/post"}],"author":[{"embeddable":true,"href":"https:\/\/strachocin.archidiecezja.wroc.pl\/index.php?rest_route=\/wp\/v2\/users\/2"}],"replies":[{"embeddable":true,"href":"https:\/\/strachocin.archidiecezja.wroc.pl\/index.php?rest_route=%2Fwp%2Fv2%2Fcomments&post=26581"}],"version-history":[{"count":1,"href":"https:\/\/strachocin.archidiecezja.wroc.pl\/index.php?rest_route=\/wp\/v2\/posts\/26581\/revisions"}],"predecessor-version":[{"id":26582,"href":"https:\/\/strachocin.archidiecezja.wroc.pl\/index.php?rest_route=\/wp\/v2\/posts\/26581\/revisions\/26582"}],"wp:featuredmedia":[{"embeddable":true,"href":"https:\/\/strachocin.archidiecezja.wroc.pl\/index.php?rest_route=\/wp\/v2\/media\/25071"}],"wp:attachment":[{"href":"https:\/\/strachocin.archidiecezja.wroc.pl\/index.php?rest_route=%2Fwp%2Fv2%2Fmedia&parent=26581"}],"wp:term":[{"taxonomy":"category","embeddable":true,"href":"https:\/\/strachocin.archidiecezja.wroc.pl\/index.php?rest_route=%2Fwp%2Fv2%2Fcategories&post=26581"},{"taxonomy":"post_tag","embeddable":true,"href":"https:\/\/strachocin.archidiecezja.wroc.pl\/index.php?rest_route=%2Fwp%2Fv2%2Ftags&post=26581"}],"curies":[{"name":"wp","href":"https:\/\/api.w.org\/{rel}","templated":true}]}}