{"id":26579,"date":"2024-12-29T00:25:04","date_gmt":"2024-12-28T23:25:04","guid":{"rendered":"https:\/\/strachocin.archidiecezja.wroc.pl\/?p=26579"},"modified":"2024-12-29T00:25:09","modified_gmt":"2024-12-28T23:25:09","slug":"koleda-2025","status":"publish","type":"post","link":"https:\/\/strachocin.archidiecezja.wroc.pl\/?p=26579","title":{"rendered":"KOL\u0118DA 2025"},"content":{"rendered":"\n<p>KOL\u0118DA 2025<\/p>\n\n\n\n<p>30.12. Poniedzia\u0142ek:  Treski, Dobrackiego, Wo\u0142czy\u0144ska<br>02.01. Czwartek: Niedzia\u0142kowskiego, Zamoyskiego, Badury<br>03.01. Pi\u0105tek: \u0141aniewska, Ja\u015bkowicka<br>04.01. Sobota: Wyk\u0142adowa<br>05.01. Niedziela: Drobuta, Rataja<br>06.01. Poniedzia\u0142ek: Soboci\u0144ska<br>07.01. Wtorek: Miko\u0142owska &#8211; parzyste<br>08.01. \u015aroda: Miko\u0142owska &#8211; nieparzyste<br>09.01. Czwartek: Mys\u0142owicka<br>10.01. Pi\u0105tek: Wschodnia, Osadnicza<br>11.01. Sobota: Rolnicza, Narciarska<br>12.01. Niedziela: \u015awi\u0119toch\u0142owicka, Zagrodnicza 1 &#8211; 8<br>13.01. Poniedzia\u0142ek: Strumykowa, Dobrzykowicka, Chrz\u0105stawska<br>14.01. Wtorek: Odcinek<br>15.01. \u015aroda: Jelcza\u0144ska, Laskowicka<br>16.01. Czwartek: Le\u015bna, Wa\u0142owa<br>17.01. Pi\u0105tek: Zagajnikowa, \u015ar\u00f3dle\u015bna, Nadolicka<br>18.01. Sobota: Zagrodnicza &#8211; od 10 do ko\u0144ca<br>19.01. Niedziela: Radzionkowska<br>20.01. Poniedzia\u0142ek: Gitarowa: parzyste 4 &#8211; 20<br>Gitarowa: nieparzyste 3 \u2013 11<\/p>\n\n\n\n<p>21.01. Wtorek: Gitarowa: parzyste od 22 do ko\u0144ca Gitarowa: nieparzyste 13 &#8211; 45<br>22.01. \u015aroda: Gitarowa: nieparzyste od 47 do ko\u0144ca, B\u0142otna, Przy Torze<br>23.01. Czwartek: Ko\u0142odziejska, Kmieca, S\u0142omiana, Siewna<br>24.01. Pi\u0105tek: Ubocze<br>25.01. Sobota: Perkusyjna: 1 &#8211; 11<br>26.01. Niedziela: Bagienna<br>27.01. Poniedzia\u0142ek: Perkusyjna &#8211; od 11a do ko\u0144ca<br>28.01. Wtorek: W\u0142o\u015bcia\u0144ska &#8211; parzyste<br>29.01. \u015aroda: W\u0142o\u015bcia\u0144ska &#8211; nieparzyste<br>30.01. Czwartek: Strachoci\u0144ska: nieparzyste 23 &#8211; 137<br>31.01. Pi\u0105tek: Strachoci\u0144ska &#8211; nieparzyste od 139 do ko\u0144ca<br>01.02. Sobota: Strachoci\u0144ska: parzyste<\/p>\n","protected":false},"excerpt":{"rendered":"<p>KOL\u0118DA 2025 30.12. Poniedzia\u0142ek: Treski, Dobrackiego, Wo\u0142czy\u0144ska02.01. Czwartek: Niedzia\u0142kowskiego, Zamoyskiego, Badury03.01. Pi\u0105tek: \u0141aniewska, Ja\u015bkowicka04.01. Sobota: Wyk\u0142adowa05.01. Niedziela: Drobuta, Rataja06.01. Poniedzia\u0142ek: Soboci\u0144ska07.01. Wtorek: Miko\u0142owska &#8211; parzyste08.01. \u015aroda: Miko\u0142owska &#8211; nieparzyste09.01. Czwartek: Mys\u0142owicka10.01. Pi\u0105tek: Wschodnia, Osadnicza11.01. Sobota: Rolnicza, Narciarska12.01. Niedziela: \u015awi\u0119toch\u0142owicka, Zagrodnicza 1 &#8211; 813.01. Poniedzia\u0142ek: Strumykowa, Dobrzykowicka, Chrz\u0105stawska14.01. Wtorek: Odcinek15.01. \u015aroda: [&hellip;]<\/p>\n","protected":false},"author":2,"featured_media":0,"comment_status":"closed","ping_status":"open","sticky":false,"template":"","format":"standard","meta":{"_uag_custom_page_level_css":"","ngg_post_thumbnail":0,"footnotes":""},"categories":[12],"tags":[],"jetpack_featured_media_url":"","uagb_featured_image_src":{"full":false,"thumbnail":false,"medium":false,"medium_large":false,"large":false,"1536x1536":false,"2048x2048":false,"hestia-blog":false},"uagb_author_info":{"display_name":"Proboszcz","author_link":"https:\/\/strachocin.archidiecezja.wroc.pl\/?author=2"},"uagb_comment_info":0,"uagb_excerpt":"KOL\u0118DA 2025 30.12. Poniedzia\u0142ek: Treski, Dobrackiego, Wo\u0142czy\u0144ska02.01. Czwartek: Niedzia\u0142kowskiego, Zamoyskiego, Badury03.01. Pi\u0105tek: \u0141aniewska, Ja\u015bkowicka04.01. Sobota: Wyk\u0142adowa05.01. Niedziela: Drobuta, Rataja06.01. Poniedzia\u0142ek: Soboci\u0144ska07.01. Wtorek: Miko\u0142owska &#8211; parzyste08.01. \u015aroda: Miko\u0142owska &#8211; nieparzyste09.01. Czwartek: Mys\u0142owicka10.01. Pi\u0105tek: Wschodnia, Osadnicza11.01. Sobota: Rolnicza, Narciarska12.01. Niedziela: \u015awi\u0119toch\u0142owicka, Zagrodnicza 1 &#8211; 813.01. Poniedzia\u0142ek: Strumykowa, Dobrzykowicka, Chrz\u0105stawska14.01. Wtorek: Odcinek15.01. \u015aroda: [&hellip;]","_links":{"self":[{"href":"https:\/\/strachocin.archidiecezja.wroc.pl\/index.php?rest_route=\/wp\/v2\/posts\/26579"}],"collection":[{"href":"https:\/\/strachocin.archidiecezja.wroc.pl\/index.php?rest_route=\/wp\/v2\/posts"}],"about":[{"href":"https:\/\/strachocin.archidiecezja.wroc.pl\/index.php?rest_route=\/wp\/v2\/types\/post"}],"author":[{"embeddable":true,"href":"https:\/\/strachocin.archidiecezja.wroc.pl\/index.php?rest_route=\/wp\/v2\/users\/2"}],"replies":[{"embeddable":true,"href":"https:\/\/strachocin.archidiecezja.wroc.pl\/index.php?rest_route=%2Fwp%2Fv2%2Fcomments&post=26579"}],"version-history":[{"count":1,"href":"https:\/\/strachocin.archidiecezja.wroc.pl\/index.php?rest_route=\/wp\/v2\/posts\/26579\/revisions"}],"predecessor-version":[{"id":26580,"href":"https:\/\/strachocin.archidiecezja.wroc.pl\/index.php?rest_route=\/wp\/v2\/posts\/26579\/revisions\/26580"}],"wp:attachment":[{"href":"https:\/\/strachocin.archidiecezja.wroc.pl\/index.php?rest_route=%2Fwp%2Fv2%2Fmedia&parent=26579"}],"wp:term":[{"taxonomy":"category","embeddable":true,"href":"https:\/\/strachocin.archidiecezja.wroc.pl\/index.php?rest_route=%2Fwp%2Fv2%2Fcategories&post=26579"},{"taxonomy":"post_tag","embeddable":true,"href":"https:\/\/strachocin.archidiecezja.wroc.pl\/index.php?rest_route=%2Fwp%2Fv2%2Ftags&post=26579"}],"curies":[{"name":"wp","href":"https:\/\/api.w.org\/{rel}","templated":true}]}}