{"id":26548,"date":"2024-12-22T00:31:05","date_gmt":"2024-12-21T23:31:05","guid":{"rendered":"https:\/\/strachocin.archidiecezja.wroc.pl\/?p=26548"},"modified":"2024-12-22T00:31:08","modified_gmt":"2024-12-21T23:31:08","slug":"ogloszenia-parafialne-4-niedziela-adwentu-22-grudnia-2024-r","status":"publish","type":"post","link":"https:\/\/strachocin.archidiecezja.wroc.pl\/?p=26548","title":{"rendered":"OG\u0141OSZENIA PARAFIALNE &#8211; 4 Niedziela Adwentu &#8211; 22 grudnia 2024 r."},"content":{"rendered":"\n<div class=\"wp-block-columns is-layout-flex wp-container-core-columns-is-layout-2 wp-block-columns-is-layout-flex\">\n<div class=\"wp-block-column is-layout-flow wp-block-column-is-layout-flow\" style=\"flex-basis:100%\">\n<div class=\"wp-block-columns is-layout-flex wp-container-core-columns-is-layout-1 wp-block-columns-is-layout-flex\">\n<div class=\"wp-block-column is-layout-flow wp-block-column-is-layout-flow\" style=\"flex-basis:100%\">\n<p><\/p>\n\n\n\n<p>1. Spowied\u017a \u015bw. przed \u015bwi\u0119tami b\u0119dzie:<\/p>\n\n\n\n<p>&#8211; w poniedzia\u0142ek&nbsp;&nbsp;&nbsp;&nbsp;&nbsp;&nbsp; od 8.30 do 10.00 oraz od 17.30 do 21.30<\/p>\n\n\n\n<p>&#8211; we wtorek&nbsp;&nbsp;&nbsp;&nbsp;&nbsp;&nbsp;&nbsp;&nbsp;&nbsp;&nbsp;&nbsp;&nbsp;&nbsp; od 8.30 do 10.00.<\/p>\n\n\n\n<p>2. Roraty w poniedzia\u0142ek i wtorek o godz. 6.00.<\/p>\n\n\n\n<p>3. We wtorek Msze \u015bw.&nbsp; o godz. 6.00 i 9.00. Nie b\u0119dzie Mszy \u015bw. o 18.00.<\/p>\n\n\n\n<p>Uroczyste Pasterki o godz. 21.00 i 24.00.<\/p>\n\n\n\n<p>4. Serdecznie dzi\u0119kujemy wszystkim rodzinom, kt\u00f3re przyjm\u0105 na wigili\u0119 braci i wolontariuszy z Taize. Autokar powinien przyjecha\u0107 pod ko\u015bci\u00f3\u0142 o godz. 16.00. Bardzo prosimy, aby ju\u017c by\u0107 o tej godzinie. Je\u017celi b\u0119d\u0105 jakie\u015b zmiany, to poinformujemy telefonicznie.<\/p>\n\n\n\n<p>5. W pierwszy i drugi dzie\u0144 \u015awi\u0105t Bo\u017cego Narodzenia porz\u0105dek Mszy \u015bw. jak w ka\u017cd\u0105 niedziel\u0119, czyli o godz. 8.00. 9.30, 11.00, 12.30, 18.00 i 20.00.<\/p>\n\n\n\n<p>6. Senior\u00f3w zapraszamy na spotkanie w sobot\u0119 o godz. 10.00. Tym razem b\u0119dzie to spotkanie kol\u0119dowe. Prosimy o przyniesienie w\u0142asnych wypiek\u00f3w.<\/p>\n\n\n\n<p>7. Zapraszamy na koncert wokalno-instrumentalny z programem najpi\u0119kniejszych polskich kol\u0119d w wykonaniu solistki operetki wroc\u0142awskiej sopranistki p. Moniki Gruszczy\u0144skiej, naszej parafianki, przy akompaniamencie pianistki i skrzypka. Koncert odb\u0119dzie si\u0119 6 stycznia po Mszy \u015bw. o godz. 12.30.<\/p>\n\n\n\n<p>8. Zapraszamy na drugie spotkanie w ramach Szko\u0142y Uczniostwa.&nbsp;Temat: MODLITWA KO\u015aCIO\u0141A W OPARCIU O S\u0141OWO BO\u017bE. Moc wytrwa\u0142ego wstawiennictwa. Spotkanie odb\u0119dzie si\u0119 w sobot\u0119 11 stycznia 2025 roku w godz. od 9.00 do 13.00 w sali na g\u00f3rze. Szczeg\u00f3\u0142owe informacje na stronie internetowej parafii.<\/p>\n\n\n\n<p>9. Od pi\u0105tku 28 grudnia rozpocznie si\u0119 kol\u0119da:<\/p>\n\n\n\n<p>Porz\u0105dek kol\u0119dy w tym tygodniu:<\/p>\n\n\n\n<p>28.12. Sobota: &nbsp;&nbsp;&nbsp;&nbsp;&nbsp;&nbsp;&nbsp;&nbsp; <strong>Wie\u015bniacza, Smocza&nbsp;&nbsp;&nbsp;&nbsp;&nbsp;&nbsp; od 15.00<\/strong><\/p>\n\n\n\n<p>29.12. Niedziela: &nbsp;&nbsp;&nbsp;&nbsp; <strong>Witosa&nbsp;&nbsp;&nbsp;&nbsp;&nbsp;&nbsp;&nbsp;&nbsp;&nbsp;&nbsp;&nbsp;&nbsp;&nbsp;&nbsp;&nbsp;&nbsp;&nbsp;&nbsp;&nbsp;&nbsp;&nbsp;&nbsp;&nbsp;&nbsp;&nbsp;&nbsp;&nbsp;&nbsp;&nbsp; od 15.00<\/strong><\/p>\n\n\n\n<p>10. Op\u0142atki oraz \u015bwiece wigilijne s\u0105 do nabycia w \u0142\u0105czniku.<\/p>\n<\/div>\n<\/div>\n<\/div>\n<\/div>\n\n\n\n<p><\/p>\n","protected":false},"excerpt":{"rendered":"<p>1. Spowied\u017a \u015bw. przed \u015bwi\u0119tami b\u0119dzie: &#8211; w poniedzia\u0142ek&nbsp;&nbsp;&nbsp;&nbsp;&nbsp;&nbsp; od 8.30 do 10.00 oraz od 17.30 do 21.30 &#8211; we wtorek&nbsp;&nbsp;&nbsp;&nbsp;&nbsp;&nbsp;&nbsp;&nbsp;&nbsp;&nbsp;&nbsp;&nbsp;&nbsp; od 8.30 do 10.00. 2. Roraty w poniedzia\u0142ek i wtorek o godz. 6.00. 3. We wtorek Msze \u015bw.&nbsp; o godz. 6.00 i 9.00. Nie b\u0119dzie Mszy \u015bw. o 18.00. [&hellip;]<\/p>\n","protected":false},"author":2,"featured_media":25071,"comment_status":"closed","ping_status":"open","sticky":false,"template":"","format":"standard","meta":{"_uag_custom_page_level_css":"","ngg_post_thumbnail":0,"footnotes":""},"categories":[10],"tags":[],"jetpack_featured_media_url":"https:\/\/i0.wp.com\/strachocin.archidiecezja.wroc.pl\/wp-content\/uploads\/2023\/03\/ogloszenia-parafia.png?fit=615%2C664&ssl=1","uagb_featured_image_src":{"full":["https:\/\/i0.wp.com\/strachocin.archidiecezja.wroc.pl\/wp-content\/uploads\/2023\/03\/ogloszenia-parafia.png?fit=615%2C664&ssl=1",615,664,false],"thumbnail":["https:\/\/i0.wp.com\/strachocin.archidiecezja.wroc.pl\/wp-content\/uploads\/2023\/03\/ogloszenia-parafia.png?resize=150%2C150&ssl=1",150,150,true],"medium":["https:\/\/i0.wp.com\/strachocin.archidiecezja.wroc.pl\/wp-content\/uploads\/2023\/03\/ogloszenia-parafia.png?fit=278%2C300&ssl=1",278,300,true],"medium_large":["https:\/\/i0.wp.com\/strachocin.archidiecezja.wroc.pl\/wp-content\/uploads\/2023\/03\/ogloszenia-parafia.png?fit=615%2C664&ssl=1",615,664,true],"large":["https:\/\/i0.wp.com\/strachocin.archidiecezja.wroc.pl\/wp-content\/uploads\/2023\/03\/ogloszenia-parafia.png?fit=615%2C664&ssl=1",615,664,true],"1536x1536":["https:\/\/i0.wp.com\/strachocin.archidiecezja.wroc.pl\/wp-content\/uploads\/2023\/03\/ogloszenia-parafia.png?fit=615%2C664&ssl=1",615,664,true],"2048x2048":["https:\/\/i0.wp.com\/strachocin.archidiecezja.wroc.pl\/wp-content\/uploads\/2023\/03\/ogloszenia-parafia.png?fit=615%2C664&ssl=1",615,664,true],"hestia-blog":["https:\/\/i0.wp.com\/strachocin.archidiecezja.wroc.pl\/wp-content\/uploads\/2023\/03\/ogloszenia-parafia.png?resize=360%2C240&ssl=1",360,240,true]},"uagb_author_info":{"display_name":"Proboszcz","author_link":"https:\/\/strachocin.archidiecezja.wroc.pl\/?author=2"},"uagb_comment_info":0,"uagb_excerpt":"1. Spowied\u017a \u015bw. przed \u015bwi\u0119tami b\u0119dzie: &#8211; w poniedzia\u0142ek&nbsp;&nbsp;&nbsp;&nbsp;&nbsp;&nbsp; od 8.30 do 10.00 oraz od 17.30 do 21.30 &#8211; we wtorek&nbsp;&nbsp;&nbsp;&nbsp;&nbsp;&nbsp;&nbsp;&nbsp;&nbsp;&nbsp;&nbsp;&nbsp;&nbsp; od 8.30 do 10.00. 2. Roraty w poniedzia\u0142ek i wtorek o godz. 6.00. 3. We wtorek Msze \u015bw.&nbsp; o godz. 6.00 i 9.00. Nie b\u0119dzie Mszy \u015bw. o 18.00. [&hellip;]","_links":{"self":[{"href":"https:\/\/strachocin.archidiecezja.wroc.pl\/index.php?rest_route=\/wp\/v2\/posts\/26548"}],"collection":[{"href":"https:\/\/strachocin.archidiecezja.wroc.pl\/index.php?rest_route=\/wp\/v2\/posts"}],"about":[{"href":"https:\/\/strachocin.archidiecezja.wroc.pl\/index.php?rest_route=\/wp\/v2\/types\/post"}],"author":[{"embeddable":true,"href":"https:\/\/strachocin.archidiecezja.wroc.pl\/index.php?rest_route=\/wp\/v2\/users\/2"}],"replies":[{"embeddable":true,"href":"https:\/\/strachocin.archidiecezja.wroc.pl\/index.php?rest_route=%2Fwp%2Fv2%2Fcomments&post=26548"}],"version-history":[{"count":1,"href":"https:\/\/strachocin.archidiecezja.wroc.pl\/index.php?rest_route=\/wp\/v2\/posts\/26548\/revisions"}],"predecessor-version":[{"id":26569,"href":"https:\/\/strachocin.archidiecezja.wroc.pl\/index.php?rest_route=\/wp\/v2\/posts\/26548\/revisions\/26569"}],"wp:featuredmedia":[{"embeddable":true,"href":"https:\/\/strachocin.archidiecezja.wroc.pl\/index.php?rest_route=\/wp\/v2\/media\/25071"}],"wp:attachment":[{"href":"https:\/\/strachocin.archidiecezja.wroc.pl\/index.php?rest_route=%2Fwp%2Fv2%2Fmedia&parent=26548"}],"wp:term":[{"taxonomy":"category","embeddable":true,"href":"https:\/\/strachocin.archidiecezja.wroc.pl\/index.php?rest_route=%2Fwp%2Fv2%2Fcategories&post=26548"},{"taxonomy":"post_tag","embeddable":true,"href":"https:\/\/strachocin.archidiecezja.wroc.pl\/index.php?rest_route=%2Fwp%2Fv2%2Ftags&post=26548"}],"curies":[{"name":"wp","href":"https:\/\/api.w.org\/{rel}","templated":true}]}}