{"id":26546,"date":"2024-12-14T22:55:33","date_gmt":"2024-12-14T21:55:33","guid":{"rendered":"https:\/\/strachocin.archidiecezja.wroc.pl\/?p=26546"},"modified":"2024-12-14T22:55:36","modified_gmt":"2024-12-14T21:55:36","slug":"ogloszenia-parafialne-3-niedziela-adwentu-15-grudnia-2024-r","status":"publish","type":"post","link":"https:\/\/strachocin.archidiecezja.wroc.pl\/?p=26546","title":{"rendered":"OG\u0141OSZENIA PARAFIALNE &#8211; 3 Niedziela Adwentu &#8211; 15 grudnia 2024 r."},"content":{"rendered":"\n<div class=\"wp-block-columns is-layout-flex wp-container-core-columns-is-layout-2 wp-block-columns-is-layout-flex\">\n<div class=\"wp-block-column is-layout-flow wp-block-column-is-layout-flow\" style=\"flex-basis:100%\">\n<div class=\"wp-block-columns is-layout-flex wp-container-core-columns-is-layout-1 wp-block-columns-is-layout-flex\">\n<div class=\"wp-block-column is-layout-flow wp-block-column-is-layout-flow\" style=\"flex-basis:100%\">\n<ol>\n<li>Dzi\u015b:<\/li>\n<\/ol>\n\n\n\n<ul>\n<li>po Mszy spotkanie Kompanii Rodzin.<\/li>\n\n\n\n<li>po Mszy \u015bw. o godz. 12.30 spotkanie dzieci komunijnych i ich rodzic\u00f3w (grupa II),<\/li>\n<\/ul>\n\n\n\n<ol>\n<li>Roraty odprawiamy od poniedzia\u0142ku do soboty o godz. 6.00.<\/li>\n\n\n\n<li>Adoracja Naj\u015bwi\u0119tszego Sakramentu:<\/li>\n<\/ol>\n\n\n\n<ul>\n<li>w poniedzia\u0142ek, wtorek i \u015brod\u0119 od Mszy \u015bw. wieczornej do godz. 21.30,<\/li>\n\n\n\n<li>w czwartek od godz. 15.00 do 18.00<\/li>\n<\/ul>\n\n\n\n<ol>\n<li>Przypominamy, \u017ce spowied\u017a jest codziennie p\u00f3\u0142 godz. przed ka\u017cd\u0105 Msz\u0105 \u015bw. Ponadto spowied\u017a b\u0119dzie r\u00f3wnie\u017c od poniedzia\u0142ku do \u015brody po Mszach \u015bw. wieczornych do godz. 20.00.<\/li>\n\n\n\n<li>W czwartek o godz. 19.00 spotkanie modlitewne.<\/li>\n\n\n\n<li>Dzieci i m\u0142odzie\u017c zapraszamy na Msz\u0119 \u015bw. i spotkania w pi\u0105tek o godz. 18.00.<\/li>\n\n\n\n<li>Bracia i wolontariusze ze wsp\u00f3lnoty z Taize, kt\u00f3rzy pojad\u0105 na Europejskie Spotkanie M\u0142odych do Tallina prosz\u0105 nas, by mogli zatrzyma\u0107 si\u0119 w naszej parafii w Wigili\u0119 Bo\u017cego Narodzenia oraz uczestniczy\u0107 w Pasterce o godz. 21.00.<br>Je\u017celi kto\u015b jest gotowy do przyj\u0119cia go\u015bci na wigili\u0119, to prosz\u0119 o zg\u0142oszenie w zakrystii.<\/li>\n\n\n\n<li>Zapraszamy na drugie spotkanie w ramach Szko\u0142y Uczniostwa. Temat: MODLITWA KO\u015aCIO\u0141A W OPARCIU O S\u0141OWO BO\u017bE. Moc wytrwa\u0142ego wstawiennictwa.<br>Spotkanie odb\u0119dzie si\u0119 w sobot\u0119 11 stycznia 2025 roku w godz. od 9.00 do 13.00 w sali na g\u00f3rze. Szczeg\u00f3\u0142owe informacje na stronie internetowej parafii.<\/li>\n\n\n\n<li>Op\u0142atki oraz \u015bwiece wigilijne s\u0105 do nabycia w \u0142\u0105czniku.<\/li>\n\n\n\n<li>10 Warsztat Terapii Zaj\u0119ciowej Wsp\u00f3lnota zaprasza na kiermasz, kt\u00f3ry jest w \u0142\u0105czniku<\/li>\n<\/ol>\n<\/div>\n<\/div>\n<\/div>\n<\/div>\n\n\n\n<p><\/p>\n","protected":false},"excerpt":{"rendered":"","protected":false},"author":2,"featured_media":25071,"comment_status":"closed","ping_status":"open","sticky":false,"template":"","format":"standard","meta":{"_uag_custom_page_level_css":"","ngg_post_thumbnail":0,"footnotes":""},"categories":[10],"tags":[],"jetpack_featured_media_url":"https:\/\/i0.wp.com\/strachocin.archidiecezja.wroc.pl\/wp-content\/uploads\/2023\/03\/ogloszenia-parafia.png?fit=615%2C664&ssl=1","uagb_featured_image_src":{"full":["https:\/\/i0.wp.com\/strachocin.archidiecezja.wroc.pl\/wp-content\/uploads\/2023\/03\/ogloszenia-parafia.png?fit=615%2C664&ssl=1",615,664,false],"thumbnail":["https:\/\/i0.wp.com\/strachocin.archidiecezja.wroc.pl\/wp-content\/uploads\/2023\/03\/ogloszenia-parafia.png?resize=150%2C150&ssl=1",150,150,true],"medium":["https:\/\/i0.wp.com\/strachocin.archidiecezja.wroc.pl\/wp-content\/uploads\/2023\/03\/ogloszenia-parafia.png?fit=278%2C300&ssl=1",278,300,true],"medium_large":["https:\/\/i0.wp.com\/strachocin.archidiecezja.wroc.pl\/wp-content\/uploads\/2023\/03\/ogloszenia-parafia.png?fit=615%2C664&ssl=1",615,664,true],"large":["https:\/\/i0.wp.com\/strachocin.archidiecezja.wroc.pl\/wp-content\/uploads\/2023\/03\/ogloszenia-parafia.png?fit=615%2C664&ssl=1",615,664,true],"1536x1536":["https:\/\/i0.wp.com\/strachocin.archidiecezja.wroc.pl\/wp-content\/uploads\/2023\/03\/ogloszenia-parafia.png?fit=615%2C664&ssl=1",615,664,true],"2048x2048":["https:\/\/i0.wp.com\/strachocin.archidiecezja.wroc.pl\/wp-content\/uploads\/2023\/03\/ogloszenia-parafia.png?fit=615%2C664&ssl=1",615,664,true],"hestia-blog":["https:\/\/i0.wp.com\/strachocin.archidiecezja.wroc.pl\/wp-content\/uploads\/2023\/03\/ogloszenia-parafia.png?resize=360%2C240&ssl=1",360,240,true]},"uagb_author_info":{"display_name":"Proboszcz","author_link":"https:\/\/strachocin.archidiecezja.wroc.pl\/?author=2"},"uagb_comment_info":0,"uagb_excerpt":null,"_links":{"self":[{"href":"https:\/\/strachocin.archidiecezja.wroc.pl\/index.php?rest_route=\/wp\/v2\/posts\/26546"}],"collection":[{"href":"https:\/\/strachocin.archidiecezja.wroc.pl\/index.php?rest_route=\/wp\/v2\/posts"}],"about":[{"href":"https:\/\/strachocin.archidiecezja.wroc.pl\/index.php?rest_route=\/wp\/v2\/types\/post"}],"author":[{"embeddable":true,"href":"https:\/\/strachocin.archidiecezja.wroc.pl\/index.php?rest_route=\/wp\/v2\/users\/2"}],"replies":[{"embeddable":true,"href":"https:\/\/strachocin.archidiecezja.wroc.pl\/index.php?rest_route=%2Fwp%2Fv2%2Fcomments&post=26546"}],"version-history":[{"count":1,"href":"https:\/\/strachocin.archidiecezja.wroc.pl\/index.php?rest_route=\/wp\/v2\/posts\/26546\/revisions"}],"predecessor-version":[{"id":26547,"href":"https:\/\/strachocin.archidiecezja.wroc.pl\/index.php?rest_route=\/wp\/v2\/posts\/26546\/revisions\/26547"}],"wp:featuredmedia":[{"embeddable":true,"href":"https:\/\/strachocin.archidiecezja.wroc.pl\/index.php?rest_route=\/wp\/v2\/media\/25071"}],"wp:attachment":[{"href":"https:\/\/strachocin.archidiecezja.wroc.pl\/index.php?rest_route=%2Fwp%2Fv2%2Fmedia&parent=26546"}],"wp:term":[{"taxonomy":"category","embeddable":true,"href":"https:\/\/strachocin.archidiecezja.wroc.pl\/index.php?rest_route=%2Fwp%2Fv2%2Fcategories&post=26546"},{"taxonomy":"post_tag","embeddable":true,"href":"https:\/\/strachocin.archidiecezja.wroc.pl\/index.php?rest_route=%2Fwp%2Fv2%2Ftags&post=26546"}],"curies":[{"name":"wp","href":"https:\/\/api.w.org\/{rel}","templated":true}]}}