{"id":26536,"date":"2024-12-04T14:22:19","date_gmt":"2024-12-04T13:22:19","guid":{"rendered":"https:\/\/strachocin.archidiecezja.wroc.pl\/?p=26536"},"modified":"2024-12-04T14:22:23","modified_gmt":"2024-12-04T13:22:23","slug":"ogloszenia-parafialne-2-niedziela-adwentu-8-grudnia-2024-r","status":"publish","type":"post","link":"https:\/\/strachocin.archidiecezja.wroc.pl\/?p=26536","title":{"rendered":"OG\u0141OSZENIA PARAFIALNE &#8211; 2 Niedziela Adwentu &#8211; 8 grudnia 2024 r."},"content":{"rendered":"\n<div class=\"wp-block-columns is-layout-flex wp-container-core-columns-is-layout-2 wp-block-columns-is-layout-flex\">\n<div class=\"wp-block-column is-layout-flow wp-block-column-is-layout-flow\" style=\"flex-basis:100%\">\n<div class=\"wp-block-columns is-layout-flex wp-container-core-columns-is-layout-1 wp-block-columns-is-layout-flex\">\n<div class=\"wp-block-column is-layout-flow wp-block-column-is-layout-flow\" style=\"flex-basis:100%\">\n<ol>\n<li>Dzi\u015b:<\/li>\n<\/ol>\n\n\n\n<ul>\n<li>po Mszy \u015bw. o godz. 12.30 spotkanie dzieci komunijnych i ich rodzic\u00f3w (grupa I),<\/li>\n\n\n\n<li>o godz. 17.15 nabo\u017ce\u0144stwo \u2013 Akatyst ku czczi Matki Naj\u015bwi\u0119tszej,<\/li>\n\n\n\n<li>o godz. 19.00 spotkanie kandydat\u00f3w do bierzmowania (grupa starsza).<\/li>\n<\/ul>\n\n\n\n<ol>\n<li>Dzi\u015b po Mszy \u015bw. godz. o 12.30 jest r\u00f3wnie\u017c Rejonowy Dzie\u0144 Wsp\u00f3lnoty Ruchu \u015awiat\u0142o-\u017bycie.<\/li>\n\n\n\n<li>Roraty odprawia\u0107 b\u0119dziemy od poniedzia\u0142ku do soboty o godz. 6.00.<\/li>\n\n\n\n<li>W poniedzia\u0142ek 9 grudnia o godz. 19.00 kolejne spotkanie Kursu Biblijnego. Us\u0142yszymy wyk\u0142ad ks. Rajmunda Pietkiewicza \u201eCzasy Ostateczne\u201d.<\/li>\n\n\n\n<li>Adoracja Naj\u015bwi\u0119tszego Sakramentu:<\/li>\n<\/ol>\n\n\n\n<ul>\n<li>w poniedzia\u0142ek, wtorek i \u015brod\u0119 od Mszy \u015bw. wieczornej do godz. 21.30,<\/li>\n\n\n\n<li>w czwartek od godz. 15.00 do 18.00<\/li>\n<\/ul>\n\n\n\n<ol>\n<li>W czwartek o godz. 19.00 spotkanie modlitewne.<\/li>\n<\/ol>\n\n\n\n<p>7. W pi\u0105tek przed po\u0142udniem Komunia \u015bw. u chorych.<\/p>\n\n\n\n<ol start=\"8\">\n<li>Dzieci i m\u0142odzie\u017c zapraszamy na Msz\u0119 \u015bw. i spotkania w pi\u0105tek o godz. 18.00.<\/li>\n<\/ol>\n\n\n\n<p>9 .W pi\u0105tek po Mszy \u015bw. wieczornej Nabo\u017ce\u0144stwo Fatimskie.<\/p>\n\n\n\n<ol start=\"10\">\n<li>Senior\u00f3w zapraszamy na spotkanie w sobot\u0119 15 grudnia o godz. 10.00<\/li>\n\n\n\n<li>Dzieci komunijne i ich rodzic\u00f3w (grupa II) zapraszamy na spotkanie w przysz\u0142\u0105 niedziel\u0119 po Mszy \u015bw. o godz. 12.30.<\/li>\n\n\n\n<li>Kompania Rodzin zaprasza rodziny z dzie\u0107mi oraz doros\u0142ych na spotkanie w niedziel\u0119 15 grudnia po Mszy \u015bw. o godz. 11.00 Us\u0142yszymy katechez\u0119 pa\u0144stwa Anny i Olgierda Unold\u00f3w \u201eWdzi\u0119czno\u015b\u0107 w komunikacji\u201d.<\/li>\n\n\n\n<li>Bracia i wolontariusze ze wsp\u00f3lnoty z Taize, kt\u00f3rzy pojad\u0105 na Europejskie Spotkanie M\u0142odych do Tallina prosz\u0105 nas, by mogli zatrzyma\u0107 si\u0119 w naszej parafii w Wigili\u0119 Bo\u017cego Narodzenia oraz uczestniczy\u0107 w Pasterce o godz. 21.00. Z mojej strony jest pro\u015bba, by\u015bmy ich ugo\u015bcili w domach podczas wieczerzy wigilijnej. Potrzeba ok trzydziestu rodzin.<br>Je\u017celi kto\u015b jest gotowy do przyj\u0119cia go\u015bci na wigili\u0119, to prosz\u0119 o zg\u0142oszenie w zakrystii.<\/li>\n\n\n\n<li>Op\u0142atki oraz \u015bwiece wigilijne s\u0105 do nabycia w \u0142\u0105czniku.<\/li>\n<\/ol>\n<\/div>\n<\/div>\n<\/div>\n<\/div>\n\n\n\n<p><\/p>\n","protected":false},"excerpt":{"rendered":"<p>7. W pi\u0105tek przed po\u0142udniem Komunia \u015bw. u chorych. 9 .W pi\u0105tek po Mszy \u015bw. wieczornej Nabo\u017ce\u0144stwo Fatimskie.<\/p>\n","protected":false},"author":2,"featured_media":25071,"comment_status":"closed","ping_status":"open","sticky":false,"template":"","format":"standard","meta":{"_uag_custom_page_level_css":"","ngg_post_thumbnail":0,"footnotes":""},"categories":[10],"tags":[],"jetpack_featured_media_url":"https:\/\/i0.wp.com\/strachocin.archidiecezja.wroc.pl\/wp-content\/uploads\/2023\/03\/ogloszenia-parafia.png?fit=615%2C664&ssl=1","uagb_featured_image_src":{"full":["https:\/\/i0.wp.com\/strachocin.archidiecezja.wroc.pl\/wp-content\/uploads\/2023\/03\/ogloszenia-parafia.png?fit=615%2C664&ssl=1",615,664,false],"thumbnail":["https:\/\/i0.wp.com\/strachocin.archidiecezja.wroc.pl\/wp-content\/uploads\/2023\/03\/ogloszenia-parafia.png?resize=150%2C150&ssl=1",150,150,true],"medium":["https:\/\/i0.wp.com\/strachocin.archidiecezja.wroc.pl\/wp-content\/uploads\/2023\/03\/ogloszenia-parafia.png?fit=278%2C300&ssl=1",278,300,true],"medium_large":["https:\/\/i0.wp.com\/strachocin.archidiecezja.wroc.pl\/wp-content\/uploads\/2023\/03\/ogloszenia-parafia.png?fit=615%2C664&ssl=1",615,664,true],"large":["https:\/\/i0.wp.com\/strachocin.archidiecezja.wroc.pl\/wp-content\/uploads\/2023\/03\/ogloszenia-parafia.png?fit=615%2C664&ssl=1",615,664,true],"1536x1536":["https:\/\/i0.wp.com\/strachocin.archidiecezja.wroc.pl\/wp-content\/uploads\/2023\/03\/ogloszenia-parafia.png?fit=615%2C664&ssl=1",615,664,true],"2048x2048":["https:\/\/i0.wp.com\/strachocin.archidiecezja.wroc.pl\/wp-content\/uploads\/2023\/03\/ogloszenia-parafia.png?fit=615%2C664&ssl=1",615,664,true],"hestia-blog":["https:\/\/i0.wp.com\/strachocin.archidiecezja.wroc.pl\/wp-content\/uploads\/2023\/03\/ogloszenia-parafia.png?resize=360%2C240&ssl=1",360,240,true]},"uagb_author_info":{"display_name":"Proboszcz","author_link":"https:\/\/strachocin.archidiecezja.wroc.pl\/?author=2"},"uagb_comment_info":0,"uagb_excerpt":"7. W pi\u0105tek przed po\u0142udniem Komunia \u015bw. u chorych. 9 .W pi\u0105tek po Mszy \u015bw. wieczornej Nabo\u017ce\u0144stwo Fatimskie.","_links":{"self":[{"href":"https:\/\/strachocin.archidiecezja.wroc.pl\/index.php?rest_route=\/wp\/v2\/posts\/26536"}],"collection":[{"href":"https:\/\/strachocin.archidiecezja.wroc.pl\/index.php?rest_route=\/wp\/v2\/posts"}],"about":[{"href":"https:\/\/strachocin.archidiecezja.wroc.pl\/index.php?rest_route=\/wp\/v2\/types\/post"}],"author":[{"embeddable":true,"href":"https:\/\/strachocin.archidiecezja.wroc.pl\/index.php?rest_route=\/wp\/v2\/users\/2"}],"replies":[{"embeddable":true,"href":"https:\/\/strachocin.archidiecezja.wroc.pl\/index.php?rest_route=%2Fwp%2Fv2%2Fcomments&post=26536"}],"version-history":[{"count":2,"href":"https:\/\/strachocin.archidiecezja.wroc.pl\/index.php?rest_route=\/wp\/v2\/posts\/26536\/revisions"}],"predecessor-version":[{"id":26540,"href":"https:\/\/strachocin.archidiecezja.wroc.pl\/index.php?rest_route=\/wp\/v2\/posts\/26536\/revisions\/26540"}],"wp:featuredmedia":[{"embeddable":true,"href":"https:\/\/strachocin.archidiecezja.wroc.pl\/index.php?rest_route=\/wp\/v2\/media\/25071"}],"wp:attachment":[{"href":"https:\/\/strachocin.archidiecezja.wroc.pl\/index.php?rest_route=%2Fwp%2Fv2%2Fmedia&parent=26536"}],"wp:term":[{"taxonomy":"category","embeddable":true,"href":"https:\/\/strachocin.archidiecezja.wroc.pl\/index.php?rest_route=%2Fwp%2Fv2%2Fcategories&post=26536"},{"taxonomy":"post_tag","embeddable":true,"href":"https:\/\/strachocin.archidiecezja.wroc.pl\/index.php?rest_route=%2Fwp%2Fv2%2Ftags&post=26536"}],"curies":[{"name":"wp","href":"https:\/\/api.w.org\/{rel}","templated":true}]}}