{"id":26263,"date":"2024-08-24T21:42:29","date_gmt":"2024-08-24T19:42:29","guid":{"rendered":"https:\/\/strachocin.archidiecezja.wroc.pl\/?p=26263"},"modified":"2024-08-24T21:42:31","modified_gmt":"2024-08-24T19:42:31","slug":"ogloszenia-parafialne-21-niedziela-zwykla-25-sierpnia-2024-r","status":"publish","type":"post","link":"https:\/\/strachocin.archidiecezja.wroc.pl\/?p=26263","title":{"rendered":"OG\u0141OSZENIA PARAFIALNE &#8211; 21 Niedziela Zwyk\u0142a &#8211; 25 sierpnia 2024 r."},"content":{"rendered":"\n<p> <\/p>\n\n\n\n<p>1. Adoracja Naj\u015bwi\u0119tszego Sakramentu:<\/p>\n\n\n\n<p>&#8211; w poniedzia\u0142ek, wtorek i \u015brod\u0119 &nbsp;&nbsp; od Mszy \u015bw. wieczornej do godz. 21.30,<\/p>\n\n\n\n<p>We wtorek podczas adoracji dy\u017cur modlitwy wstawienniczej.<\/p>\n\n\n\n<p>2. W czwartek o godz. 19.00 spotkanie modlitewne.<\/p>\n\n\n\n<p>3. W przysz\u0142\u0105 niedziel\u0119:<\/p>\n\n\n\n<p>&#8211; przed Msz\u0105 \u015bw. o godz. 9.30 zmiana Tajemnic R\u00f3\u017ca\u0144cowych<\/p>\n\n\n\n<p>&#8211; po Mszy \u015bw. o godz. 12.30 adoracja Naj\u015bwi\u0119tszego Sakramentu<\/p>\n\n\n\n<p>&#8211; taca b\u0119dzie przeznaczona na prace remontowe<\/p>\n\n\n\n<p>4. Rodzic\u00f3w&nbsp; dzieci komunijnych z klas trzecich zapraszamy na spotkanie organizacyjne w niedziel\u0119 8 wrze\u015bnia po Mszy \u015bw. o godz. 12.00.<\/p>\n\n\n\n<p>Rodzic\u00f3w zainteresowanych wczesn\u0105 Komuni\u0105 \u015bw. zapraszamy na spotkanie w niedziel\u0119 8 wrze\u015bnia po Mszy \u015bw. o godz. 11.00.<\/p>\n\n\n\n<p>5. Odpust parafialny prze\u017cywa\u0107 b\u0119dziemy w niedziel\u0119 15 wrze\u015bnia. Natomiast w sobot\u0119 14 wrze\u015bnia odb\u0119dzie si\u0119 piknik parafialny. &nbsp;&nbsp;<\/p>\n\n\n\n<p id=\"block-5b1f8861-173f-4bc9-a418-5db27bd55fe8\"><\/p>\n\n\n\n<div class=\"wp-block-columns is-layout-flex wp-container-core-columns-is-layout-2 wp-block-columns-is-layout-flex\">\n<div class=\"wp-block-column is-layout-flow wp-block-column-is-layout-flow\" style=\"flex-basis:100%\">\n<div class=\"wp-block-columns is-layout-flex wp-container-core-columns-is-layout-1 wp-block-columns-is-layout-flex\">\n<div class=\"wp-block-column is-layout-flow wp-block-column-is-layout-flow\" style=\"flex-basis:100%\">\n<p><\/p>\n<\/div>\n<\/div>\n<\/div>\n<\/div>\n\n\n\n<p><\/p>\n","protected":false},"excerpt":{"rendered":"<p>1. Adoracja Naj\u015bwi\u0119tszego Sakramentu: &#8211; w poniedzia\u0142ek, wtorek i \u015brod\u0119 &nbsp;&nbsp; od Mszy \u015bw. wieczornej do godz. 21.30, We wtorek podczas adoracji dy\u017cur modlitwy wstawienniczej. 2. W czwartek o godz. 19.00 spotkanie modlitewne. 3. W przysz\u0142\u0105 niedziel\u0119: &#8211; przed Msz\u0105 \u015bw. o godz. 9.30 zmiana Tajemnic R\u00f3\u017ca\u0144cowych &#8211; po Mszy [&hellip;]<\/p>\n","protected":false},"author":2,"featured_media":25071,"comment_status":"closed","ping_status":"open","sticky":false,"template":"","format":"standard","meta":{"_uag_custom_page_level_css":"","ngg_post_thumbnail":0,"footnotes":""},"categories":[10],"tags":[],"jetpack_featured_media_url":"https:\/\/i0.wp.com\/strachocin.archidiecezja.wroc.pl\/wp-content\/uploads\/2023\/03\/ogloszenia-parafia.png?fit=615%2C664&ssl=1","uagb_featured_image_src":{"full":["https:\/\/i0.wp.com\/strachocin.archidiecezja.wroc.pl\/wp-content\/uploads\/2023\/03\/ogloszenia-parafia.png?fit=615%2C664&ssl=1",615,664,false],"thumbnail":["https:\/\/i0.wp.com\/strachocin.archidiecezja.wroc.pl\/wp-content\/uploads\/2023\/03\/ogloszenia-parafia.png?resize=150%2C150&ssl=1",150,150,true],"medium":["https:\/\/i0.wp.com\/strachocin.archidiecezja.wroc.pl\/wp-content\/uploads\/2023\/03\/ogloszenia-parafia.png?fit=278%2C300&ssl=1",278,300,true],"medium_large":["https:\/\/i0.wp.com\/strachocin.archidiecezja.wroc.pl\/wp-content\/uploads\/2023\/03\/ogloszenia-parafia.png?fit=615%2C664&ssl=1",615,664,true],"large":["https:\/\/i0.wp.com\/strachocin.archidiecezja.wroc.pl\/wp-content\/uploads\/2023\/03\/ogloszenia-parafia.png?fit=615%2C664&ssl=1",615,664,true],"1536x1536":["https:\/\/i0.wp.com\/strachocin.archidiecezja.wroc.pl\/wp-content\/uploads\/2023\/03\/ogloszenia-parafia.png?fit=615%2C664&ssl=1",615,664,true],"2048x2048":["https:\/\/i0.wp.com\/strachocin.archidiecezja.wroc.pl\/wp-content\/uploads\/2023\/03\/ogloszenia-parafia.png?fit=615%2C664&ssl=1",615,664,true],"hestia-blog":["https:\/\/i0.wp.com\/strachocin.archidiecezja.wroc.pl\/wp-content\/uploads\/2023\/03\/ogloszenia-parafia.png?resize=360%2C240&ssl=1",360,240,true]},"uagb_author_info":{"display_name":"Proboszcz","author_link":"https:\/\/strachocin.archidiecezja.wroc.pl\/?author=2"},"uagb_comment_info":0,"uagb_excerpt":"1. Adoracja Naj\u015bwi\u0119tszego Sakramentu: &#8211; w poniedzia\u0142ek, wtorek i \u015brod\u0119 &nbsp;&nbsp; od Mszy \u015bw. wieczornej do godz. 21.30, We wtorek podczas adoracji dy\u017cur modlitwy wstawienniczej. 2. W czwartek o godz. 19.00 spotkanie modlitewne. 3. W przysz\u0142\u0105 niedziel\u0119: &#8211; przed Msz\u0105 \u015bw. o godz. 9.30 zmiana Tajemnic R\u00f3\u017ca\u0144cowych &#8211; po Mszy [&hellip;]","_links":{"self":[{"href":"https:\/\/strachocin.archidiecezja.wroc.pl\/index.php?rest_route=\/wp\/v2\/posts\/26263"}],"collection":[{"href":"https:\/\/strachocin.archidiecezja.wroc.pl\/index.php?rest_route=\/wp\/v2\/posts"}],"about":[{"href":"https:\/\/strachocin.archidiecezja.wroc.pl\/index.php?rest_route=\/wp\/v2\/types\/post"}],"author":[{"embeddable":true,"href":"https:\/\/strachocin.archidiecezja.wroc.pl\/index.php?rest_route=\/wp\/v2\/users\/2"}],"replies":[{"embeddable":true,"href":"https:\/\/strachocin.archidiecezja.wroc.pl\/index.php?rest_route=%2Fwp%2Fv2%2Fcomments&post=26263"}],"version-history":[{"count":1,"href":"https:\/\/strachocin.archidiecezja.wroc.pl\/index.php?rest_route=\/wp\/v2\/posts\/26263\/revisions"}],"predecessor-version":[{"id":26295,"href":"https:\/\/strachocin.archidiecezja.wroc.pl\/index.php?rest_route=\/wp\/v2\/posts\/26263\/revisions\/26295"}],"wp:featuredmedia":[{"embeddable":true,"href":"https:\/\/strachocin.archidiecezja.wroc.pl\/index.php?rest_route=\/wp\/v2\/media\/25071"}],"wp:attachment":[{"href":"https:\/\/strachocin.archidiecezja.wroc.pl\/index.php?rest_route=%2Fwp%2Fv2%2Fmedia&parent=26263"}],"wp:term":[{"taxonomy":"category","embeddable":true,"href":"https:\/\/strachocin.archidiecezja.wroc.pl\/index.php?rest_route=%2Fwp%2Fv2%2Fcategories&post=26263"},{"taxonomy":"post_tag","embeddable":true,"href":"https:\/\/strachocin.archidiecezja.wroc.pl\/index.php?rest_route=%2Fwp%2Fv2%2Ftags&post=26263"}],"curies":[{"name":"wp","href":"https:\/\/api.w.org\/{rel}","templated":true}]}}