{"id":26183,"date":"2024-06-01T21:23:22","date_gmt":"2024-06-01T19:23:22","guid":{"rendered":"https:\/\/strachocin.archidiecezja.wroc.pl\/?p=26183"},"modified":"2024-06-01T21:23:26","modified_gmt":"2024-06-01T19:23:26","slug":"ogloszenia-parafialne-9-niedziela-zwykla-2-czerwca-2024-r","status":"publish","type":"post","link":"https:\/\/strachocin.archidiecezja.wroc.pl\/?p=26183","title":{"rendered":"OG\u0141OSZENIA PARAFIALNE -9 Niedziela Zwyk\u0142a &#8211; 2 czerwca 2024 r."},"content":{"rendered":"\n<p>1. Dzi\u015b:<\/p>\n\n\n\n<p>&#8211; przed Msz\u0105 \u015bw. o godz. 9.30 zmiana Tajemnic R\u00f3\u017ca\u0144cowych,<\/p>\n\n\n\n<p>&#8211; adoracja Naj\u015bwi\u0119tszego Sakramentu od godz. 15.00,<\/p>\n\n\n\n<p>&#8211; o 17.30 nabo\u017ce\u0144stwo czerwcowe, &nbsp;<\/p>\n\n\n\n<p>&#8211; o godz. 19.00 spotkanie kandydat\u00f3w do bierzmowania (grupa starsza).<\/p>\n\n\n\n<p>2. Zapraszamy na koncert organowy o godz. 13.30. Duet organist\u00f3w, Aleksandra i Mariusz Kozie\u0142, zaprezentuj\u0105 muzyk\u0119 kompozytor\u00f3w od XVIII do XX wieku, w opracowaniach na organy solo i na cztery r\u0119ce.<\/p>\n\n\n\n<p>3. Nabo\u017ce\u0144stwa czerwcowe odprawiamy:<\/p>\n\n\n\n<p>od poniedzia\u0142ku do \u015brody&nbsp;&nbsp;&nbsp;&nbsp;&nbsp;&nbsp;&nbsp;&nbsp;&nbsp;&nbsp;&nbsp;&nbsp;&nbsp;&nbsp;&nbsp;&nbsp;&nbsp;&nbsp;&nbsp;&nbsp;&nbsp;&nbsp;&nbsp;&nbsp;&nbsp;&nbsp; po Mszach \u015bw. wieczornych<\/p>\n\n\n\n<p>od czwartku do soboty&nbsp; &nbsp;&nbsp;&nbsp;&nbsp;&nbsp;&nbsp;&nbsp;&nbsp;&nbsp;&nbsp;&nbsp;&nbsp;&nbsp;&nbsp; &nbsp;&nbsp;&nbsp;&nbsp;&nbsp;&nbsp;&nbsp;&nbsp;&nbsp;&nbsp;&nbsp;&nbsp;&nbsp;&nbsp; po Mszach \u015bw. porannych<\/p>\n\n\n\n<p>w niedziele&nbsp;&nbsp;&nbsp;&nbsp;&nbsp;&nbsp;&nbsp;&nbsp;&nbsp;&nbsp;&nbsp;&nbsp;&nbsp;&nbsp;&nbsp;&nbsp;&nbsp;&nbsp;&nbsp;&nbsp;&nbsp;&nbsp;&nbsp;&nbsp;&nbsp;&nbsp;&nbsp;&nbsp;&nbsp;&nbsp;&nbsp;&nbsp;&nbsp;&nbsp;&nbsp;&nbsp;&nbsp;&nbsp;&nbsp;&nbsp;&nbsp;&nbsp;&nbsp;&nbsp;&nbsp;&nbsp;&nbsp;&nbsp;&nbsp;&nbsp;&nbsp;&nbsp; o godz. 17.30&nbsp;&nbsp;&nbsp;&nbsp;<\/p>\n\n\n\n<p>4. Adoracja Naj\u015bwi\u0119tszego Sakramentu:<\/p>\n\n\n\n<p>&#8211; w poniedzia\u0142ek, wtorek i \u015brod\u0119 &nbsp;&nbsp;&nbsp;&nbsp;&nbsp;&nbsp;&nbsp;&nbsp;&nbsp;&nbsp;&nbsp; od Mszy \u015bw. wieczornej do godz. 21.30,<\/p>\n\n\n\n<p>&#8211; w czwartek&nbsp;&nbsp;&nbsp;&nbsp;&nbsp;&nbsp;&nbsp;&nbsp;&nbsp;&nbsp;&nbsp;&nbsp;&nbsp;&nbsp;&nbsp;&nbsp;&nbsp;&nbsp;&nbsp;&nbsp;&nbsp;&nbsp;&nbsp;&nbsp;&nbsp;&nbsp;&nbsp;&nbsp;&nbsp;&nbsp;&nbsp;&nbsp;&nbsp;&nbsp;&nbsp;&nbsp;&nbsp;&nbsp;&nbsp;&nbsp;&nbsp;&nbsp;&nbsp;&nbsp;&nbsp;&nbsp;&nbsp;&nbsp;&nbsp; od godz. 15.00 do 18.00.<\/p>\n\n\n\n<p>We wtorek podczas adoracji dy\u017cur modlitwy wstawienniczej.<\/p>\n\n\n\n<p>5. Wsp\u00f3lnota Emaus zaprasza w czwartek na spotkanie modlitewne.<\/p>\n\n\n\n<p>6. W pi\u0105tek przed po\u0142udniem Komunia \u015bw. u chorych.<\/p>\n\n\n\n<p>7. Spowied\u017a \u015bw. w pi\u0105tek od godz. 17.00.<\/p>\n\n\n\n<p>8. Dzieci m\u0142odzie\u017c oraz wszystkich doros\u0142ych zapraszamy na Msz\u0119 \u015bw., adoracj\u0119 Naj\u015bwi\u0119tszego Sakramentu i wsp\u00f3lne uwielbienie w pi\u0105tek o godz. 18.00.<\/p>\n\n\n\n<p>9. Senior\u00f3w zapraszamy na spotkanie w sobot\u0119 8 czerwca o godz. 10.00. Tym razem pan Andrzej Mas zaprezentuje film o Ziemi \u015awi\u0119tej.<\/p>\n\n\n\n<p>10. Zapraszamy na weekend ojca z dzie\u0107mi z nocowaniem w lesie &#8211; w dniach 8-9 czerwca w okolicach Kotowic. Szczeg\u00f3\u0142y i zapisy na stronie Parafii i plakatach.<\/p>\n\n\n\n<p>11. Panie zapraszamy na Boskie Spotkanie Kobiet w sobot\u0119 8 czerwca o godz. 16.00. &nbsp;w sali na g\u00f3rze. Temat spotkania: Biblijne matki.&nbsp;<\/p>\n\n\n\n<p>12. W przysz\u0142\u0105 niedziel\u0119 rozpoczn\u0105 si\u0119 Renowacje Misji \u015awi\u0119tych. &nbsp;Nauki b\u0119d\u0105 g\u0142osi\u0107 ojcowie dominikanie Tomasz Nowak oraz Mateusz Kosior.<\/p>\n\n\n\n<p>Porz\u0105dek Renowacji:<\/p>\n\n\n\n<p>W niedziel\u0119 nauki podczas wszystkich Mszy \u015bw. O 19.00 spotkanie wszystkich kandydat\u00f3w do bierzmowania.<\/p>\n\n\n\n<p>Od poniedzia\u0142ku do \u015brody Msze \u015bw. z naukami o godz. 9.30, 18.00 i 19.30.<\/p>\n\n\n\n<p>Modlitwa wieczorna o godz. 20.30.<\/p>\n\n\n\n<p>13. W przysz\u0142\u0105 niedziel\u0119 o godz. 11.00 prze\u017cywa\u0107 b\u0119dziemy Rocznic\u0119 I Komunii \u015bw.<\/p>\n\n\n\n<p>Pr\u00f3ba przed uroczysto\u015bci\u0105 w czwartek o godz. 17.00. Spowied\u017a \u015bw. w pi\u0105tek od godz. 17.00 oraz w sobot\u0119 od godz. 10.00 do 11.00.<\/p>\n\n\n\n<p>14. W sobot\u0119 15 czerwca 1. i 14. Dru\u017cyna Wroc\u0142awska Skaut\u00f3w Europy zaprasza dziewczyny i ch\u0142opak\u00f3w w wieku 11-16 lat na otwart\u0105 zbi\u00f3rk\u0119, gdzie b\u0119d\u0105 mogli do\u015bwiadczy\u0107 przygody w harcerskim stylu. Na miejscu wraz z zast\u0119pami b\u0119d\u0105 dru\u017cynowi, kt\u00f3rzy ch\u0119tnie opowiedz\u0105 zainteresowanym rodzicom o tym jak dzia\u0142a Skauting, czyli Stowarzyszenie Harcerstwa Katolickiego &#8222;Zawisza&#8221; Federacji Skautingu Europejskiego.<\/p>\n\n\n\n<p>Zapisy w zakrystii lub u Dru\u017cynowej Anny Klin &#8211; telefon kontaktowy na plakacie.<\/p>\n\n\n\n<p>14. Kolejne spotkanie grupy wsparcia opiekun\u00f3w os\u00f3b chorych i starszych odb\u0119dzie si\u0119 15 czerwca o 15.45. Temat czerwcowy brzmi: &#8222;Wdzi\u0119czno\u015b\u0107 &#8211; do czego jest nam potrzebna?&#8221;<\/p>\n\n\n\n<p>15. Dzieci i m\u0142odzie\u017c zapraszamy na rekolekcje wakacyjne w dniach od 27 lipca do 3 sierpnia w Zembrzycach. Informacje i zapisy na stronie internetowej parafii.<\/p>\n\n\n\n<div class=\"wp-block-columns is-layout-flex wp-container-core-columns-is-layout-2 wp-block-columns-is-layout-flex\">\n<div class=\"wp-block-column is-layout-flow wp-block-column-is-layout-flow\" style=\"flex-basis:100%\">\n<div class=\"wp-block-columns is-layout-flex wp-container-core-columns-is-layout-1 wp-block-columns-is-layout-flex\">\n<div class=\"wp-block-column is-layout-flow wp-block-column-is-layout-flow\" style=\"flex-basis:100%\">\n<p><\/p>\n<\/div>\n<\/div>\n<\/div>\n<\/div>\n\n\n\n<p><\/p>\n","protected":false},"excerpt":{"rendered":"<p>1. Dzi\u015b: &#8211; przed Msz\u0105 \u015bw. o godz. 9.30 zmiana Tajemnic R\u00f3\u017ca\u0144cowych, &#8211; adoracja Naj\u015bwi\u0119tszego Sakramentu od godz. 15.00, &#8211; o 17.30 nabo\u017ce\u0144stwo czerwcowe, &nbsp; &#8211; o godz. 19.00 spotkanie kandydat\u00f3w do bierzmowania (grupa starsza). 2. Zapraszamy na koncert organowy o godz. 13.30. Duet organist\u00f3w, Aleksandra i Mariusz Kozie\u0142, zaprezentuj\u0105 [&hellip;]<\/p>\n","protected":false},"author":2,"featured_media":25071,"comment_status":"closed","ping_status":"open","sticky":false,"template":"","format":"standard","meta":{"_uag_custom_page_level_css":"","ngg_post_thumbnail":0,"footnotes":""},"categories":[10],"tags":[],"jetpack_featured_media_url":"https:\/\/i0.wp.com\/strachocin.archidiecezja.wroc.pl\/wp-content\/uploads\/2023\/03\/ogloszenia-parafia.png?fit=615%2C664&ssl=1","uagb_featured_image_src":{"full":["https:\/\/i0.wp.com\/strachocin.archidiecezja.wroc.pl\/wp-content\/uploads\/2023\/03\/ogloszenia-parafia.png?fit=615%2C664&ssl=1",615,664,false],"thumbnail":["https:\/\/i0.wp.com\/strachocin.archidiecezja.wroc.pl\/wp-content\/uploads\/2023\/03\/ogloszenia-parafia.png?resize=150%2C150&ssl=1",150,150,true],"medium":["https:\/\/i0.wp.com\/strachocin.archidiecezja.wroc.pl\/wp-content\/uploads\/2023\/03\/ogloszenia-parafia.png?fit=278%2C300&ssl=1",278,300,true],"medium_large":["https:\/\/i0.wp.com\/strachocin.archidiecezja.wroc.pl\/wp-content\/uploads\/2023\/03\/ogloszenia-parafia.png?fit=615%2C664&ssl=1",615,664,true],"large":["https:\/\/i0.wp.com\/strachocin.archidiecezja.wroc.pl\/wp-content\/uploads\/2023\/03\/ogloszenia-parafia.png?fit=615%2C664&ssl=1",615,664,true],"1536x1536":["https:\/\/i0.wp.com\/strachocin.archidiecezja.wroc.pl\/wp-content\/uploads\/2023\/03\/ogloszenia-parafia.png?fit=615%2C664&ssl=1",615,664,true],"2048x2048":["https:\/\/i0.wp.com\/strachocin.archidiecezja.wroc.pl\/wp-content\/uploads\/2023\/03\/ogloszenia-parafia.png?fit=615%2C664&ssl=1",615,664,true],"hestia-blog":["https:\/\/i0.wp.com\/strachocin.archidiecezja.wroc.pl\/wp-content\/uploads\/2023\/03\/ogloszenia-parafia.png?resize=360%2C240&ssl=1",360,240,true]},"uagb_author_info":{"display_name":"Proboszcz","author_link":"https:\/\/strachocin.archidiecezja.wroc.pl\/?author=2"},"uagb_comment_info":0,"uagb_excerpt":"1. Dzi\u015b: &#8211; przed Msz\u0105 \u015bw. o godz. 9.30 zmiana Tajemnic R\u00f3\u017ca\u0144cowych, &#8211; adoracja Naj\u015bwi\u0119tszego Sakramentu od godz. 15.00, &#8211; o 17.30 nabo\u017ce\u0144stwo czerwcowe, &nbsp; &#8211; o godz. 19.00 spotkanie kandydat\u00f3w do bierzmowania (grupa starsza). 2. Zapraszamy na koncert organowy o godz. 13.30. Duet organist\u00f3w, Aleksandra i Mariusz Kozie\u0142, zaprezentuj\u0105 [&hellip;]","_links":{"self":[{"href":"https:\/\/strachocin.archidiecezja.wroc.pl\/index.php?rest_route=\/wp\/v2\/posts\/26183"}],"collection":[{"href":"https:\/\/strachocin.archidiecezja.wroc.pl\/index.php?rest_route=\/wp\/v2\/posts"}],"about":[{"href":"https:\/\/strachocin.archidiecezja.wroc.pl\/index.php?rest_route=\/wp\/v2\/types\/post"}],"author":[{"embeddable":true,"href":"https:\/\/strachocin.archidiecezja.wroc.pl\/index.php?rest_route=\/wp\/v2\/users\/2"}],"replies":[{"embeddable":true,"href":"https:\/\/strachocin.archidiecezja.wroc.pl\/index.php?rest_route=%2Fwp%2Fv2%2Fcomments&post=26183"}],"version-history":[{"count":1,"href":"https:\/\/strachocin.archidiecezja.wroc.pl\/index.php?rest_route=\/wp\/v2\/posts\/26183\/revisions"}],"predecessor-version":[{"id":26184,"href":"https:\/\/strachocin.archidiecezja.wroc.pl\/index.php?rest_route=\/wp\/v2\/posts\/26183\/revisions\/26184"}],"wp:featuredmedia":[{"embeddable":true,"href":"https:\/\/strachocin.archidiecezja.wroc.pl\/index.php?rest_route=\/wp\/v2\/media\/25071"}],"wp:attachment":[{"href":"https:\/\/strachocin.archidiecezja.wroc.pl\/index.php?rest_route=%2Fwp%2Fv2%2Fmedia&parent=26183"}],"wp:term":[{"taxonomy":"category","embeddable":true,"href":"https:\/\/strachocin.archidiecezja.wroc.pl\/index.php?rest_route=%2Fwp%2Fv2%2Fcategories&post=26183"},{"taxonomy":"post_tag","embeddable":true,"href":"https:\/\/strachocin.archidiecezja.wroc.pl\/index.php?rest_route=%2Fwp%2Fv2%2Ftags&post=26183"}],"curies":[{"name":"wp","href":"https:\/\/api.w.org\/{rel}","templated":true}]}}