{"id":26176,"date":"2024-06-01T21:09:41","date_gmt":"2024-06-01T19:09:41","guid":{"rendered":"https:\/\/strachocin.archidiecezja.wroc.pl\/?p=26176"},"modified":"2024-06-01T21:09:46","modified_gmt":"2024-06-01T19:09:46","slug":"skauci-europy-zapraszaja","status":"publish","type":"post","link":"https:\/\/strachocin.archidiecezja.wroc.pl\/?p=26176","title":{"rendered":"SKAUCI EUROPY ZAPRASZAJ\u0104"},"content":{"rendered":"\n<figure class=\"wp-block-image size-large\"><img loading=\"lazy\" decoding=\"async\" width=\"724\" height=\"1024\" src=\"https:\/\/i0.wp.com\/strachocin.archidiecezja.wroc.pl\/wp-content\/uploads\/2024\/06\/skauci-15.06.jpg?resize=724%2C1024&#038;ssl=1\" alt=\"\" class=\"wp-image-26179\" srcset=\"https:\/\/i0.wp.com\/strachocin.archidiecezja.wroc.pl\/wp-content\/uploads\/2024\/06\/skauci-15.06.jpg?resize=724%2C1024&amp;ssl=1 724w, https:\/\/i0.wp.com\/strachocin.archidiecezja.wroc.pl\/wp-content\/uploads\/2024\/06\/skauci-15.06.jpg?resize=212%2C300&amp;ssl=1 212w, https:\/\/i0.wp.com\/strachocin.archidiecezja.wroc.pl\/wp-content\/uploads\/2024\/06\/skauci-15.06.jpg?resize=768%2C1086&amp;ssl=1 768w, https:\/\/i0.wp.com\/strachocin.archidiecezja.wroc.pl\/wp-content\/uploads\/2024\/06\/skauci-15.06.jpg?resize=1086%2C1536&amp;ssl=1 1086w, https:\/\/i0.wp.com\/strachocin.archidiecezja.wroc.pl\/wp-content\/uploads\/2024\/06\/skauci-15.06.jpg?w=1448&amp;ssl=1 1448w\" sizes=\"(max-width: 724px) 100vw, 724px\" data-recalc-dims=\"1\" \/><\/figure>\n\n\n\n<blockquote class=\"wp-block-quote is-layout-flow wp-block-quote-is-layout-flow\">\n<p>15 czerwca (sobota) 1. i 14. Dru\u017cyna Wroc\u0142awska Skaut\u00f3w Europy zaprasza dziewczyny i ch\u0142opak\u00f3w w wieku 11-16 lat na otwart\u0105 zbi\u00f3rk\u0119, gdzie b\u0119d\u0105 mogli do\u015bwiadczy\u0107 przygody w harcerskim stylu. Na miejscu wraz z zast\u0119pami b\u0119d\u0105 dru\u017cynowi, kt\u00f3rzy ch\u0119tnie opowiedz\u0105 zainteresowanym rodzicom o tym jak dzia\u0142a Skauting, czyli Stowarzyszenie Harcerstwa Katolickiego &#8222;Zawisza&#8221; Federacji Skautingu Europejskiego.<\/p>\n\n\n\n<p>Zapisy w zakrystii lub u Dru\u017cynowej Anny Klin &#8211; telefon kontaktowy na plakacie.<\/p>\n<\/blockquote>\n","protected":false},"excerpt":{"rendered":"<p>15 czerwca (sobota) 1. i 14. Dru\u017cyna Wroc\u0142awska Skaut\u00f3w Europy zaprasza dziewczyny i ch\u0142opak\u00f3w w wieku 11-16 lat na otwart\u0105 zbi\u00f3rk\u0119, gdzie b\u0119d\u0105 mogli do\u015bwiadczy\u0107 przygody w harcerskim stylu. Na miejscu wraz z zast\u0119pami b\u0119d\u0105 dru\u017cynowi, kt\u00f3rzy ch\u0119tnie opowiedz\u0105 zainteresowanym rodzicom o tym jak dzia\u0142a Skauting, czyli Stowarzyszenie Harcerstwa Katolickiego [&hellip;]<\/p>\n","protected":false},"author":2,"featured_media":26179,"comment_status":"closed","ping_status":"open","sticky":false,"template":"","format":"standard","meta":{"_uag_custom_page_level_css":"","ngg_post_thumbnail":0,"footnotes":""},"categories":[12],"tags":[],"jetpack_featured_media_url":"https:\/\/i0.wp.com\/strachocin.archidiecezja.wroc.pl\/wp-content\/uploads\/2024\/06\/skauci-15.06.jpg?fit=1448%2C2048&ssl=1","uagb_featured_image_src":{"full":["https:\/\/i0.wp.com\/strachocin.archidiecezja.wroc.pl\/wp-content\/uploads\/2024\/06\/skauci-15.06.jpg?fit=1448%2C2048&ssl=1",1448,2048,false],"thumbnail":["https:\/\/i0.wp.com\/strachocin.archidiecezja.wroc.pl\/wp-content\/uploads\/2024\/06\/skauci-15.06.jpg?resize=150%2C150&ssl=1",150,150,true],"medium":["https:\/\/i0.wp.com\/strachocin.archidiecezja.wroc.pl\/wp-content\/uploads\/2024\/06\/skauci-15.06.jpg?fit=212%2C300&ssl=1",212,300,true],"medium_large":["https:\/\/i0.wp.com\/strachocin.archidiecezja.wroc.pl\/wp-content\/uploads\/2024\/06\/skauci-15.06.jpg?fit=750%2C1061&ssl=1",750,1061,true],"large":["https:\/\/i0.wp.com\/strachocin.archidiecezja.wroc.pl\/wp-content\/uploads\/2024\/06\/skauci-15.06.jpg?fit=724%2C1024&ssl=1",724,1024,true],"1536x1536":["https:\/\/i0.wp.com\/strachocin.archidiecezja.wroc.pl\/wp-content\/uploads\/2024\/06\/skauci-15.06.jpg?fit=1086%2C1536&ssl=1",1086,1536,true],"2048x2048":["https:\/\/i0.wp.com\/strachocin.archidiecezja.wroc.pl\/wp-content\/uploads\/2024\/06\/skauci-15.06.jpg?fit=1448%2C2048&ssl=1",1448,2048,true],"hestia-blog":["https:\/\/i0.wp.com\/strachocin.archidiecezja.wroc.pl\/wp-content\/uploads\/2024\/06\/skauci-15.06.jpg?resize=360%2C240&ssl=1",360,240,true]},"uagb_author_info":{"display_name":"Proboszcz","author_link":"https:\/\/strachocin.archidiecezja.wroc.pl\/?author=2"},"uagb_comment_info":0,"uagb_excerpt":"15 czerwca (sobota) 1. i 14. Dru\u017cyna Wroc\u0142awska Skaut\u00f3w Europy zaprasza dziewczyny i ch\u0142opak\u00f3w w wieku 11-16 lat na otwart\u0105 zbi\u00f3rk\u0119, gdzie b\u0119d\u0105 mogli do\u015bwiadczy\u0107 przygody w harcerskim stylu. Na miejscu wraz z zast\u0119pami b\u0119d\u0105 dru\u017cynowi, kt\u00f3rzy ch\u0119tnie opowiedz\u0105 zainteresowanym rodzicom o tym jak dzia\u0142a Skauting, czyli Stowarzyszenie Harcerstwa Katolickiego [&hellip;]","_links":{"self":[{"href":"https:\/\/strachocin.archidiecezja.wroc.pl\/index.php?rest_route=\/wp\/v2\/posts\/26176"}],"collection":[{"href":"https:\/\/strachocin.archidiecezja.wroc.pl\/index.php?rest_route=\/wp\/v2\/posts"}],"about":[{"href":"https:\/\/strachocin.archidiecezja.wroc.pl\/index.php?rest_route=\/wp\/v2\/types\/post"}],"author":[{"embeddable":true,"href":"https:\/\/strachocin.archidiecezja.wroc.pl\/index.php?rest_route=\/wp\/v2\/users\/2"}],"replies":[{"embeddable":true,"href":"https:\/\/strachocin.archidiecezja.wroc.pl\/index.php?rest_route=%2Fwp%2Fv2%2Fcomments&post=26176"}],"version-history":[{"count":1,"href":"https:\/\/strachocin.archidiecezja.wroc.pl\/index.php?rest_route=\/wp\/v2\/posts\/26176\/revisions"}],"predecessor-version":[{"id":26180,"href":"https:\/\/strachocin.archidiecezja.wroc.pl\/index.php?rest_route=\/wp\/v2\/posts\/26176\/revisions\/26180"}],"wp:featuredmedia":[{"embeddable":true,"href":"https:\/\/strachocin.archidiecezja.wroc.pl\/index.php?rest_route=\/wp\/v2\/media\/26179"}],"wp:attachment":[{"href":"https:\/\/strachocin.archidiecezja.wroc.pl\/index.php?rest_route=%2Fwp%2Fv2%2Fmedia&parent=26176"}],"wp:term":[{"taxonomy":"category","embeddable":true,"href":"https:\/\/strachocin.archidiecezja.wroc.pl\/index.php?rest_route=%2Fwp%2Fv2%2Fcategories&post=26176"},{"taxonomy":"post_tag","embeddable":true,"href":"https:\/\/strachocin.archidiecezja.wroc.pl\/index.php?rest_route=%2Fwp%2Fv2%2Ftags&post=26176"}],"curies":[{"name":"wp","href":"https:\/\/api.w.org\/{rel}","templated":true}]}}