{"id":25950,"date":"2024-02-10T23:21:04","date_gmt":"2024-02-10T22:21:04","guid":{"rendered":"https:\/\/strachocin.archidiecezja.wroc.pl\/?p=25950"},"modified":"2024-02-10T23:21:06","modified_gmt":"2024-02-10T22:21:06","slug":"spotkania-dla-seniorow","status":"publish","type":"post","link":"https:\/\/strachocin.archidiecezja.wroc.pl\/?p=25950","title":{"rendered":"SPOTKANIA DLA SENIOR\u00d3W"},"content":{"rendered":"\n<p>Rozpoczynamy cykl spotka\u0144 dedykowanych dla senior\u00f3w (ale zapraszamy te\u017c wszystkich innych ch\u0119tnych). B\u0119dziemy rozmawia\u0107 o zdrowiu, zainteresowaniach, uczy\u0107 si\u0119 nowych umiej\u0119tno\u015bci, zaprasza\u0107 ciekawych ludzi. Na pierwsze spotkanie &nbsp;zaprosili\u015bmy lekarza medycyny rodzinnej Zbigniewa Tyszkowskiego, kt\u00f3ry wraz z \u017con\u0105 sp\u0119dzi\u0142 prawie miesi\u0105c w Befasach na Madagaskarze w&nbsp;ramach wolontariatu&nbsp;medycznego&nbsp;Misji&nbsp;Ojc\u00f3w&nbsp;Oblat\u00f3w oraz&nbsp;Fundacji&nbsp;Redemptoris&nbsp;Missio. Pan doktor opowie o kraju, w kt\u00f3rym skrajne ub\u00f3stwo powoduje, \u017ce &nbsp;ludzie maj\u0105 ograniczony kontakt z lekarzem i cz\u0119sto pierwszy raz w \u017cyciu byli badani.<\/p>\n\n\n\n<p>Spotkanie b\u0119dzie 24 lutego w sobot\u0119 o 10tej po Mszy \u015awi\u0119tej, pos\u0142uchamy relacji, obejrzymy pi\u0119kne zdj\u0119cia. <br><\/p>\n\n\n\n<figure class=\"wp-block-gallery has-nested-images columns-default is-cropped wp-block-gallery-1 is-layout-flex wp-block-gallery-is-layout-flex\">\n<figure class=\"wp-block-image size-large\"><img loading=\"lazy\" decoding=\"async\" width=\"614\" height=\"1024\" data-id=\"25951\" src=\"https:\/\/i0.wp.com\/strachocin.archidiecezja.wroc.pl\/wp-content\/uploads\/2024\/02\/plakat-spotkania-dla-seniorow_4_jpg.jpg?resize=614%2C1024&#038;ssl=1\" alt=\"\" class=\"wp-image-25951\" srcset=\"https:\/\/i0.wp.com\/strachocin.archidiecezja.wroc.pl\/wp-content\/uploads\/2024\/02\/plakat-spotkania-dla-seniorow_4_jpg.jpg?resize=614%2C1024&amp;ssl=1 614w, https:\/\/i0.wp.com\/strachocin.archidiecezja.wroc.pl\/wp-content\/uploads\/2024\/02\/plakat-spotkania-dla-seniorow_4_jpg.jpg?resize=180%2C300&amp;ssl=1 180w, https:\/\/i0.wp.com\/strachocin.archidiecezja.wroc.pl\/wp-content\/uploads\/2024\/02\/plakat-spotkania-dla-seniorow_4_jpg.jpg?resize=768%2C1280&amp;ssl=1 768w, https:\/\/i0.wp.com\/strachocin.archidiecezja.wroc.pl\/wp-content\/uploads\/2024\/02\/plakat-spotkania-dla-seniorow_4_jpg.jpg?resize=922%2C1536&amp;ssl=1 922w, https:\/\/i0.wp.com\/strachocin.archidiecezja.wroc.pl\/wp-content\/uploads\/2024\/02\/plakat-spotkania-dla-seniorow_4_jpg.jpg?w=1134&amp;ssl=1 1134w\" sizes=\"(max-width: 614px) 100vw, 614px\" data-recalc-dims=\"1\" \/><\/figure>\n<\/figure>\n","protected":false},"excerpt":{"rendered":"<p>Rozpoczynamy cykl spotka\u0144 dedykowanych dla senior\u00f3w (ale zapraszamy te\u017c wszystkich innych ch\u0119tnych). B\u0119dziemy rozmawia\u0107 o zdrowiu, zainteresowaniach, uczy\u0107 si\u0119 nowych umiej\u0119tno\u015bci, zaprasza\u0107 ciekawych ludzi. Na pierwsze spotkanie &nbsp;zaprosili\u015bmy lekarza medycyny rodzinnej Zbigniewa Tyszkowskiego, kt\u00f3ry wraz z \u017con\u0105 sp\u0119dzi\u0142 prawie miesi\u0105c w Befasach na Madagaskarze w&nbsp;ramach wolontariatu&nbsp;medycznego&nbsp;Misji&nbsp;Ojc\u00f3w&nbsp;Oblat\u00f3w oraz&nbsp;Fundacji&nbsp;Redemptoris&nbsp;Missio. Pan doktor opowie [&hellip;]<\/p>\n","protected":false},"author":2,"featured_media":25951,"comment_status":"closed","ping_status":"open","sticky":false,"template":"","format":"standard","meta":{"_uag_custom_page_level_css":"","ngg_post_thumbnail":0,"footnotes":""},"categories":[12],"tags":[],"jetpack_featured_media_url":"https:\/\/i0.wp.com\/strachocin.archidiecezja.wroc.pl\/wp-content\/uploads\/2024\/02\/plakat-spotkania-dla-seniorow_4_jpg.jpg?fit=1134%2C1890&ssl=1","uagb_featured_image_src":{"full":["https:\/\/i0.wp.com\/strachocin.archidiecezja.wroc.pl\/wp-content\/uploads\/2024\/02\/plakat-spotkania-dla-seniorow_4_jpg.jpg?fit=1134%2C1890&ssl=1",1134,1890,false],"thumbnail":["https:\/\/i0.wp.com\/strachocin.archidiecezja.wroc.pl\/wp-content\/uploads\/2024\/02\/plakat-spotkania-dla-seniorow_4_jpg.jpg?resize=150%2C150&ssl=1",150,150,true],"medium":["https:\/\/i0.wp.com\/strachocin.archidiecezja.wroc.pl\/wp-content\/uploads\/2024\/02\/plakat-spotkania-dla-seniorow_4_jpg.jpg?fit=180%2C300&ssl=1",180,300,true],"medium_large":["https:\/\/i0.wp.com\/strachocin.archidiecezja.wroc.pl\/wp-content\/uploads\/2024\/02\/plakat-spotkania-dla-seniorow_4_jpg.jpg?fit=750%2C1250&ssl=1",750,1250,true],"large":["https:\/\/i0.wp.com\/strachocin.archidiecezja.wroc.pl\/wp-content\/uploads\/2024\/02\/plakat-spotkania-dla-seniorow_4_jpg.jpg?fit=614%2C1024&ssl=1",614,1024,true],"1536x1536":["https:\/\/i0.wp.com\/strachocin.archidiecezja.wroc.pl\/wp-content\/uploads\/2024\/02\/plakat-spotkania-dla-seniorow_4_jpg.jpg?fit=922%2C1536&ssl=1",922,1536,true],"2048x2048":["https:\/\/i0.wp.com\/strachocin.archidiecezja.wroc.pl\/wp-content\/uploads\/2024\/02\/plakat-spotkania-dla-seniorow_4_jpg.jpg?fit=1134%2C1890&ssl=1",1134,1890,true],"hestia-blog":["https:\/\/i0.wp.com\/strachocin.archidiecezja.wroc.pl\/wp-content\/uploads\/2024\/02\/plakat-spotkania-dla-seniorow_4_jpg.jpg?resize=360%2C240&ssl=1",360,240,true]},"uagb_author_info":{"display_name":"Proboszcz","author_link":"https:\/\/strachocin.archidiecezja.wroc.pl\/?author=2"},"uagb_comment_info":0,"uagb_excerpt":"Rozpoczynamy cykl spotka\u0144 dedykowanych dla senior\u00f3w (ale zapraszamy te\u017c wszystkich innych ch\u0119tnych). B\u0119dziemy rozmawia\u0107 o zdrowiu, zainteresowaniach, uczy\u0107 si\u0119 nowych umiej\u0119tno\u015bci, zaprasza\u0107 ciekawych ludzi. Na pierwsze spotkanie &nbsp;zaprosili\u015bmy lekarza medycyny rodzinnej Zbigniewa Tyszkowskiego, kt\u00f3ry wraz z \u017con\u0105 sp\u0119dzi\u0142 prawie miesi\u0105c w Befasach na Madagaskarze w&nbsp;ramach wolontariatu&nbsp;medycznego&nbsp;Misji&nbsp;Ojc\u00f3w&nbsp;Oblat\u00f3w oraz&nbsp;Fundacji&nbsp;Redemptoris&nbsp;Missio. Pan doktor opowie [&hellip;]","_links":{"self":[{"href":"https:\/\/strachocin.archidiecezja.wroc.pl\/index.php?rest_route=\/wp\/v2\/posts\/25950"}],"collection":[{"href":"https:\/\/strachocin.archidiecezja.wroc.pl\/index.php?rest_route=\/wp\/v2\/posts"}],"about":[{"href":"https:\/\/strachocin.archidiecezja.wroc.pl\/index.php?rest_route=\/wp\/v2\/types\/post"}],"author":[{"embeddable":true,"href":"https:\/\/strachocin.archidiecezja.wroc.pl\/index.php?rest_route=\/wp\/v2\/users\/2"}],"replies":[{"embeddable":true,"href":"https:\/\/strachocin.archidiecezja.wroc.pl\/index.php?rest_route=%2Fwp%2Fv2%2Fcomments&post=25950"}],"version-history":[{"count":1,"href":"https:\/\/strachocin.archidiecezja.wroc.pl\/index.php?rest_route=\/wp\/v2\/posts\/25950\/revisions"}],"predecessor-version":[{"id":25952,"href":"https:\/\/strachocin.archidiecezja.wroc.pl\/index.php?rest_route=\/wp\/v2\/posts\/25950\/revisions\/25952"}],"wp:featuredmedia":[{"embeddable":true,"href":"https:\/\/strachocin.archidiecezja.wroc.pl\/index.php?rest_route=\/wp\/v2\/media\/25951"}],"wp:attachment":[{"href":"https:\/\/strachocin.archidiecezja.wroc.pl\/index.php?rest_route=%2Fwp%2Fv2%2Fmedia&parent=25950"}],"wp:term":[{"taxonomy":"category","embeddable":true,"href":"https:\/\/strachocin.archidiecezja.wroc.pl\/index.php?rest_route=%2Fwp%2Fv2%2Fcategories&post=25950"},{"taxonomy":"post_tag","embeddable":true,"href":"https:\/\/strachocin.archidiecezja.wroc.pl\/index.php?rest_route=%2Fwp%2Fv2%2Ftags&post=25950"}],"curies":[{"name":"wp","href":"https:\/\/api.w.org\/{rel}","templated":true}]}}