{"id":25295,"date":"2023-09-02T10:23:02","date_gmt":"2023-09-02T08:23:02","guid":{"rendered":"http:\/\/strachocin.test.archidiecezja.wroc.pl\/_nowa-wp\/?p=25295"},"modified":"2023-09-11T23:05:05","modified_gmt":"2023-09-11T21:05:05","slug":"intencje-mszalne-03-09-2023-10-09-2023","status":"publish","type":"post","link":"https:\/\/strachocin.archidiecezja.wroc.pl\/?p=25295","title":{"rendered":"Intencje mszalne &#8211; 03.09.2023 -10.09.2023"},"content":{"rendered":"\n<p><\/p>\n\n\n\n<pre class=\"wp-block-preformatted pre-like-hestia\"><strong>Niedziela, 22 NIEDZIELA ZWYK\u0141A 3 wrze\u015bnia 2023<\/strong>\n\n08:00  + Kazimiera - 3 Msza gregoria\u0144ska                                     \n\n09:30  Od Kr\u0119gu Domowego Ko\u015bcio\u0142a \u015bw. Maksymiliana - o Bo\u017ce b\u0142og. dla Ks. Krzysztofa\n09:30  O Bo\u017ce b\u0142og. dla Wsp\u00f3lnoty \u017bywego R\u00f3\u017ca\u0144ca                 \n\n11:00  O Bo\u017ce b\u0142og. i potrzebne \u0142aski dla Magdaleny i Jaros\u0142awa w 1 rocznic\u0119 zawarcia Ma\u0142\u017ce\u0144stwa\n11:00  O Bo\u017ce b\u0142og. i potrzebne \u0142aski dla Mateusza w 18 rocznic\u0119 urodzin oraz dla Rodze\u0144stwa                                                                                                                               \n\n12:30  O Bo\u017ce b\u0142og. i potrzebne \u0142aski dla Oli i Eliasza w 7 rocznic\u0119 zawarcia Ma\u0142\u017ce\u0144stwa                                   \n\n18:00  ++ Anna i Ludwik Liczner, ++ z Rodziny Liczner i Zaczek\n18:00  + Miros\u0142aw Bronkowski - 5 rocznica \u015bmierci, ++ Rodzice: Sabina i Micha\u0142                                                                                  \n\n20:00  O Bo\u017ce b\u0142og. i zdrowie dla Natalii\n\n<strong>Poniedzia\u0142ek, 4 wrze\u015bnia<\/strong>\n\n09:00  + Kazimiera - 4 Msza gregoria\u0144ska \n\n18:00  Dzi\u0119kczynna za 47 lat Ma\u0142\u017ce\u0144stwa Barbary i Marka z pro\u015bb\u0105 o Bo\u017ce b\u0142ogos\u0142awie\u0144stwo i potrzebne \u0142aski                                                                                                                                                                                    \n18:00  + Zdzis\u0142aw Borowski \n\n<strong>Wtorek, 5 wrze\u015bnia <\/strong>            \n\n09:00  + Kazimiera - 5 Msza gregoria\u0144ska                                                                    \n\n18:00  + Teresa Fary\u015b - miesi\u0105c po \u015bmierci\n18:00  O Bo\u017ce b\u0142og. dla Pauliny w 30 rocznic\u0119 urodzin\n\n<strong>\u015aroda, 6 wrze\u015bnia <\/strong>                              \n\n09:00  + Kazimiera - 6 Msza gregoria\u0144ska    \n\n18:00  + Teodora (ona) Lorent - 4 rocznica \u015bmierci                                                                                       \n\n<strong>Czwartek, 7 wrze\u015bnia<\/strong>\n\n09:00  + Kazimiera - 7 Msza gregoria\u0144ska\n09:00  O Bo\u017ce b\u0142og. dla Beaty z pro\u015bb\u0105 aby Matka Bo\u017ca czuwa\u0142a nad wype\u0142nieniem woli Bo\u017cej w jej \u017cyciu                                   \n\n18:00  + Bogus\u0142aw - 20 rocznica \u015bmierci\n18:00  O Bo\u017ce b\u0142og. i \u015bwiat\u0142o Ducha \u015awi\u0119tego dla Anny w podj\u0119ciu nowej pracy                                                                                                                                                                           \n<strong>\nPi\u0105tek, 8 wrze\u015bnia. \u015awi\u0119to Narodzenia NMP<\/strong>\n\n09:00  + Kazimiera - 8 Msza gregoria\u0144ska\n\n18:00  + Stanis\u0142aw - 25 rocznica \u015bmierci, ++ Janina, Stefan, Alfred, Czes\u0142awa (ona) oraz ++ z Rodziny                                                                                                                                          \n\n<strong>Sobota, 9 wrze\u015bnia <\/strong>   \n\n09:00  + Kazimiera - 9 Msza gregoria\u0144ska\n09:00  O Bo\u017ce b\u0142og. dla Aleksandry i Krzysztofa w 5 rocznic\u0119 zawarcia Ma\u0142\u017ce\u0144stwa oraz w 25 rocznic\u0119 urodzin Aleksandry i 1 rocznic\u0119 urodzin Benedykta   \n\n18:00  + Andrzej - 4 rocznica \u015bmierci                                         \n\n \n<strong>NIEDZIELA, 10 wrze\u015bnia. Dwudziesta trzecia niedziela zwyk\u0142a<\/strong>\n\n08:00  + Kazimiera - 10 Msza gregoria\u0144ska                                     \n\n09:30  O powodzenie w operacji przywracaj\u0105cej s\u0142uch Helence\n09:30  Dzi\u0119kczynna dla pary Animator\u00f3w Kr\u0119gu \u015bw. Maksymiliana za s\u0142u\u017cb\u0119 w zesz\u0142ym roku                   \n\n11:00  O Bo\u017ce b\u0142og. dla Antoniego w 3 rocznic\u0119 urodzin i Klary w 1 rocznic\u0119 urodzin \n11:00  + W\u0142adys\u0142awa Polica - miesi\u0105c po pogrzebie                                                                                                                                \n\n12:30  O nawr\u00f3cenie i \u017cycie wieczne dla Micha\u0142a i Macieja\n12:30  Dzi\u0119kczynna w 18 rocznic\u0119 urodzin Marysi z pro\u015bb\u0105 o Bo\u017ce b\u0142ogos\u0142awie\u0144stwo                                    \n\n18:00  + Jan Malenta - 4 rocznica \u015bmierci i za ++ Rodzic\u00f3w z obu stron\n18:00  O Bo\u017ce b\u0142og. dla Fabiana w 3 rocznic\u0119 urodzin oraz o Bo\u017ce b\u0142og. dla Rodzic\u00f3w\n\n20:00  O Bo\u017ce b\u0142og. i potrzebne \u0142aski dla Hanny<\/pre>\n","protected":false},"excerpt":{"rendered":"<p>Niedziela, 22 NIEDZIELA ZWYK\u0141A 3 wrze\u015bnia 2023 08:00 + Kazimiera &#8211; 3 Msza gregoria\u0144ska 09:30 Od Kr\u0119gu Domowego Ko\u015bcio\u0142a \u015bw. Maksymiliana &#8211; o Bo\u017ce b\u0142og. dla Ks. Krzysztofa 09:30 O Bo\u017ce b\u0142og. dla Wsp\u00f3lnoty \u017bywego R\u00f3\u017ca\u0144ca 11:00 O Bo\u017ce b\u0142og. i potrzebne \u0142aski dla Magdaleny i Jaros\u0142awa w 1 rocznic\u0119 [&hellip;]<\/p>\n","protected":false},"author":1,"featured_media":25073,"comment_status":"closed","ping_status":"open","sticky":false,"template":"","format":"standard","meta":{"_uag_custom_page_level_css":"","ngg_post_thumbnail":0,"footnotes":""},"categories":[11],"tags":[],"jetpack_featured_media_url":"https:\/\/i0.wp.com\/strachocin.archidiecezja.wroc.pl\/wp-content\/uploads\/2023\/01\/intencje.png?fit=450%2C450&ssl=1","uagb_featured_image_src":{"full":["https:\/\/i0.wp.com\/strachocin.archidiecezja.wroc.pl\/wp-content\/uploads\/2023\/01\/intencje.png?fit=450%2C450&ssl=1",450,450,false],"thumbnail":["https:\/\/i0.wp.com\/strachocin.archidiecezja.wroc.pl\/wp-content\/uploads\/2023\/01\/intencje.png?resize=150%2C150&ssl=1",150,150,true],"medium":["https:\/\/i0.wp.com\/strachocin.archidiecezja.wroc.pl\/wp-content\/uploads\/2023\/01\/intencje.png?fit=300%2C300&ssl=1",300,300,true],"medium_large":["https:\/\/i0.wp.com\/strachocin.archidiecezja.wroc.pl\/wp-content\/uploads\/2023\/01\/intencje.png?fit=450%2C450&ssl=1",450,450,true],"large":["https:\/\/i0.wp.com\/strachocin.archidiecezja.wroc.pl\/wp-content\/uploads\/2023\/01\/intencje.png?fit=450%2C450&ssl=1",450,450,true],"1536x1536":["https:\/\/i0.wp.com\/strachocin.archidiecezja.wroc.pl\/wp-content\/uploads\/2023\/01\/intencje.png?fit=450%2C450&ssl=1",450,450,true],"2048x2048":["https:\/\/i0.wp.com\/strachocin.archidiecezja.wroc.pl\/wp-content\/uploads\/2023\/01\/intencje.png?fit=450%2C450&ssl=1",450,450,true],"hestia-blog":["https:\/\/i0.wp.com\/strachocin.archidiecezja.wroc.pl\/wp-content\/uploads\/2023\/01\/intencje.png?resize=360%2C240&ssl=1",360,240,true]},"uagb_author_info":{"display_name":"tomekr","author_link":"https:\/\/strachocin.archidiecezja.wroc.pl\/?author=1"},"uagb_comment_info":0,"uagb_excerpt":"Niedziela, 22 NIEDZIELA ZWYK\u0141A 3 wrze\u015bnia 2023 08:00 + Kazimiera - 3 Msza gregoria\u0144ska 09:30 Od Kr\u0119gu Domowego Ko\u015bcio\u0142a \u015bw. Maksymiliana - o Bo\u017ce b\u0142og. dla Ks. Krzysztofa 09:30 O Bo\u017ce b\u0142og. dla Wsp\u00f3lnoty \u017bywego R\u00f3\u017ca\u0144ca 11:00 O Bo\u017ce b\u0142og. i potrzebne \u0142aski dla Magdaleny i Jaros\u0142awa w 1 rocznic\u0119 [&hellip;]","_links":{"self":[{"href":"https:\/\/strachocin.archidiecezja.wroc.pl\/index.php?rest_route=\/wp\/v2\/posts\/25295"}],"collection":[{"href":"https:\/\/strachocin.archidiecezja.wroc.pl\/index.php?rest_route=\/wp\/v2\/posts"}],"about":[{"href":"https:\/\/strachocin.archidiecezja.wroc.pl\/index.php?rest_route=\/wp\/v2\/types\/post"}],"author":[{"embeddable":true,"href":"https:\/\/strachocin.archidiecezja.wroc.pl\/index.php?rest_route=\/wp\/v2\/users\/1"}],"replies":[{"embeddable":true,"href":"https:\/\/strachocin.archidiecezja.wroc.pl\/index.php?rest_route=%2Fwp%2Fv2%2Fcomments&post=25295"}],"version-history":[{"count":2,"href":"https:\/\/strachocin.archidiecezja.wroc.pl\/index.php?rest_route=\/wp\/v2\/posts\/25295\/revisions"}],"predecessor-version":[{"id":25305,"href":"https:\/\/strachocin.archidiecezja.wroc.pl\/index.php?rest_route=\/wp\/v2\/posts\/25295\/revisions\/25305"}],"wp:featuredmedia":[{"embeddable":true,"href":"https:\/\/strachocin.archidiecezja.wroc.pl\/index.php?rest_route=\/wp\/v2\/media\/25073"}],"wp:attachment":[{"href":"https:\/\/strachocin.archidiecezja.wroc.pl\/index.php?rest_route=%2Fwp%2Fv2%2Fmedia&parent=25295"}],"wp:term":[{"taxonomy":"category","embeddable":true,"href":"https:\/\/strachocin.archidiecezja.wroc.pl\/index.php?rest_route=%2Fwp%2Fv2%2Fcategories&post=25295"},{"taxonomy":"post_tag","embeddable":true,"href":"https:\/\/strachocin.archidiecezja.wroc.pl\/index.php?rest_route=%2Fwp%2Fv2%2Ftags&post=25295"}],"curies":[{"name":"wp","href":"https:\/\/api.w.org\/{rel}","templated":true}]}}