{"id":25283,"date":"2023-08-29T20:01:00","date_gmt":"2023-08-29T18:01:00","guid":{"rendered":"http:\/\/strachocin.test.archidiecezja.wroc.pl\/_nowa-wp\/?p=25283"},"modified":"2023-08-29T20:01:03","modified_gmt":"2023-08-29T18:01:03","slug":"intencje-mszalne-27-08-2023-03-09-2023","status":"publish","type":"post","link":"https:\/\/strachocin.archidiecezja.wroc.pl\/?p=25283","title":{"rendered":"Intencje mszalne &#8211; 27.08.2023 -03.09.2023"},"content":{"rendered":"\n<p><\/p>\n\n\n\n<pre class=\"wp-block-preformatted pre-like-hestia\">N<strong>iedziela, 21 NIEDZIELA ZWYK\u0141A 27 sierpnia 2023<\/strong>\n\n 8:00  + El\u017cbieta Adaszy\u0144ska (miesi\u0105c po pogrzebie)\n 9:30\t1. ++ Kasia Rudawy (21. rocz. \u015bmierci), Zofia Czepik (66. rocz. \u015bmierci)\n\t2. O szcz\u0119\u015bliw\u0105 operacj\u0119 dla Paw\u0142a\n11:00\t1. Jadwiga Kaca (1. rocznica \u015bmierci)\n\t2. ++ Marianna (1. rocznica \u015bmierci), Ewaryst G\u0142\u00f3wczy\u0144scy\n12:30\t1. O Bo\u017ce b\u0142ogos\u0142awie\u0144stwo dla Micha\u0142a w 7. rocznic\u0119 urodzin\n\t2. + Gabriela Pojasek (greg. 27)\n18:00\tO Bo\u017ce b\u0142ogos\u0142awie\u0144stwo dla Grzegorza z okazji urodzin\n20:00\t1. + Irena Wietrychowska (miesi\u0105c po pogrzebie)\n\t2. Dzi\u0119kczynna za Bo\u017c\u0105 opiek\u0119 i uratowanie \u017cycia oraz o Bo\u017ce b\u0142ogos\u0142awie\u0144stwo i nawr\u00f3cenie rodziny\n\n<strong>Poniedzia\u0142ek \u015aw. Augustyna, 28 sierpnia 2023<\/strong>\n 9:00\t+ \u0141ukasz\n18:00\t+ Gabriela Pojasek (greg. 28)\n\n<strong>Wtorek M\u0119cze\u0144stwo \u015bw. Jana Chrzciciela 29 sierpnia 2023<\/strong>\n 9:00\tDzi\u0119kczynna za szcz\u0119\u015bliwe rozwi\u0105zanie Patrycji z pro\u015bb\u0105 o Bo\u017ce b\u0142og. dla mamy i dziecka\n18:00\t+ Gabriela Pojasek (greg. 29)\n\n<strong>\u015aroda 30 sierpnia 2023<\/strong>\n 9:00\t++ Zofia, Czes\u0142aw, rodze\u0144stwo, rodzice\n18:00\t+ Gabriela Pojasek (greg. 30)\n\n<strong>Czwartek 31 sierpnia 2023<\/strong>\n 9:00\t+ Lech Rzemykowski\n18:00\tO Bo\u017ce b\u0142ogos\u0142awie\u0144stwo dla Jolanty i Krzysztofa w 26. rocznic\u0119 \u015blubu oraz dla Dominika w 15. Rocznic\u0119 urodzin\n\n<strong>Pi\u0105tek 1 wrze\u015bnia 2023\n<\/strong> 9:00\t++ Klaudia, Bronis\u0142aw, Leontyna, Marian\n18:00\t+ Kazimiera (greg. 1)\n\n<strong>Sobota 2 wrze\u015bnia 2023\n<\/strong> 9:00\t+ Kazimiera (greg. 2)\n18:00\t++ Jan Lo\u0142odziej, El\u017cbieta, Stefan Duma\u0144scy\n\n<strong>Niedziela 22 NIEDZIELA ZWYK\u0141A 3 wrze\u015bnia 2020<\/strong>\n 8:00\t+ Kazimiera (greg. 3)\n 9:30\t1. W intencji R\u00f3\u017c \u017bywego R\u00f3\u017ca\u0144ca i ich rodzin\n\t2. O Bo\u017ce b\u0142ogos\u0142awie\u0144stwo dla ks. Krzysztofa od kr\u0119gu \u015bw. Maksymiliana\n11:00\t1. O Bo\u017ce b\u0142ogos\u0142awie\u0144stwo dla Magdaleny i Jaros\u0142awa w 1. rocznic\u0119 \u015blubu\n\t2 .O Bo\u017ce b\u0142ogo. dla Mateusza w 18. Rocznic\u0119 urodzin oraz dla rodze\u0144stwa\n12:30\t1. O Bo\u017ce b\u0142ogos\u0142awie\u0144stwo dla Oli i Eliasza w 7. rocznic\u0119 \u015blubu\n\t2. W intencji dziecka\n18:00\t1. ++Anna, Ludwik Liczner i za zmar\u0142ych z rodziny Liczner i Zaczek\n\t2. ++ Miros\u0142aw Bronkowski (5. rocznica \u015bmierci), rodzice Sabina i Micha\u0142\n20:00\tO Bo\u017ce b\u0142ogos\u0142awie\u0144stwo i zdrowie dla Natalii<\/pre>\n","protected":false},"excerpt":{"rendered":"<p>Niedziela, 21 NIEDZIELA ZWYK\u0141A 27 sierpnia 2023 8:00 + El\u017cbieta Adaszy\u0144ska (miesi\u0105c po pogrzebie) 9:30 1. ++ Kasia Rudawy (21. rocz. \u015bmierci), Zofia Czepik (66. rocz. \u015bmierci) 2. O szcz\u0119\u015bliw\u0105 operacj\u0119 dla Paw\u0142a 11:00 1. Jadwiga Kaca (1. rocznica \u015bmierci) 2. ++ Marianna (1. rocznica \u015bmierci), Ewaryst G\u0142\u00f3wczy\u0144scy 12:30 1. [&hellip;]<\/p>\n","protected":false},"author":1,"featured_media":25073,"comment_status":"closed","ping_status":"open","sticky":false,"template":"","format":"standard","meta":{"_uag_custom_page_level_css":"","ngg_post_thumbnail":0,"footnotes":""},"categories":[11],"tags":[],"jetpack_featured_media_url":"https:\/\/i0.wp.com\/strachocin.archidiecezja.wroc.pl\/wp-content\/uploads\/2023\/01\/intencje.png?fit=450%2C450&ssl=1","uagb_featured_image_src":{"full":["https:\/\/i0.wp.com\/strachocin.archidiecezja.wroc.pl\/wp-content\/uploads\/2023\/01\/intencje.png?fit=450%2C450&ssl=1",450,450,false],"thumbnail":["https:\/\/i0.wp.com\/strachocin.archidiecezja.wroc.pl\/wp-content\/uploads\/2023\/01\/intencje.png?resize=150%2C150&ssl=1",150,150,true],"medium":["https:\/\/i0.wp.com\/strachocin.archidiecezja.wroc.pl\/wp-content\/uploads\/2023\/01\/intencje.png?fit=300%2C300&ssl=1",300,300,true],"medium_large":["https:\/\/i0.wp.com\/strachocin.archidiecezja.wroc.pl\/wp-content\/uploads\/2023\/01\/intencje.png?fit=450%2C450&ssl=1",450,450,true],"large":["https:\/\/i0.wp.com\/strachocin.archidiecezja.wroc.pl\/wp-content\/uploads\/2023\/01\/intencje.png?fit=450%2C450&ssl=1",450,450,true],"1536x1536":["https:\/\/i0.wp.com\/strachocin.archidiecezja.wroc.pl\/wp-content\/uploads\/2023\/01\/intencje.png?fit=450%2C450&ssl=1",450,450,true],"2048x2048":["https:\/\/i0.wp.com\/strachocin.archidiecezja.wroc.pl\/wp-content\/uploads\/2023\/01\/intencje.png?fit=450%2C450&ssl=1",450,450,true],"hestia-blog":["https:\/\/i0.wp.com\/strachocin.archidiecezja.wroc.pl\/wp-content\/uploads\/2023\/01\/intencje.png?resize=360%2C240&ssl=1",360,240,true]},"uagb_author_info":{"display_name":"tomekr","author_link":"https:\/\/strachocin.archidiecezja.wroc.pl\/?author=1"},"uagb_comment_info":0,"uagb_excerpt":"Niedziela, 21 NIEDZIELA ZWYK\u0141A 27 sierpnia 2023 8:00 + El\u017cbieta Adaszy\u0144ska (miesi\u0105c po pogrzebie) 9:30 1. ++ Kasia Rudawy (21. rocz. \u015bmierci), Zofia Czepik (66. rocz. \u015bmierci) 2. O szcz\u0119\u015bliw\u0105 operacj\u0119 dla Paw\u0142a 11:00 1. Jadwiga Kaca (1. rocznica \u015bmierci) 2. ++ Marianna (1. rocznica \u015bmierci), Ewaryst G\u0142\u00f3wczy\u0144scy 12:30 1. [&hellip;]","_links":{"self":[{"href":"https:\/\/strachocin.archidiecezja.wroc.pl\/index.php?rest_route=\/wp\/v2\/posts\/25283"}],"collection":[{"href":"https:\/\/strachocin.archidiecezja.wroc.pl\/index.php?rest_route=\/wp\/v2\/posts"}],"about":[{"href":"https:\/\/strachocin.archidiecezja.wroc.pl\/index.php?rest_route=\/wp\/v2\/types\/post"}],"author":[{"embeddable":true,"href":"https:\/\/strachocin.archidiecezja.wroc.pl\/index.php?rest_route=\/wp\/v2\/users\/1"}],"replies":[{"embeddable":true,"href":"https:\/\/strachocin.archidiecezja.wroc.pl\/index.php?rest_route=%2Fwp%2Fv2%2Fcomments&post=25283"}],"version-history":[{"count":1,"href":"https:\/\/strachocin.archidiecezja.wroc.pl\/index.php?rest_route=\/wp\/v2\/posts\/25283\/revisions"}],"predecessor-version":[{"id":25284,"href":"https:\/\/strachocin.archidiecezja.wroc.pl\/index.php?rest_route=\/wp\/v2\/posts\/25283\/revisions\/25284"}],"wp:featuredmedia":[{"embeddable":true,"href":"https:\/\/strachocin.archidiecezja.wroc.pl\/index.php?rest_route=\/wp\/v2\/media\/25073"}],"wp:attachment":[{"href":"https:\/\/strachocin.archidiecezja.wroc.pl\/index.php?rest_route=%2Fwp%2Fv2%2Fmedia&parent=25283"}],"wp:term":[{"taxonomy":"category","embeddable":true,"href":"https:\/\/strachocin.archidiecezja.wroc.pl\/index.php?rest_route=%2Fwp%2Fv2%2Fcategories&post=25283"},{"taxonomy":"post_tag","embeddable":true,"href":"https:\/\/strachocin.archidiecezja.wroc.pl\/index.php?rest_route=%2Fwp%2Fv2%2Ftags&post=25283"}],"curies":[{"name":"wp","href":"https:\/\/api.w.org\/{rel}","templated":true}]}}